{"id":8111,"date":"2009-06-08T17:19:02","date_gmt":"2009-06-08T17:19:02","guid":{"rendered":"http:\/\/agenciainclusive.wordpress.com\/?p=8111"},"modified":"2009-06-08T17:19:02","modified_gmt":"2009-06-08T17:19:02","slug":"preconceito-a-midia-reverte-tudo","status":"publish","type":"post","link":"https:\/\/inclusivenews.com.br\/?p=8111","title":{"rendered":"Preconceito: a m\u00eddia reverte tudo"},"content":{"rendered":"<p><span>Marlen Lincoln da Silva<\/span><br \/>\n06\u00a0Jun\u00a02009 &#8211; 02h12min<\/p>\n<p><!-- Fotos da not\u00edcia --> <!-- \/Fotos da not\u00edcia --> <!-- CORPO DA NOTICIA --> <!-- TEXTO NOTICIA --><\/p>\n<div id=\"textoNoticia\">A boa apar\u00eancia f\u00edsica tem sido uma das maiores imposi\u00e7\u00f5es da sociedade atual. Na m\u00eddia televisiva, rep\u00f3rteres e apresentadores s\u00e3o s\u00edmbolos de beleza e boa apar\u00eancia.<\/p>\n<p>A incorpora\u00e7\u00e3o de deficientes f\u00edsicos na m\u00eddia televisiva seria recebida pelos telespectadores com estranheza. De fato, acostumados com uma televis\u00e3o na qual se valoriza o belo, os brasileiros deixariam aflorar o preconceito, enquanto que o valor \u00e0 compet\u00eancia seria esquecido, pelo menos inicialmente.<\/p>\n<p>No entanto, apesar da poss\u00edvel recusa inicial, os telespectadores certamente iriam acostumar-se devido ao grande poder de influ\u00eancia da televis\u00e3o na sociedade brasileira. Da\u00ed, \u00e9 perfeitamente poss\u00edvel a inclus\u00e3o de deficientes nesse meio.<\/p>\n<p>A mudan\u00e7a de mentalidade, no sentido de dar maior valor \u00e0 compet\u00eancia e \u00e0 inclus\u00e3o social, deve ocorrer inicialmente com aqueles que coordenam a m\u00eddia televisiva. Depois disso, a mudan\u00e7a tamb\u00e9m ocorrer\u00e1 com os telespectadores.<\/p>\n<p>\u00c9 muito importante que essa incorpora\u00e7\u00e3o ocorra, pois, no Brasil, ainda existe bastante preconceito. A m\u00eddia deveria usar sua influ\u00eancia para ajudar a reverter esse quadro.<\/p>\n<p><strong>Marlen Lincoln da Silva<\/strong> &#8211;  ALUNA DO 3\u00b0 02 T, COL\u00c9GIO ARI DE S\u00c1 &#8211; ALDEOTA<\/div>\n<div><\/div>\n<div>Fonte: <a href=\"http:\/\/www.opovo.com.br\/opovo\/jornaldoleitor\/882388.html\">http:\/\/www.opovo.com.br\/opovo\/jornaldoleitor\/882388.html<\/a><\/div>\n","protected":false},"excerpt":{"rendered":"<p>Marlen Lincoln da Silva 06\u00a0Jun\u00a02009 &#8211; 02h12min A boa apar\u00eancia f\u00edsica tem sido uma das maiores imposi\u00e7\u00f5es da sociedade atual. Na m\u00eddia televisiva, rep\u00f3rteres e apresentadores s\u00e3o s\u00edmbolos de beleza e boa apar\u00eancia. A incorpora\u00e7\u00e3o de deficientes f\u00edsicos na m\u00eddia televisiva seria recebida pelos telespectadores com estranheza. De fato, acostumados com uma televis\u00e3o na qual [&hellip;]<\/p>\n","protected":false},"author":2,"featured_media":0,"comment_status":"open","ping_status":"open","sticky":false,"template":"","format":"standard","meta":{"site-container-style":"default","site-container-layout":"default","site-sidebar-layout":"default","disable-article-header":"default","disable-site-header":"default","disable-site-footer":"default","disable-content-area-spacing":"default","footnotes":""},"categories":[8],"tags":[],"class_list":["post-8111","post","type-post","status-publish","format-standard","hentry","category-textos-e-artigos"],"yoast_head":"<!-- This site is optimized with the Yoast SEO plugin v27.4 - https:\/\/yoast.com\/product\/yoast-seo-wordpress\/ -->\n<title>Preconceito: a m\u00eddia reverte tudo -<\/title>\n<meta name=\"robots\" content=\"index, follow, max-snippet:-1, max-image-preview:large, max-video-preview:-1\" \/>\n<link rel=\"canonical\" href=\"https:\/\/inclusivenews.com.br\/?p=8111\" \/>\n<meta property=\"og:locale\" content=\"pt_PT\" \/>\n<meta property=\"og:type\" content=\"article\" \/>\n<meta property=\"og:title\" content=\"Preconceito: a m\u00eddia reverte tudo -\" \/>\n<meta property=\"og:description\" content=\"Marlen Lincoln da Silva 06\u00a0Jun\u00a02009 &#8211; 02h12min A boa apar\u00eancia f\u00edsica tem sido uma das maiores imposi\u00e7\u00f5es da sociedade atual. Na m\u00eddia televisiva, rep\u00f3rteres e apresentadores s\u00e3o s\u00edmbolos de beleza e boa apar\u00eancia. A incorpora\u00e7\u00e3o de deficientes f\u00edsicos na m\u00eddia televisiva seria recebida pelos telespectadores com estranheza. De fato, acostumados com uma televis\u00e3o na qual [&hellip;]\" \/>\n<meta property=\"og:url\" content=\"https:\/\/inclusivenews.com.br\/?p=8111\" \/>\n<meta property=\"article:publisher\" content=\"https:\/\/www.facebook.com\/agenciainclusive\/\" \/>\n<meta property=\"article:published_time\" content=\"2009-06-08T17:19:02+00:00\" \/>\n<meta name=\"author\" content=\"Inclusive\" \/>\n<meta name=\"twitter:card\" content=\"summary_large_image\" \/>\n<meta name=\"twitter:label1\" content=\"Escrito por\" \/>\n\t<meta name=\"twitter:data1\" content=\"Inclusive\" \/>\n\t<meta name=\"twitter:label2\" content=\"Tempo estimado de leitura\" \/>\n\t<meta name=\"twitter:data2\" content=\"1 minuto\" \/>\n<script type=\"application\/ld+json\" class=\"yoast-schema-graph\">{\"@context\":\"https:\\\/\\\/schema.org\",\"@graph\":[{\"@type\":\"Article\",\"@id\":\"https:\\\/\\\/inclusivenews.com.br\\\/?p=8111#article\",\"isPartOf\":{\"@id\":\"https:\\\/\\\/inclusivenews.com.br\\\/?p=8111\"},\"author\":{\"name\":\"Inclusive\",\"@id\":\"https:\\\/\\\/inclusivenews.com.br\\\/#\\\/schema\\\/person\\\/0dab492019871b94abb65fa8ee7c8c44\"},\"headline\":\"Preconceito: a m\u00eddia reverte tudo\",\"datePublished\":\"2009-06-08T17:19:02+00:00\",\"mainEntityOfPage\":{\"@id\":\"https:\\\/\\\/inclusivenews.com.br\\\/?p=8111\"},\"wordCount\":223,\"commentCount\":2,\"publisher\":{\"@id\":\"https:\\\/\\\/inclusivenews.com.br\\\/#organization\"},\"articleSection\":[\"OPINI\u00c3O\"],\"inLanguage\":\"pt-PT\",\"potentialAction\":[{\"@type\":\"CommentAction\",\"name\":\"Comment\",\"target\":[\"https:\\\/\\\/inclusivenews.com.br\\\/?p=8111#respond\"]}]},{\"@type\":\"WebPage\",\"@id\":\"https:\\\/\\\/inclusivenews.com.br\\\/?p=8111\",\"url\":\"https:\\\/\\\/inclusivenews.com.br\\\/?p=8111\",\"name\":\"Preconceito: a m\u00eddia reverte tudo -\",\"isPartOf\":{\"@id\":\"https:\\\/\\\/inclusivenews.com.br\\\/#website\"},\"datePublished\":\"2009-06-08T17:19:02+00:00\",\"breadcrumb\":{\"@id\":\"https:\\\/\\\/inclusivenews.com.br\\\/?p=8111#breadcrumb\"},\"inLanguage\":\"pt-PT\",\"potentialAction\":[{\"@type\":\"ReadAction\",\"target\":[\"https:\\\/\\\/inclusivenews.com.br\\\/?p=8111\"]}]},{\"@type\":\"BreadcrumbList\",\"@id\":\"https:\\\/\\\/inclusivenews.com.br\\\/?p=8111#breadcrumb\",\"itemListElement\":[{\"@type\":\"ListItem\",\"position\":1,\"name\":\"In\u00edcio\",\"item\":\"https:\\\/\\\/inclusivenews.com.br\\\/\"},{\"@type\":\"ListItem\",\"position\":2,\"name\":\"Preconceito: a m\u00eddia reverte tudo\"}]},{\"@type\":\"WebSite\",\"@id\":\"https:\\\/\\\/inclusivenews.com.br\\\/#website\",\"url\":\"https:\\\/\\\/inclusivenews.com.br\\\/\",\"name\":\"Inclusive News\",\"description\":\"Inclusive News\",\"publisher\":{\"@id\":\"https:\\\/\\\/inclusivenews.com.br\\\/#organization\"},\"potentialAction\":[{\"@type\":\"SearchAction\",\"target\":{\"@type\":\"EntryPoint\",\"urlTemplate\":\"https:\\\/\\\/inclusivenews.com.br\\\/?s={search_term_string}\"},\"query-input\":{\"@type\":\"PropertyValueSpecification\",\"valueRequired\":true,\"valueName\":\"search_term_string\"}}],\"inLanguage\":\"pt-PT\"},{\"@type\":\"Organization\",\"@id\":\"https:\\\/\\\/inclusivenews.com.br\\\/#organization\",\"name\":\"Inclusive - inclus\u00e3o e cidadania\",\"url\":\"https:\\\/\\\/inclusivenews.com.br\\\/\",\"logo\":{\"@type\":\"ImageObject\",\"inLanguage\":\"pt-PT\",\"@id\":\"https:\\\/\\\/inclusivenews.com.br\\\/#\\\/schema\\\/logo\\\/image\\\/\",\"url\":\"https:\\\/\\\/inclusivenews.com.br\\\/wp-content\\\/uploads\\\/2024\\\/03\\\/@grandesite.png\",\"contentUrl\":\"https:\\\/\\\/inclusivenews.com.br\\\/wp-content\\\/uploads\\\/2024\\\/03\\\/@grandesite.png\",\"width\":1080,\"height\":1080,\"caption\":\"Inclusive - inclus\u00e3o e cidadania\"},\"image\":{\"@id\":\"https:\\\/\\\/inclusivenews.com.br\\\/#\\\/schema\\\/logo\\\/image\\\/\"},\"sameAs\":[\"https:\\\/\\\/www.facebook.com\\\/agenciainclusive\\\/\",\"https:\\\/\\\/www.instagram.com\\\/newsinclusive\\\/\"]},{\"@type\":\"Person\",\"@id\":\"https:\\\/\\\/inclusivenews.com.br\\\/#\\\/schema\\\/person\\\/0dab492019871b94abb65fa8ee7c8c44\",\"name\":\"Inclusive\",\"image\":{\"@type\":\"ImageObject\",\"inLanguage\":\"pt-PT\",\"@id\":\"https:\\\/\\\/secure.gravatar.com\\\/avatar\\\/?s=96&d=mm&r=g\",\"url\":\"https:\\\/\\\/secure.gravatar.com\\\/avatar\\\/?s=96&d=mm&r=g\",\"contentUrl\":\"https:\\\/\\\/secure.gravatar.com\\\/avatar\\\/?s=96&d=mm&r=g\",\"caption\":\"Inclusive\"},\"url\":\"https:\\\/\\\/inclusivenews.com.br\\\/?author=2\"}]}<\/script>\n<!-- \/ Yoast SEO plugin. -->","yoast_head_json":{"title":"Preconceito: a m\u00eddia reverte tudo -","robots":{"index":"index","follow":"follow","max-snippet":"max-snippet:-1","max-image-preview":"max-image-preview:large","max-video-preview":"max-video-preview:-1"},"canonical":"https:\/\/inclusivenews.com.br\/?p=8111","og_locale":"pt_PT","og_type":"article","og_title":"Preconceito: a m\u00eddia reverte tudo -","og_description":"Marlen Lincoln da Silva 06\u00a0Jun\u00a02009 &#8211; 02h12min A boa apar\u00eancia f\u00edsica tem sido uma das maiores imposi\u00e7\u00f5es da sociedade atual. Na m\u00eddia televisiva, rep\u00f3rteres e apresentadores s\u00e3o s\u00edmbolos de beleza e boa apar\u00eancia. A incorpora\u00e7\u00e3o de deficientes f\u00edsicos na m\u00eddia televisiva seria recebida pelos telespectadores com estranheza. De fato, acostumados com uma televis\u00e3o na qual [&hellip;]","og_url":"https:\/\/inclusivenews.com.br\/?p=8111","article_publisher":"https:\/\/www.facebook.com\/agenciainclusive\/","article_published_time":"2009-06-08T17:19:02+00:00","author":"Inclusive","twitter_card":"summary_large_image","twitter_misc":{"Escrito por":"Inclusive","Tempo estimado de leitura":"1 minuto"},"schema":{"@context":"https:\/\/schema.org","@graph":[{"@type":"Article","@id":"https:\/\/inclusivenews.com.br\/?p=8111#article","isPartOf":{"@id":"https:\/\/inclusivenews.com.br\/?p=8111"},"author":{"name":"Inclusive","@id":"https:\/\/inclusivenews.com.br\/#\/schema\/person\/0dab492019871b94abb65fa8ee7c8c44"},"headline":"Preconceito: a m\u00eddia reverte tudo","datePublished":"2009-06-08T17:19:02+00:00","mainEntityOfPage":{"@id":"https:\/\/inclusivenews.com.br\/?p=8111"},"wordCount":223,"commentCount":2,"publisher":{"@id":"https:\/\/inclusivenews.com.br\/#organization"},"articleSection":["OPINI\u00c3O"],"inLanguage":"pt-PT","potentialAction":[{"@type":"CommentAction","name":"Comment","target":["https:\/\/inclusivenews.com.br\/?p=8111#respond"]}]},{"@type":"WebPage","@id":"https:\/\/inclusivenews.com.br\/?p=8111","url":"https:\/\/inclusivenews.com.br\/?p=8111","name":"Preconceito: a m\u00eddia reverte tudo -","isPartOf":{"@id":"https:\/\/inclusivenews.com.br\/#website"},"datePublished":"2009-06-08T17:19:02+00:00","breadcrumb":{"@id":"https:\/\/inclusivenews.com.br\/?p=8111#breadcrumb"},"inLanguage":"pt-PT","potentialAction":[{"@type":"ReadAction","target":["https:\/\/inclusivenews.com.br\/?p=8111"]}]},{"@type":"BreadcrumbList","@id":"https:\/\/inclusivenews.com.br\/?p=8111#breadcrumb","itemListElement":[{"@type":"ListItem","position":1,"name":"In\u00edcio","item":"https:\/\/inclusivenews.com.br\/"},{"@type":"ListItem","position":2,"name":"Preconceito: a m\u00eddia reverte tudo"}]},{"@type":"WebSite","@id":"https:\/\/inclusivenews.com.br\/#website","url":"https:\/\/inclusivenews.com.br\/","name":"Inclusive News","description":"Inclusive News","publisher":{"@id":"https:\/\/inclusivenews.com.br\/#organization"},"potentialAction":[{"@type":"SearchAction","target":{"@type":"EntryPoint","urlTemplate":"https:\/\/inclusivenews.com.br\/?s={search_term_string}"},"query-input":{"@type":"PropertyValueSpecification","valueRequired":true,"valueName":"search_term_string"}}],"inLanguage":"pt-PT"},{"@type":"Organization","@id":"https:\/\/inclusivenews.com.br\/#organization","name":"Inclusive - inclus\u00e3o e cidadania","url":"https:\/\/inclusivenews.com.br\/","logo":{"@type":"ImageObject","inLanguage":"pt-PT","@id":"https:\/\/inclusivenews.com.br\/#\/schema\/logo\/image\/","url":"https:\/\/inclusivenews.com.br\/wp-content\/uploads\/2024\/03\/@grandesite.png","contentUrl":"https:\/\/inclusivenews.com.br\/wp-content\/uploads\/2024\/03\/@grandesite.png","width":1080,"height":1080,"caption":"Inclusive - inclus\u00e3o e cidadania"},"image":{"@id":"https:\/\/inclusivenews.com.br\/#\/schema\/logo\/image\/"},"sameAs":["https:\/\/www.facebook.com\/agenciainclusive\/","https:\/\/www.instagram.com\/newsinclusive\/"]},{"@type":"Person","@id":"https:\/\/inclusivenews.com.br\/#\/schema\/person\/0dab492019871b94abb65fa8ee7c8c44","name":"Inclusive","image":{"@type":"ImageObject","inLanguage":"pt-PT","@id":"https:\/\/secure.gravatar.com\/avatar\/?s=96&d=mm&r=g","url":"https:\/\/secure.gravatar.com\/avatar\/?s=96&d=mm&r=g","contentUrl":"https:\/\/secure.gravatar.com\/avatar\/?s=96&d=mm&r=g","caption":"Inclusive"},"url":"https:\/\/inclusivenews.com.br\/?author=2"}]}},"_links":{"self":[{"href":"https:\/\/inclusivenews.com.br\/index.php?rest_route=\/wp\/v2\/posts\/8111","targetHints":{"allow":["GET"]}}],"collection":[{"href":"https:\/\/inclusivenews.com.br\/index.php?rest_route=\/wp\/v2\/posts"}],"about":[{"href":"https:\/\/inclusivenews.com.br\/index.php?rest_route=\/wp\/v2\/types\/post"}],"author":[{"embeddable":true,"href":"https:\/\/inclusivenews.com.br\/index.php?rest_route=\/wp\/v2\/users\/2"}],"replies":[{"embeddable":true,"href":"https:\/\/inclusivenews.com.br\/index.php?rest_route=%2Fwp%2Fv2%2Fcomments&post=8111"}],"version-history":[{"count":0,"href":"https:\/\/inclusivenews.com.br\/index.php?rest_route=\/wp\/v2\/posts\/8111\/revisions"}],"wp:attachment":[{"href":"https:\/\/inclusivenews.com.br\/index.php?rest_route=%2Fwp%2Fv2%2Fmedia&parent=8111"}],"wp:term":[{"taxonomy":"category","embeddable":true,"href":"https:\/\/inclusivenews.com.br\/index.php?rest_route=%2Fwp%2Fv2%2Fcategories&post=8111"},{"taxonomy":"post_tag","embeddable":true,"href":"https:\/\/inclusivenews.com.br\/index.php?rest_route=%2Fwp%2Fv2%2Ftags&post=8111"}],"curies":[{"name":"wp","href":"https:\/\/api.w.org\/{rel}","templated":true}]}}