{"id":8143,"date":"2009-06-09T11:55:51","date_gmt":"2009-06-09T11:55:51","guid":{"rendered":"http:\/\/agenciainclusive.wordpress.com\/?p=8143"},"modified":"2009-06-09T11:55:51","modified_gmt":"2009-06-09T11:55:51","slug":"ribeirao-preto-sedia-forum-sobre-esporte-e-lazer","status":"publish","type":"post","link":"https:\/\/inclusivenews.com.br\/?p=8143","title":{"rendered":"Ribeir\u00e3o Preto sedia f\u00f3rum sobre esporte e lazer"},"content":{"rendered":"<p>Iniciativa da Secretaria de Estado dos Direitos da Pessoa com Defici\u00eancia, evento acontece nesta ter\u00e7a-feira, 09 de junho, para apresentar programas e estimular parcerias que incluam as pessoas com defici\u00eancia na pr\u00e1tica de esportes e nas atividades de lazer municipais. Participam do F\u00f3rum representantes de 54 munic\u00edpios da regi\u00e3o.<br \/>\n\u00a0<br \/>\nNesta ter\u00e7a-feira, 9 de junho, a cidade de Ribeir\u00e3o Preto vai sediar o 8\u00ba F\u00f3rum Regional &#8220;O Esporte e o Lazer na Inclus\u00e3o da Pessoa com Defici\u00eancia&#8221;, realizado pela Secretaria de Estado dos Direitos da Pessoa com Defici\u00eancia. Logo depois de eventos semelhantes em Catanduva, Bauru, Pen\u00e1polis, Votorantim, Ourinhos, Santos e S\u00e3o Jos\u00e9 dos Campos; esse \u00e9 o oitavo f\u00f3rum de uma s\u00e9rie de nove, a serem realizados no estado de S\u00e3o Paulo at\u00e9 o m\u00eas de junho. O objetivo \u00e9 mostrar programas bem sucedidos que incluam as pessoas com defici\u00eancia nos esportes e nas atividades de lazer oferecidas pelas pol\u00edticas p\u00fablicas municipais. O F\u00f3rum conta com o apoio das Secretarias de Estado do Esporte, Lazer e Turismo e da Educa\u00e7\u00e3o, al\u00e9m da Prefeitura Municipal de Ribeir\u00e3o Preto.<br \/>\n\u00a0<br \/>\nO F\u00f3rum conta com o apoio de \u00f3rg\u00e3os municipais de Educa\u00e7\u00e3o F\u00edsica Escolar, Esportes e Lazer; \u00f3rg\u00e3os municipais de aten\u00e7\u00e3o \u00e0 pessoa com defici\u00eancia; entidades de atendimento e de luta da pessoa com defici\u00eancia; institui\u00e7\u00f5es formadoras de profissionais de Educa\u00e7\u00e3o, Esporte e Lazer; e representantes do Poder Legislativo e Judici\u00e1rio dos munic\u00edpios da regi\u00e3o de Ribeir\u00e3o Preto.<br \/>\n\u00a0<br \/>\nAo longo da tarde do dia 09, representantes da Secretaria de Estado dos Direitos da Pessoa com Defici\u00eancia ir\u00e3o apresentar propostas, projetos e desafios para a inclus\u00e3o das pessoas com defici\u00eancia no esporte, al\u00e9m do Plano de A\u00e7\u00e3o Paradesportivo do Estado de S\u00e3o Paulo. Tamb\u00e9m ser\u00e3o apresentados projetos bem sucedidos do SESI\/S\u00e3o Paulo, \u201ccase\u201d de atua\u00e7\u00e3o da pr\u00f3pria prefeitura de Ribeir\u00e3o Preto no paradesporto e pol\u00edticas municipais inclusivas, al\u00e9m de iniciativas do Comit\u00ea Paraol\u00edmpico Brasileiro e da ADEVIR \u2013 Associa\u00e7\u00e3o de Deficientes Visuais de Ribeir\u00e3o Preto e UNIMED Mulher de Ribeir\u00e3o Preto.<br \/>\n\u00a0<br \/>\nO evento \u00e9 direcionado a \u00f3rg\u00e3os municipais de Esportes e Lazer, \u00f3rg\u00e3os municipais de aten\u00e7\u00e3o a pessoa com defici\u00eancia, entidades de atendimento e de luta da pessoa com defici\u00eancia, institui\u00e7\u00f5es formadoras de profissionais de Educa\u00e7\u00e3o, Esporte e Lazer e representantes do Poder Legislativo e Judici\u00e1rio dos munic\u00edpios envolvidos. Neste oitavo f\u00f3rum, est\u00e1 prevista a participa\u00e7\u00e3o de representantes de entidades de 54 munic\u00edpios da regi\u00e3o de Ribeir\u00e3o Preto.<br \/>\n\u00a0<br \/>\n&#8220;Vamos mostrar projetos que j\u00e1 est\u00e3o sendo realizados e que deram certo nesses munic\u00edpios&#8221;, conta Vanilton Senatore, coordenador de projetos de Educa\u00e7\u00e3o Esportiva da Secretaria de Estados dos Direitos da Pessoa com Defici\u00eancia. O evento tamb\u00e9m possibilitar\u00e1 o encaminhamento de parcerias que possam contribuir para a universaliza\u00e7\u00e3o na oferta das atividades de esporte e lazer em cada munic\u00edpio. \u201cEm outras palavras, queremos incluir efetivamente a pessoa com defici\u00eancia na pr\u00e1tica e at\u00e9 no calend\u00e1rio de competi\u00e7\u00f5es esportivas municipais, assim como nas atividades de lazer, pois sabemos que a sociedade que respeita e convive com as diferen\u00e7as \u00e9 uma sociedade melhor para todos\u201d, completa Senatore. Ele destaca que a Secretaria disponibilizar\u00e1 aos munic\u00edpios paulistas o apoio para a forma\u00e7\u00e3o de t\u00e9cnicos especializados no paradesporto, que possam pensar e promover pol\u00edticas p\u00fablicas municipais realmente adequadas \u00e0s necessidades da<br \/>\npessoa com defici\u00eancia nas \u00e1reas de Esporte e Lazer.<br \/>\n\u00a0<br \/>\nAp\u00f3s Ribeir\u00e3o Preto, a pr\u00f3xima cidade que sediar\u00e1 o F\u00f3rum ser\u00e1 Jaguari\u00fana, no dia 17\/06. Todos os munic\u00edpios participantes dos f\u00f3runs esportivos ser\u00e3o alvo de uma pesquisa da Secretaria de Estado dos Direitos da Pessoa com Defici\u00eancia, que procurar\u00e1 mapear as iniciativas, os equipamentos, a infra-estrutura para a oferta democr\u00e1tica de espa\u00e7os e oportunidades para o paradesporto e o lazer das pessoas com defici\u00eancia no Estado.<br \/>\n\u00a0<br \/>\n<strong>SERVI\u00c7O<br \/>\n<\/strong>\u00a0<br \/>\n8\u00ba F\u00f3rum Regional &#8220;O Esporte e o Lazer na Inclus\u00e3o da Pessoa com Defici\u00eancia&#8221;<br \/>\nData: 09 de junho\u00a0\u00a0\u00a0\u00a0\u00a0\u00a0\u00a0\u00a0\u00a0\u00a0\u00a0\u00a0\u00a0\u00a0\u00a0\u00a0\u00a0\u00a0\u00a0\u00a0\u00a0\u00a0\u00a0\u00a0\u00a0\u00a0<br \/>\nLocal: Anfiteatro Nobre das Faculdades COC \u2013 Rua Abra\u00e3o Issa Halack, 980 &#8211; Ribeir\u00e2nia &#8211; Ribeir\u00e3o Preto &#8211; SP<br \/>\n\u00a0<br \/>\nPrograma\u00e7\u00e3o oficial:<br \/>\n12h00 \u00e0s 14h00: Credenciamento.<br \/>\n14h00: Cerim\u00f4nia de Abertura.<br \/>\n14h20: A Secretaria de Estado dos Direitos da Pessoa com Defici\u00eancia: Propostas, Projetos e Desafios.<br \/>\n15h00: Plano de A\u00e7\u00e3o Paradesportivo do Estado de S\u00e3o Paulo: A Inclus\u00e3o pela Educa\u00e7\u00e3o F\u00edsica, Esporte e Lazer<br \/>\n\u00a0<br \/>\n15h30 \u2013 Projetos vitoriosos:<br \/>\n&#8211; Experi\u00eancias da Prefeitura de Ribeir\u00e3o Preto<br \/>\n&#8211; Experi\u00eancias do SESI\/SP<br \/>\n&#8211; ADEVIR \u2013 Associa\u00e7\u00e3o de Deficientes Visuais de Ribeir\u00e3o Preto<br \/>\n&#8211; UNIMED Mulher de Ribeir\u00e3o Preto<br \/>\n&#8211; \u201cEsporte Paraolimpico no Brasil\u201d &#8211; Comit\u00ea Paraolimpico Brasileiro<br \/>\n16h30 as 16h45 \u2013 Intervalo<br \/>\n16h45 \u2013 Perguntas e respostas<br \/>\n17h45 \u2013 Encerramento<br \/>\n\u00a0<br \/>\nPr\u00f3ximo F\u00f3rum:<br \/>\n17\/06 \u2013 Jaguari\u00fana<br \/>\n\u00a0<br \/>\n\u00a0<br \/>\nContatos da equipe da Secretaria que estar\u00e1 presente no f\u00f3rum:<br \/>\nVanilton Senatore \u2013 (19) 7851-4461<br \/>\nWaldir \u2013 (11) 9897-1219<\/p>\n","protected":false},"excerpt":{"rendered":"<p>Iniciativa da Secretaria de Estado dos Direitos da Pessoa com Defici\u00eancia, evento acontece nesta ter\u00e7a-feira, 09 de junho, para apresentar programas e estimular parcerias que incluam as pessoas com defici\u00eancia na pr\u00e1tica de esportes e nas atividades de lazer municipais. Participam do F\u00f3rum representantes de 54 munic\u00edpios da regi\u00e3o. \u00a0 Nesta ter\u00e7a-feira, 9 de junho, [&hellip;]<\/p>\n","protected":false},"author":2,"featured_media":0,"comment_status":"open","ping_status":"open","sticky":false,"template":"","format":"standard","meta":{"site-container-style":"default","site-container-layout":"default","site-sidebar-layout":"default","disable-article-header":"default","disable-site-header":"default","disable-site-footer":"default","disable-content-area-spacing":"default","footnotes":""},"categories":[12],"tags":[],"class_list":["post-8143","post","type-post","status-publish","format-standard","hentry","category-cursos-e-eventos"],"yoast_head":"<!-- This site is optimized with the Yoast SEO plugin v27.5 - https:\/\/yoast.com\/product\/yoast-seo-wordpress\/ -->\n<title>Ribeir\u00e3o Preto sedia f\u00f3rum sobre esporte e lazer -<\/title>\n<meta name=\"robots\" content=\"index, follow, max-snippet:-1, max-image-preview:large, max-video-preview:-1\" \/>\n<link rel=\"canonical\" href=\"https:\/\/inclusivenews.com.br\/?p=8143\" \/>\n<meta property=\"og:locale\" content=\"pt_PT\" \/>\n<meta property=\"og:type\" content=\"article\" \/>\n<meta property=\"og:title\" content=\"Ribeir\u00e3o Preto sedia f\u00f3rum sobre esporte e lazer -\" \/>\n<meta property=\"og:description\" content=\"Iniciativa da Secretaria de Estado dos Direitos da Pessoa com Defici\u00eancia, evento acontece nesta ter\u00e7a-feira, 09 de junho, para apresentar programas e estimular parcerias que incluam as pessoas com defici\u00eancia na pr\u00e1tica de esportes e nas atividades de lazer municipais. Participam do F\u00f3rum representantes de 54 munic\u00edpios da regi\u00e3o. \u00a0 Nesta ter\u00e7a-feira, 9 de junho, [&hellip;]\" \/>\n<meta property=\"og:url\" content=\"https:\/\/inclusivenews.com.br\/?p=8143\" \/>\n<meta property=\"article:publisher\" content=\"https:\/\/www.facebook.com\/agenciainclusive\/\" \/>\n<meta property=\"article:published_time\" content=\"2009-06-09T11:55:51+00:00\" \/>\n<meta name=\"author\" content=\"Inclusive\" \/>\n<meta name=\"twitter:card\" content=\"summary_large_image\" \/>\n<meta name=\"twitter:label1\" content=\"Escrito por\" \/>\n\t<meta name=\"twitter:data1\" content=\"Inclusive\" \/>\n\t<meta name=\"twitter:label2\" content=\"Tempo estimado de leitura\" \/>\n\t<meta name=\"twitter:data2\" content=\"4 minutos\" \/>\n<script type=\"application\/ld+json\" class=\"yoast-schema-graph\">{\"@context\":\"https:\\\/\\\/schema.org\",\"@graph\":[{\"@type\":\"Article\",\"@id\":\"https:\\\/\\\/inclusivenews.com.br\\\/?p=8143#article\",\"isPartOf\":{\"@id\":\"https:\\\/\\\/inclusivenews.com.br\\\/?p=8143\"},\"author\":{\"name\":\"Inclusive\",\"@id\":\"https:\\\/\\\/inclusivenews.com.br\\\/#\\\/schema\\\/person\\\/0dab492019871b94abb65fa8ee7c8c44\"},\"headline\":\"Ribeir\u00e3o Preto sedia f\u00f3rum sobre esporte e lazer\",\"datePublished\":\"2009-06-09T11:55:51+00:00\",\"mainEntityOfPage\":{\"@id\":\"https:\\\/\\\/inclusivenews.com.br\\\/?p=8143\"},\"wordCount\":874,\"commentCount\":1,\"publisher\":{\"@id\":\"https:\\\/\\\/inclusivenews.com.br\\\/#organization\"},\"articleSection\":[\"Cursos e eventos\"],\"inLanguage\":\"pt-PT\",\"potentialAction\":[{\"@type\":\"CommentAction\",\"name\":\"Comment\",\"target\":[\"https:\\\/\\\/inclusivenews.com.br\\\/?p=8143#respond\"]}]},{\"@type\":\"WebPage\",\"@id\":\"https:\\\/\\\/inclusivenews.com.br\\\/?p=8143\",\"url\":\"https:\\\/\\\/inclusivenews.com.br\\\/?p=8143\",\"name\":\"Ribeir\u00e3o Preto sedia f\u00f3rum sobre esporte e lazer -\",\"isPartOf\":{\"@id\":\"https:\\\/\\\/inclusivenews.com.br\\\/#website\"},\"datePublished\":\"2009-06-09T11:55:51+00:00\",\"breadcrumb\":{\"@id\":\"https:\\\/\\\/inclusivenews.com.br\\\/?p=8143#breadcrumb\"},\"inLanguage\":\"pt-PT\",\"potentialAction\":[{\"@type\":\"ReadAction\",\"target\":[\"https:\\\/\\\/inclusivenews.com.br\\\/?p=8143\"]}]},{\"@type\":\"BreadcrumbList\",\"@id\":\"https:\\\/\\\/inclusivenews.com.br\\\/?p=8143#breadcrumb\",\"itemListElement\":[{\"@type\":\"ListItem\",\"position\":1,\"name\":\"In\u00edcio\",\"item\":\"https:\\\/\\\/inclusivenews.com.br\\\/\"},{\"@type\":\"ListItem\",\"position\":2,\"name\":\"Ribeir\u00e3o Preto sedia f\u00f3rum sobre esporte e lazer\"}]},{\"@type\":\"WebSite\",\"@id\":\"https:\\\/\\\/inclusivenews.com.br\\\/#website\",\"url\":\"https:\\\/\\\/inclusivenews.com.br\\\/\",\"name\":\"Inclusive News\",\"description\":\"Inclusive News\",\"publisher\":{\"@id\":\"https:\\\/\\\/inclusivenews.com.br\\\/#organization\"},\"potentialAction\":[{\"@type\":\"SearchAction\",\"target\":{\"@type\":\"EntryPoint\",\"urlTemplate\":\"https:\\\/\\\/inclusivenews.com.br\\\/?s={search_term_string}\"},\"query-input\":{\"@type\":\"PropertyValueSpecification\",\"valueRequired\":true,\"valueName\":\"search_term_string\"}}],\"inLanguage\":\"pt-PT\"},{\"@type\":\"Organization\",\"@id\":\"https:\\\/\\\/inclusivenews.com.br\\\/#organization\",\"name\":\"Inclusive - inclus\u00e3o e cidadania\",\"url\":\"https:\\\/\\\/inclusivenews.com.br\\\/\",\"logo\":{\"@type\":\"ImageObject\",\"inLanguage\":\"pt-PT\",\"@id\":\"https:\\\/\\\/inclusivenews.com.br\\\/#\\\/schema\\\/logo\\\/image\\\/\",\"url\":\"https:\\\/\\\/inclusivenews.com.br\\\/wp-content\\\/uploads\\\/2024\\\/03\\\/@grandesite.png\",\"contentUrl\":\"https:\\\/\\\/inclusivenews.com.br\\\/wp-content\\\/uploads\\\/2024\\\/03\\\/@grandesite.png\",\"width\":1080,\"height\":1080,\"caption\":\"Inclusive - inclus\u00e3o e cidadania\"},\"image\":{\"@id\":\"https:\\\/\\\/inclusivenews.com.br\\\/#\\\/schema\\\/logo\\\/image\\\/\"},\"sameAs\":[\"https:\\\/\\\/www.facebook.com\\\/agenciainclusive\\\/\",\"https:\\\/\\\/www.instagram.com\\\/newsinclusive\\\/\"]},{\"@type\":\"Person\",\"@id\":\"https:\\\/\\\/inclusivenews.com.br\\\/#\\\/schema\\\/person\\\/0dab492019871b94abb65fa8ee7c8c44\",\"name\":\"Inclusive\",\"image\":{\"@type\":\"ImageObject\",\"inLanguage\":\"pt-PT\",\"@id\":\"https:\\\/\\\/secure.gravatar.com\\\/avatar\\\/?s=96&d=mm&r=g\",\"url\":\"https:\\\/\\\/secure.gravatar.com\\\/avatar\\\/?s=96&d=mm&r=g\",\"contentUrl\":\"https:\\\/\\\/secure.gravatar.com\\\/avatar\\\/?s=96&d=mm&r=g\",\"caption\":\"Inclusive\"},\"url\":\"https:\\\/\\\/inclusivenews.com.br\\\/?author=2\"}]}<\/script>\n<!-- \/ Yoast SEO plugin. -->","yoast_head_json":{"title":"Ribeir\u00e3o Preto sedia f\u00f3rum sobre esporte e lazer -","robots":{"index":"index","follow":"follow","max-snippet":"max-snippet:-1","max-image-preview":"max-image-preview:large","max-video-preview":"max-video-preview:-1"},"canonical":"https:\/\/inclusivenews.com.br\/?p=8143","og_locale":"pt_PT","og_type":"article","og_title":"Ribeir\u00e3o Preto sedia f\u00f3rum sobre esporte e lazer -","og_description":"Iniciativa da Secretaria de Estado dos Direitos da Pessoa com Defici\u00eancia, evento acontece nesta ter\u00e7a-feira, 09 de junho, para apresentar programas e estimular parcerias que incluam as pessoas com defici\u00eancia na pr\u00e1tica de esportes e nas atividades de lazer municipais. Participam do F\u00f3rum representantes de 54 munic\u00edpios da regi\u00e3o. \u00a0 Nesta ter\u00e7a-feira, 9 de junho, [&hellip;]","og_url":"https:\/\/inclusivenews.com.br\/?p=8143","article_publisher":"https:\/\/www.facebook.com\/agenciainclusive\/","article_published_time":"2009-06-09T11:55:51+00:00","author":"Inclusive","twitter_card":"summary_large_image","twitter_misc":{"Escrito por":"Inclusive","Tempo estimado de leitura":"4 minutos"},"schema":{"@context":"https:\/\/schema.org","@graph":[{"@type":"Article","@id":"https:\/\/inclusivenews.com.br\/?p=8143#article","isPartOf":{"@id":"https:\/\/inclusivenews.com.br\/?p=8143"},"author":{"name":"Inclusive","@id":"https:\/\/inclusivenews.com.br\/#\/schema\/person\/0dab492019871b94abb65fa8ee7c8c44"},"headline":"Ribeir\u00e3o Preto sedia f\u00f3rum sobre esporte e lazer","datePublished":"2009-06-09T11:55:51+00:00","mainEntityOfPage":{"@id":"https:\/\/inclusivenews.com.br\/?p=8143"},"wordCount":874,"commentCount":1,"publisher":{"@id":"https:\/\/inclusivenews.com.br\/#organization"},"articleSection":["Cursos e eventos"],"inLanguage":"pt-PT","potentialAction":[{"@type":"CommentAction","name":"Comment","target":["https:\/\/inclusivenews.com.br\/?p=8143#respond"]}]},{"@type":"WebPage","@id":"https:\/\/inclusivenews.com.br\/?p=8143","url":"https:\/\/inclusivenews.com.br\/?p=8143","name":"Ribeir\u00e3o Preto sedia f\u00f3rum sobre esporte e lazer -","isPartOf":{"@id":"https:\/\/inclusivenews.com.br\/#website"},"datePublished":"2009-06-09T11:55:51+00:00","breadcrumb":{"@id":"https:\/\/inclusivenews.com.br\/?p=8143#breadcrumb"},"inLanguage":"pt-PT","potentialAction":[{"@type":"ReadAction","target":["https:\/\/inclusivenews.com.br\/?p=8143"]}]},{"@type":"BreadcrumbList","@id":"https:\/\/inclusivenews.com.br\/?p=8143#breadcrumb","itemListElement":[{"@type":"ListItem","position":1,"name":"In\u00edcio","item":"https:\/\/inclusivenews.com.br\/"},{"@type":"ListItem","position":2,"name":"Ribeir\u00e3o Preto sedia f\u00f3rum sobre esporte e lazer"}]},{"@type":"WebSite","@id":"https:\/\/inclusivenews.com.br\/#website","url":"https:\/\/inclusivenews.com.br\/","name":"Inclusive News","description":"Inclusive News","publisher":{"@id":"https:\/\/inclusivenews.com.br\/#organization"},"potentialAction":[{"@type":"SearchAction","target":{"@type":"EntryPoint","urlTemplate":"https:\/\/inclusivenews.com.br\/?s={search_term_string}"},"query-input":{"@type":"PropertyValueSpecification","valueRequired":true,"valueName":"search_term_string"}}],"inLanguage":"pt-PT"},{"@type":"Organization","@id":"https:\/\/inclusivenews.com.br\/#organization","name":"Inclusive - inclus\u00e3o e cidadania","url":"https:\/\/inclusivenews.com.br\/","logo":{"@type":"ImageObject","inLanguage":"pt-PT","@id":"https:\/\/inclusivenews.com.br\/#\/schema\/logo\/image\/","url":"https:\/\/inclusivenews.com.br\/wp-content\/uploads\/2024\/03\/@grandesite.png","contentUrl":"https:\/\/inclusivenews.com.br\/wp-content\/uploads\/2024\/03\/@grandesite.png","width":1080,"height":1080,"caption":"Inclusive - inclus\u00e3o e cidadania"},"image":{"@id":"https:\/\/inclusivenews.com.br\/#\/schema\/logo\/image\/"},"sameAs":["https:\/\/www.facebook.com\/agenciainclusive\/","https:\/\/www.instagram.com\/newsinclusive\/"]},{"@type":"Person","@id":"https:\/\/inclusivenews.com.br\/#\/schema\/person\/0dab492019871b94abb65fa8ee7c8c44","name":"Inclusive","image":{"@type":"ImageObject","inLanguage":"pt-PT","@id":"https:\/\/secure.gravatar.com\/avatar\/?s=96&d=mm&r=g","url":"https:\/\/secure.gravatar.com\/avatar\/?s=96&d=mm&r=g","contentUrl":"https:\/\/secure.gravatar.com\/avatar\/?s=96&d=mm&r=g","caption":"Inclusive"},"url":"https:\/\/inclusivenews.com.br\/?author=2"}]}},"_links":{"self":[{"href":"https:\/\/inclusivenews.com.br\/index.php?rest_route=\/wp\/v2\/posts\/8143","targetHints":{"allow":["GET"]}}],"collection":[{"href":"https:\/\/inclusivenews.com.br\/index.php?rest_route=\/wp\/v2\/posts"}],"about":[{"href":"https:\/\/inclusivenews.com.br\/index.php?rest_route=\/wp\/v2\/types\/post"}],"author":[{"embeddable":true,"href":"https:\/\/inclusivenews.com.br\/index.php?rest_route=\/wp\/v2\/users\/2"}],"replies":[{"embeddable":true,"href":"https:\/\/inclusivenews.com.br\/index.php?rest_route=%2Fwp%2Fv2%2Fcomments&post=8143"}],"version-history":[{"count":0,"href":"https:\/\/inclusivenews.com.br\/index.php?rest_route=\/wp\/v2\/posts\/8143\/revisions"}],"wp:attachment":[{"href":"https:\/\/inclusivenews.com.br\/index.php?rest_route=%2Fwp%2Fv2%2Fmedia&parent=8143"}],"wp:term":[{"taxonomy":"category","embeddable":true,"href":"https:\/\/inclusivenews.com.br\/index.php?rest_route=%2Fwp%2Fv2%2Fcategories&post=8143"},{"taxonomy":"post_tag","embeddable":true,"href":"https:\/\/inclusivenews.com.br\/index.php?rest_route=%2Fwp%2Fv2%2Ftags&post=8143"}],"curies":[{"name":"wp","href":"https:\/\/api.w.org\/{rel}","templated":true}]}}