{"id":817,"date":"2008-08-09T16:07:05","date_gmt":"2008-08-09T16:07:05","guid":{"rendered":"http:\/\/agenciainclusive.wordpress.com\/?p=817"},"modified":"2008-08-09T16:07:05","modified_gmt":"2008-08-09T16:07:05","slug":"taxi-acessivel-na-cidade-de-sao-paulo","status":"publish","type":"post","link":"https:\/\/inclusivenews.com.br\/?p=817","title":{"rendered":"T\u00e1xi acess\u00edvel na cidade de S\u00e3o Paulo"},"content":{"rendered":"<p class=\"MsoNormal\" style=\"margin-bottom:6pt;text-indent:0;text-align:left;\"><span style=\"font-size:12pt;font-family:&quot;\">Folha Online, 07\/08\/2008<\/span><\/p>\n<p class=\"MsoNormal\" style=\"margin-bottom:6pt;text-align:justify;text-indent:35.45pt;\"><span style=\"font-size:12pt;font-family:&quot;\">A Secretaria Municipal de Transportes colocar\u00e1 \u00e0 disposi\u00e7\u00e3o, via sorteio, 80 novos alvar\u00e1s de estacionamento de t\u00e1xis adaptados, visando propiciar plena mobilidade \u00e0s pessoas com defici\u00eancia. Os pontos estar\u00e3o distribu\u00eddos em regi\u00f5es estrat\u00e9gicas da cidade, com \u00eanfase para a proximidade dos hospitais especializados no tratamento de pessoas com mobilidade reduzida. <\/span><\/p>\n<p class=\"MsoNormal\" style=\"margin-bottom:6pt;text-align:center;text-indent:0;\" align=\"center\"><span style=\"font-size:12pt;font-family:&quot;\"><!--[if gte vml 1]&gt;                     &lt;![endif]--><!--[if !vml]--><!--[endif]--><\/span><\/p>\n<p class=\"MsoNormal\" style=\"margin-bottom:6pt;text-align:center;text-indent:0;\" align=\"center\"><span style=\"font-size:8pt;font-family:&quot;\">Legenda da foto: Mulher em cadeira de rodas na plataforma de eleva\u00e7\u00e3o eletrohidr\u00e1ulica instalada na porta traseira de um t\u00e1xi acess\u00edvel.<\/span><\/p>\n<p class=\"MsoNormal\" style=\"margin-bottom:6pt;text-align:justify;text-indent:35.45pt;\"><span style=\"font-size:12pt;font-family:&quot;\">A tarifa do transporte ser\u00e1 a mesma das frotas comuns e poder\u00e1 variar com as categorias Comum, Especial ou Luxo. Os novos ve\u00edculos ter\u00e3o identifica\u00e7\u00e3o espec\u00edfica, podendo ser ocupados por uma pessoa com defici\u00eancia junto com um acompanhante. <\/span><\/p>\n<p class=\"MsoNormal\" style=\"margin-bottom:6pt;text-align:justify;text-indent:35.45pt;\"><span style=\"font-size:12pt;font-family:&quot;\">A inten\u00e7\u00e3o da Prefeitura \u00e9 que os novos carros sejam de uso exclusivo das pessoas com defici\u00eancia, com a disponibiliza\u00e7\u00e3o de um servi\u00e7o de r\u00e1dio-t\u00e1xi para profissionais aut\u00f4nomos. O profissional que atender passageiros sem dificuldades f\u00edsicas de locomo\u00e7\u00e3o arcar\u00e1 com multa de R$ 3.000,00 e perder\u00e1 o alvar\u00e1. Segundo estimativa da Prefeitura, a capital paulista tem uma popula\u00e7\u00e3o de 1,5 milh\u00e3o de pessoas com defici\u00eancia.<\/span><\/p>\n<p class=\"MsoNormal\" style=\"margin-bottom:6pt;text-align:justify;text-indent:35.45pt;\"><span style=\"font-size:12pt;font-family:&quot;\">Os carros ter\u00e3o plataformas que permitem o f\u00e1cil acesso dos usu\u00e1rios e cintos de seguran\u00e7a que segurem o passageiro mesmo na realiza\u00e7\u00e3o de curvas ou freadas bruscas. O revestimento do assoalho deve ser produzido com material antiderrapante e antichama, protetor de cabe\u00e7a regul\u00e1vel e remov\u00edvel que se ajuste na parte traseira da cadeira de rodas, janelas que permitam uma vis\u00e3o externa e sa\u00eddas especiais no caso de emerg\u00eancias. Adapta\u00e7\u00e3o do carro leva em m\u00e9dia 10 dias, com investimento pr\u00f3ximo de R$ 25 mil pelo propriet\u00e1rio. Uma das empresas que disponibilizam o servi\u00e7o de adapta\u00e7\u00e3o \u00e9 a Technobras, que h\u00e1 um ano prestou o mesmo servi\u00e7o na cidade do Rio de Janeiro, em cl\u00ednicas, hospitais e particulares.<\/span><\/p>\n<p class=\"MsoNormal\" style=\"text-align:justify;text-indent:35.45pt;\"><span style=\"font-size:12pt;font-family:&quot;\">As especifica\u00e7\u00f5es t\u00e9cnicas para adapta\u00e7\u00e3o dos ve\u00edculos est\u00e3o discriminadas no \u201c<\/span><span style=\"font-size:12pt;font-family:&quot;\"><a href=\"http:\/\/ww2.prefeitura.sp.gov.br\/arquivos\/noticias\/sec\/transportes\/2008\/08\/0030\/taxi_acessivel.PDF\"><span style=\"text-decoration:none;color:#000000;\">Manual dos Requisitos B\u00e1sicos para T\u00e1xi Acess\u00edvel<\/span><\/a>\u201d, encontrado no site:<\/span><\/p>\n<p class=\"MsoNormal\" style=\"margin-bottom:6pt;text-align:justify;text-indent:0;\"><span style=\"font-size:12pt;font-family:&quot;\"><a href=\"http:\/\/ww2.prefeitura.sp.gov.br\/arquivos\/noticias\/sec\/transportes\/2008\/08\/0030\/taxi_acessivel.PDF\">http:\/\/ww2.prefeitura.sp.gov.br\/arquivos\/noticias\/sec\/transportes\/2008\/08\/0030\/taxi_acessivel.PDF<\/a> ou mediante a entrega de CR-ROM para grava\u00e7\u00e3o e retirada diretamente no Departamento de Transportes P\u00fablicos, sito \u00e0 Rua Joaquim Carlos, 655, S\u00e3o Paulo\/SP.<\/span><\/p>\n<p class=\"MsoNormal\" style=\"text-align:justify;text-indent:17.85pt;\"><span style=\"font-size:12pt;font-family:&quot;\">Conforme a Portaria SMT 114\/08, <\/span><\/p>\n<p class=\"MsoNormal\" style=\"text-align:justify;text-indent:17.85pt;\"><span style=\"font-size:12pt;font-family:&quot;\">(link: <a href=\"http:\/\/portal.prefeitura.sp.gov.br\/secretarias\/transportes\/0073\">http:\/\/portal.prefeitura.sp.gov.br\/secretarias\/transportes\/0073<\/a>)<\/span><\/p>\n<p class=\"MsoNormal\" style=\"margin-bottom:6pt;text-align:justify;text-indent:0;\"><span style=\"font-size:12pt;font-family:&quot;\">o sorteio para obten\u00e7\u00e3o de alvar\u00e1 ser\u00e1 realizado no dia\u00a020 de\u00a0agosto de 2008, \u00e0s 9 horas, no Departamento de Transportes P\u00fablicos.<\/span><\/p>\n","protected":false},"excerpt":{"rendered":"<p>Folha Online, 07\/08\/2008 A Secretaria Municipal de Transportes colocar\u00e1 \u00e0 disposi\u00e7\u00e3o, via sorteio, 80 novos alvar\u00e1s de estacionamento de t\u00e1xis adaptados, visando propiciar plena mobilidade \u00e0s pessoas com defici\u00eancia. Os pontos estar\u00e3o distribu\u00eddos em regi\u00f5es estrat\u00e9gicas da cidade, com \u00eanfase para a proximidade dos hospitais especializados no tratamento de pessoas com mobilidade reduzida. Legenda da [&hellip;]<\/p>\n","protected":false},"author":2,"featured_media":0,"comment_status":"open","ping_status":"open","sticky":false,"template":"","format":"standard","meta":{"site-container-style":"default","site-container-layout":"default","site-sidebar-layout":"default","disable-article-header":"default","disable-site-header":"default","disable-site-footer":"default","disable-content-area-spacing":"default","footnotes":""},"categories":[4],"tags":[],"class_list":["post-817","post","type-post","status-publish","format-standard","hentry","category-noticias"],"yoast_head":"<!-- This site is optimized with the Yoast SEO plugin v27.4 - https:\/\/yoast.com\/product\/yoast-seo-wordpress\/ -->\n<title>T\u00e1xi acess\u00edvel na cidade de S\u00e3o Paulo -<\/title>\n<meta name=\"robots\" content=\"index, follow, max-snippet:-1, max-image-preview:large, max-video-preview:-1\" \/>\n<link rel=\"canonical\" href=\"https:\/\/inclusivenews.com.br\/?p=817\" \/>\n<meta property=\"og:locale\" content=\"pt_PT\" \/>\n<meta property=\"og:type\" content=\"article\" \/>\n<meta property=\"og:title\" content=\"T\u00e1xi acess\u00edvel na cidade de S\u00e3o Paulo -\" \/>\n<meta property=\"og:description\" content=\"Folha Online, 07\/08\/2008 A Secretaria Municipal de Transportes colocar\u00e1 \u00e0 disposi\u00e7\u00e3o, via sorteio, 80 novos alvar\u00e1s de estacionamento de t\u00e1xis adaptados, visando propiciar plena mobilidade \u00e0s pessoas com defici\u00eancia. Os pontos estar\u00e3o distribu\u00eddos em regi\u00f5es estrat\u00e9gicas da cidade, com \u00eanfase para a proximidade dos hospitais especializados no tratamento de pessoas com mobilidade reduzida. Legenda da [&hellip;]\" \/>\n<meta property=\"og:url\" content=\"https:\/\/inclusivenews.com.br\/?p=817\" \/>\n<meta property=\"article:publisher\" content=\"https:\/\/www.facebook.com\/agenciainclusive\/\" \/>\n<meta property=\"article:published_time\" content=\"2008-08-09T16:07:05+00:00\" \/>\n<meta name=\"author\" content=\"Inclusive\" \/>\n<meta name=\"twitter:card\" content=\"summary_large_image\" \/>\n<meta name=\"twitter:label1\" content=\"Escrito por\" \/>\n\t<meta name=\"twitter:data1\" content=\"Inclusive\" \/>\n\t<meta name=\"twitter:label2\" content=\"Tempo estimado de leitura\" \/>\n\t<meta name=\"twitter:data2\" content=\"2 minutos\" \/>\n<script type=\"application\/ld+json\" class=\"yoast-schema-graph\">{\"@context\":\"https:\\\/\\\/schema.org\",\"@graph\":[{\"@type\":\"Article\",\"@id\":\"https:\\\/\\\/inclusivenews.com.br\\\/?p=817#article\",\"isPartOf\":{\"@id\":\"https:\\\/\\\/inclusivenews.com.br\\\/?p=817\"},\"author\":{\"name\":\"Inclusive\",\"@id\":\"https:\\\/\\\/inclusivenews.com.br\\\/#\\\/schema\\\/person\\\/0dab492019871b94abb65fa8ee7c8c44\"},\"headline\":\"T\u00e1xi acess\u00edvel na cidade de S\u00e3o Paulo\",\"datePublished\":\"2008-08-09T16:07:05+00:00\",\"mainEntityOfPage\":{\"@id\":\"https:\\\/\\\/inclusivenews.com.br\\\/?p=817\"},\"wordCount\":444,\"commentCount\":0,\"publisher\":{\"@id\":\"https:\\\/\\\/inclusivenews.com.br\\\/#organization\"},\"articleSection\":[\"NOT\u00cdCIAS\"],\"inLanguage\":\"pt-PT\",\"potentialAction\":[{\"@type\":\"CommentAction\",\"name\":\"Comment\",\"target\":[\"https:\\\/\\\/inclusivenews.com.br\\\/?p=817#respond\"]}]},{\"@type\":\"WebPage\",\"@id\":\"https:\\\/\\\/inclusivenews.com.br\\\/?p=817\",\"url\":\"https:\\\/\\\/inclusivenews.com.br\\\/?p=817\",\"name\":\"T\u00e1xi acess\u00edvel na cidade de S\u00e3o Paulo -\",\"isPartOf\":{\"@id\":\"https:\\\/\\\/inclusivenews.com.br\\\/#website\"},\"datePublished\":\"2008-08-09T16:07:05+00:00\",\"breadcrumb\":{\"@id\":\"https:\\\/\\\/inclusivenews.com.br\\\/?p=817#breadcrumb\"},\"inLanguage\":\"pt-PT\",\"potentialAction\":[{\"@type\":\"ReadAction\",\"target\":[\"https:\\\/\\\/inclusivenews.com.br\\\/?p=817\"]}]},{\"@type\":\"BreadcrumbList\",\"@id\":\"https:\\\/\\\/inclusivenews.com.br\\\/?p=817#breadcrumb\",\"itemListElement\":[{\"@type\":\"ListItem\",\"position\":1,\"name\":\"In\u00edcio\",\"item\":\"https:\\\/\\\/inclusivenews.com.br\\\/\"},{\"@type\":\"ListItem\",\"position\":2,\"name\":\"T\u00e1xi acess\u00edvel na cidade de S\u00e3o Paulo\"}]},{\"@type\":\"WebSite\",\"@id\":\"https:\\\/\\\/inclusivenews.com.br\\\/#website\",\"url\":\"https:\\\/\\\/inclusivenews.com.br\\\/\",\"name\":\"Inclusive News\",\"description\":\"Inclusive News\",\"publisher\":{\"@id\":\"https:\\\/\\\/inclusivenews.com.br\\\/#organization\"},\"potentialAction\":[{\"@type\":\"SearchAction\",\"target\":{\"@type\":\"EntryPoint\",\"urlTemplate\":\"https:\\\/\\\/inclusivenews.com.br\\\/?s={search_term_string}\"},\"query-input\":{\"@type\":\"PropertyValueSpecification\",\"valueRequired\":true,\"valueName\":\"search_term_string\"}}],\"inLanguage\":\"pt-PT\"},{\"@type\":\"Organization\",\"@id\":\"https:\\\/\\\/inclusivenews.com.br\\\/#organization\",\"name\":\"Inclusive - inclus\u00e3o e cidadania\",\"url\":\"https:\\\/\\\/inclusivenews.com.br\\\/\",\"logo\":{\"@type\":\"ImageObject\",\"inLanguage\":\"pt-PT\",\"@id\":\"https:\\\/\\\/inclusivenews.com.br\\\/#\\\/schema\\\/logo\\\/image\\\/\",\"url\":\"https:\\\/\\\/inclusivenews.com.br\\\/wp-content\\\/uploads\\\/2024\\\/03\\\/@grandesite.png\",\"contentUrl\":\"https:\\\/\\\/inclusivenews.com.br\\\/wp-content\\\/uploads\\\/2024\\\/03\\\/@grandesite.png\",\"width\":1080,\"height\":1080,\"caption\":\"Inclusive - inclus\u00e3o e cidadania\"},\"image\":{\"@id\":\"https:\\\/\\\/inclusivenews.com.br\\\/#\\\/schema\\\/logo\\\/image\\\/\"},\"sameAs\":[\"https:\\\/\\\/www.facebook.com\\\/agenciainclusive\\\/\",\"https:\\\/\\\/www.instagram.com\\\/newsinclusive\\\/\"]},{\"@type\":\"Person\",\"@id\":\"https:\\\/\\\/inclusivenews.com.br\\\/#\\\/schema\\\/person\\\/0dab492019871b94abb65fa8ee7c8c44\",\"name\":\"Inclusive\",\"image\":{\"@type\":\"ImageObject\",\"inLanguage\":\"pt-PT\",\"@id\":\"https:\\\/\\\/secure.gravatar.com\\\/avatar\\\/?s=96&d=mm&r=g\",\"url\":\"https:\\\/\\\/secure.gravatar.com\\\/avatar\\\/?s=96&d=mm&r=g\",\"contentUrl\":\"https:\\\/\\\/secure.gravatar.com\\\/avatar\\\/?s=96&d=mm&r=g\",\"caption\":\"Inclusive\"},\"url\":\"https:\\\/\\\/inclusivenews.com.br\\\/?author=2\"}]}<\/script>\n<!-- \/ Yoast SEO plugin. -->","yoast_head_json":{"title":"T\u00e1xi acess\u00edvel na cidade de S\u00e3o Paulo -","robots":{"index":"index","follow":"follow","max-snippet":"max-snippet:-1","max-image-preview":"max-image-preview:large","max-video-preview":"max-video-preview:-1"},"canonical":"https:\/\/inclusivenews.com.br\/?p=817","og_locale":"pt_PT","og_type":"article","og_title":"T\u00e1xi acess\u00edvel na cidade de S\u00e3o Paulo -","og_description":"Folha Online, 07\/08\/2008 A Secretaria Municipal de Transportes colocar\u00e1 \u00e0 disposi\u00e7\u00e3o, via sorteio, 80 novos alvar\u00e1s de estacionamento de t\u00e1xis adaptados, visando propiciar plena mobilidade \u00e0s pessoas com defici\u00eancia. Os pontos estar\u00e3o distribu\u00eddos em regi\u00f5es estrat\u00e9gicas da cidade, com \u00eanfase para a proximidade dos hospitais especializados no tratamento de pessoas com mobilidade reduzida. Legenda da [&hellip;]","og_url":"https:\/\/inclusivenews.com.br\/?p=817","article_publisher":"https:\/\/www.facebook.com\/agenciainclusive\/","article_published_time":"2008-08-09T16:07:05+00:00","author":"Inclusive","twitter_card":"summary_large_image","twitter_misc":{"Escrito por":"Inclusive","Tempo estimado de leitura":"2 minutos"},"schema":{"@context":"https:\/\/schema.org","@graph":[{"@type":"Article","@id":"https:\/\/inclusivenews.com.br\/?p=817#article","isPartOf":{"@id":"https:\/\/inclusivenews.com.br\/?p=817"},"author":{"name":"Inclusive","@id":"https:\/\/inclusivenews.com.br\/#\/schema\/person\/0dab492019871b94abb65fa8ee7c8c44"},"headline":"T\u00e1xi acess\u00edvel na cidade de S\u00e3o Paulo","datePublished":"2008-08-09T16:07:05+00:00","mainEntityOfPage":{"@id":"https:\/\/inclusivenews.com.br\/?p=817"},"wordCount":444,"commentCount":0,"publisher":{"@id":"https:\/\/inclusivenews.com.br\/#organization"},"articleSection":["NOT\u00cdCIAS"],"inLanguage":"pt-PT","potentialAction":[{"@type":"CommentAction","name":"Comment","target":["https:\/\/inclusivenews.com.br\/?p=817#respond"]}]},{"@type":"WebPage","@id":"https:\/\/inclusivenews.com.br\/?p=817","url":"https:\/\/inclusivenews.com.br\/?p=817","name":"T\u00e1xi acess\u00edvel na cidade de S\u00e3o Paulo -","isPartOf":{"@id":"https:\/\/inclusivenews.com.br\/#website"},"datePublished":"2008-08-09T16:07:05+00:00","breadcrumb":{"@id":"https:\/\/inclusivenews.com.br\/?p=817#breadcrumb"},"inLanguage":"pt-PT","potentialAction":[{"@type":"ReadAction","target":["https:\/\/inclusivenews.com.br\/?p=817"]}]},{"@type":"BreadcrumbList","@id":"https:\/\/inclusivenews.com.br\/?p=817#breadcrumb","itemListElement":[{"@type":"ListItem","position":1,"name":"In\u00edcio","item":"https:\/\/inclusivenews.com.br\/"},{"@type":"ListItem","position":2,"name":"T\u00e1xi acess\u00edvel na cidade de S\u00e3o Paulo"}]},{"@type":"WebSite","@id":"https:\/\/inclusivenews.com.br\/#website","url":"https:\/\/inclusivenews.com.br\/","name":"Inclusive News","description":"Inclusive News","publisher":{"@id":"https:\/\/inclusivenews.com.br\/#organization"},"potentialAction":[{"@type":"SearchAction","target":{"@type":"EntryPoint","urlTemplate":"https:\/\/inclusivenews.com.br\/?s={search_term_string}"},"query-input":{"@type":"PropertyValueSpecification","valueRequired":true,"valueName":"search_term_string"}}],"inLanguage":"pt-PT"},{"@type":"Organization","@id":"https:\/\/inclusivenews.com.br\/#organization","name":"Inclusive - inclus\u00e3o e cidadania","url":"https:\/\/inclusivenews.com.br\/","logo":{"@type":"ImageObject","inLanguage":"pt-PT","@id":"https:\/\/inclusivenews.com.br\/#\/schema\/logo\/image\/","url":"https:\/\/inclusivenews.com.br\/wp-content\/uploads\/2024\/03\/@grandesite.png","contentUrl":"https:\/\/inclusivenews.com.br\/wp-content\/uploads\/2024\/03\/@grandesite.png","width":1080,"height":1080,"caption":"Inclusive - inclus\u00e3o e cidadania"},"image":{"@id":"https:\/\/inclusivenews.com.br\/#\/schema\/logo\/image\/"},"sameAs":["https:\/\/www.facebook.com\/agenciainclusive\/","https:\/\/www.instagram.com\/newsinclusive\/"]},{"@type":"Person","@id":"https:\/\/inclusivenews.com.br\/#\/schema\/person\/0dab492019871b94abb65fa8ee7c8c44","name":"Inclusive","image":{"@type":"ImageObject","inLanguage":"pt-PT","@id":"https:\/\/secure.gravatar.com\/avatar\/?s=96&d=mm&r=g","url":"https:\/\/secure.gravatar.com\/avatar\/?s=96&d=mm&r=g","contentUrl":"https:\/\/secure.gravatar.com\/avatar\/?s=96&d=mm&r=g","caption":"Inclusive"},"url":"https:\/\/inclusivenews.com.br\/?author=2"}]}},"_links":{"self":[{"href":"https:\/\/inclusivenews.com.br\/index.php?rest_route=\/wp\/v2\/posts\/817","targetHints":{"allow":["GET"]}}],"collection":[{"href":"https:\/\/inclusivenews.com.br\/index.php?rest_route=\/wp\/v2\/posts"}],"about":[{"href":"https:\/\/inclusivenews.com.br\/index.php?rest_route=\/wp\/v2\/types\/post"}],"author":[{"embeddable":true,"href":"https:\/\/inclusivenews.com.br\/index.php?rest_route=\/wp\/v2\/users\/2"}],"replies":[{"embeddable":true,"href":"https:\/\/inclusivenews.com.br\/index.php?rest_route=%2Fwp%2Fv2%2Fcomments&post=817"}],"version-history":[{"count":0,"href":"https:\/\/inclusivenews.com.br\/index.php?rest_route=\/wp\/v2\/posts\/817\/revisions"}],"wp:attachment":[{"href":"https:\/\/inclusivenews.com.br\/index.php?rest_route=%2Fwp%2Fv2%2Fmedia&parent=817"}],"wp:term":[{"taxonomy":"category","embeddable":true,"href":"https:\/\/inclusivenews.com.br\/index.php?rest_route=%2Fwp%2Fv2%2Fcategories&post=817"},{"taxonomy":"post_tag","embeddable":true,"href":"https:\/\/inclusivenews.com.br\/index.php?rest_route=%2Fwp%2Fv2%2Ftags&post=817"}],"curies":[{"name":"wp","href":"https:\/\/api.w.org\/{rel}","templated":true}]}}