{"id":8259,"date":"2009-06-12T19:19:17","date_gmt":"2009-06-12T19:19:17","guid":{"rendered":"http:\/\/agenciainclusive.wordpress.com\/?p=8259"},"modified":"2009-06-12T19:19:17","modified_gmt":"2009-06-12T19:19:17","slug":"fernanda-honorato-estara-hoje-1206-na-peca-momentos-em-familia","status":"publish","type":"post","link":"https:\/\/inclusivenews.com.br\/?p=8259","title":{"rendered":"Fernanda Honorato estar\u00e1 hoje (12\/06) na pe\u00e7a Momentos em Fam\u00edlia"},"content":{"rendered":"<p><img loading=\"lazy\" decoding=\"async\" class=\"size-full alignleft\" title=\"artes\" src=\"http:\/\/agenciainclusive.files.wordpress.com\/2009\/06\/artes.gif\" alt=\"Descri\u00e7\u00e3o da imagem: s\u00edmbolos das 7 artes \u2013 m\u00fasica (clave de sol e notas musicais), pintura (paleta de cores), escultura (V\u00eanus de Milo), literatura (pena e tinteiro), teatro (m\u00e1scaras da com\u00e9dia e trag\u00e9dia), dan\u00e7a (bailarina) e cinema (rolo de filme).\" width=\"120\" height=\"120\" \/>Com a presen\u00e7a da <a href=\"http:\/\/agenciainclusive.wordpress.com\/2009\/04\/29\/fernanda-honorato-e-entrevistada-pelo-jo-soares\/\">Fernanda Honorato<\/a>, o grupo Teatro Novo apresenta hoje (12\/06), \u00e0s 19 hs, o espet\u00e1culo &#8220;Momentos em Fam\u00edlia&#8221;, no Centro Cultural da Caixa Econ\u00f4mica Federal, na Av. Rio Branco com a esquina Almirante Barroso, no Rio de Janeiro. Os ingressos devem ser retirados uma hora antes do in\u00edcio do espet\u00e1culo, que tem a dire\u00e7\u00e3o de Rubens Emerick Gripe e, al\u00e9m da Fernanda, tem no elenco o Paulo Cesar, a Lucia Maria Forneiro, o Bruno Gomes, a Bruna Figueiredo, a Raquel Canela, entre outros.<\/p>\n<p>Fonte: Ag\u00eancia Inclusive<\/p>\n","protected":false},"excerpt":{"rendered":"<p>Com a presen\u00e7a da Fernanda Honorato, o grupo Teatro Novo apresenta hoje (12\/06), \u00e0s 19 hs, o espet\u00e1culo &#8220;Momentos em Fam\u00edlia&#8221;, no Centro Cultural da Caixa Econ\u00f4mica Federal, na Av. Rio Branco com a esquina Almirante Barroso, no Rio de Janeiro. Os ingressos devem ser retirados uma hora antes do in\u00edcio do espet\u00e1culo, que tem [&hellip;]<\/p>\n","protected":false},"author":2,"featured_media":0,"comment_status":"open","ping_status":"open","sticky":false,"template":"","format":"standard","meta":{"site-container-style":"default","site-container-layout":"default","site-sidebar-layout":"default","disable-article-header":"default","disable-site-header":"default","disable-site-footer":"default","disable-content-area-spacing":"default","footnotes":""},"categories":[29,7],"tags":[],"class_list":["post-8259","post","type-post","status-publish","format-standard","hentry","category-cultura","category-inclusive"],"yoast_head":"<!-- This site is optimized with the Yoast SEO plugin v27.4 - https:\/\/yoast.com\/product\/yoast-seo-wordpress\/ -->\n<title>Fernanda Honorato estar\u00e1 hoje (12\/06) na pe\u00e7a Momentos em Fam\u00edlia -<\/title>\n<meta name=\"robots\" content=\"index, follow, max-snippet:-1, max-image-preview:large, max-video-preview:-1\" \/>\n<link rel=\"canonical\" href=\"https:\/\/inclusivenews.com.br\/?p=8259\" \/>\n<meta property=\"og:locale\" content=\"pt_PT\" \/>\n<meta property=\"og:type\" content=\"article\" \/>\n<meta property=\"og:title\" content=\"Fernanda Honorato estar\u00e1 hoje (12\/06) na pe\u00e7a Momentos em Fam\u00edlia -\" \/>\n<meta property=\"og:description\" content=\"Com a presen\u00e7a da Fernanda Honorato, o grupo Teatro Novo apresenta hoje (12\/06), \u00e0s 19 hs, o espet\u00e1culo &#8220;Momentos em Fam\u00edlia&#8221;, no Centro Cultural da Caixa Econ\u00f4mica Federal, na Av. Rio Branco com a esquina Almirante Barroso, no Rio de Janeiro. Os ingressos devem ser retirados uma hora antes do in\u00edcio do espet\u00e1culo, que tem [&hellip;]\" \/>\n<meta property=\"og:url\" content=\"https:\/\/inclusivenews.com.br\/?p=8259\" \/>\n<meta property=\"article:publisher\" content=\"https:\/\/www.facebook.com\/agenciainclusive\/\" \/>\n<meta property=\"article:published_time\" content=\"2009-06-12T19:19:17+00:00\" \/>\n<meta property=\"og:image\" content=\"http:\/\/agenciainclusive.files.wordpress.com\/2009\/06\/artes.gif\" \/>\n<meta name=\"author\" content=\"Inclusive\" \/>\n<meta name=\"twitter:card\" content=\"summary_large_image\" \/>\n<meta name=\"twitter:label1\" content=\"Escrito por\" \/>\n\t<meta name=\"twitter:data1\" content=\"Inclusive\" \/>\n<script type=\"application\/ld+json\" class=\"yoast-schema-graph\">{\"@context\":\"https:\\\/\\\/schema.org\",\"@graph\":[{\"@type\":\"Article\",\"@id\":\"https:\\\/\\\/inclusivenews.com.br\\\/?p=8259#article\",\"isPartOf\":{\"@id\":\"https:\\\/\\\/inclusivenews.com.br\\\/?p=8259\"},\"author\":{\"name\":\"Inclusive\",\"@id\":\"https:\\\/\\\/inclusivenews.com.br\\\/#\\\/schema\\\/person\\\/0dab492019871b94abb65fa8ee7c8c44\"},\"headline\":\"Fernanda Honorato estar\u00e1 hoje (12\\\/06) na pe\u00e7a Momentos em Fam\u00edlia\",\"datePublished\":\"2009-06-12T19:19:17+00:00\",\"mainEntityOfPage\":{\"@id\":\"https:\\\/\\\/inclusivenews.com.br\\\/?p=8259\"},\"wordCount\":107,\"commentCount\":0,\"publisher\":{\"@id\":\"https:\\\/\\\/inclusivenews.com.br\\\/#organization\"},\"image\":{\"@id\":\"https:\\\/\\\/inclusivenews.com.br\\\/?p=8259#primaryimage\"},\"thumbnailUrl\":\"http:\\\/\\\/agenciainclusive.files.wordpress.com\\\/2009\\\/06\\\/artes.gif\",\"articleSection\":[\"Cultura\",\"Inclusive\"],\"inLanguage\":\"pt-PT\",\"potentialAction\":[{\"@type\":\"CommentAction\",\"name\":\"Comment\",\"target\":[\"https:\\\/\\\/inclusivenews.com.br\\\/?p=8259#respond\"]}]},{\"@type\":\"WebPage\",\"@id\":\"https:\\\/\\\/inclusivenews.com.br\\\/?p=8259\",\"url\":\"https:\\\/\\\/inclusivenews.com.br\\\/?p=8259\",\"name\":\"Fernanda Honorato estar\u00e1 hoje (12\\\/06) na pe\u00e7a Momentos em Fam\u00edlia -\",\"isPartOf\":{\"@id\":\"https:\\\/\\\/inclusivenews.com.br\\\/#website\"},\"primaryImageOfPage\":{\"@id\":\"https:\\\/\\\/inclusivenews.com.br\\\/?p=8259#primaryimage\"},\"image\":{\"@id\":\"https:\\\/\\\/inclusivenews.com.br\\\/?p=8259#primaryimage\"},\"thumbnailUrl\":\"http:\\\/\\\/agenciainclusive.files.wordpress.com\\\/2009\\\/06\\\/artes.gif\",\"datePublished\":\"2009-06-12T19:19:17+00:00\",\"breadcrumb\":{\"@id\":\"https:\\\/\\\/inclusivenews.com.br\\\/?p=8259#breadcrumb\"},\"inLanguage\":\"pt-PT\",\"potentialAction\":[{\"@type\":\"ReadAction\",\"target\":[\"https:\\\/\\\/inclusivenews.com.br\\\/?p=8259\"]}]},{\"@type\":\"ImageObject\",\"inLanguage\":\"pt-PT\",\"@id\":\"https:\\\/\\\/inclusivenews.com.br\\\/?p=8259#primaryimage\",\"url\":\"http:\\\/\\\/agenciainclusive.files.wordpress.com\\\/2009\\\/06\\\/artes.gif\",\"contentUrl\":\"http:\\\/\\\/agenciainclusive.files.wordpress.com\\\/2009\\\/06\\\/artes.gif\"},{\"@type\":\"BreadcrumbList\",\"@id\":\"https:\\\/\\\/inclusivenews.com.br\\\/?p=8259#breadcrumb\",\"itemListElement\":[{\"@type\":\"ListItem\",\"position\":1,\"name\":\"In\u00edcio\",\"item\":\"https:\\\/\\\/inclusivenews.com.br\\\/\"},{\"@type\":\"ListItem\",\"position\":2,\"name\":\"Fernanda Honorato estar\u00e1 hoje (12\\\/06) na pe\u00e7a Momentos em Fam\u00edlia\"}]},{\"@type\":\"WebSite\",\"@id\":\"https:\\\/\\\/inclusivenews.com.br\\\/#website\",\"url\":\"https:\\\/\\\/inclusivenews.com.br\\\/\",\"name\":\"Inclusive News\",\"description\":\"Inclusive News\",\"publisher\":{\"@id\":\"https:\\\/\\\/inclusivenews.com.br\\\/#organization\"},\"potentialAction\":[{\"@type\":\"SearchAction\",\"target\":{\"@type\":\"EntryPoint\",\"urlTemplate\":\"https:\\\/\\\/inclusivenews.com.br\\\/?s={search_term_string}\"},\"query-input\":{\"@type\":\"PropertyValueSpecification\",\"valueRequired\":true,\"valueName\":\"search_term_string\"}}],\"inLanguage\":\"pt-PT\"},{\"@type\":\"Organization\",\"@id\":\"https:\\\/\\\/inclusivenews.com.br\\\/#organization\",\"name\":\"Inclusive - inclus\u00e3o e cidadania\",\"url\":\"https:\\\/\\\/inclusivenews.com.br\\\/\",\"logo\":{\"@type\":\"ImageObject\",\"inLanguage\":\"pt-PT\",\"@id\":\"https:\\\/\\\/inclusivenews.com.br\\\/#\\\/schema\\\/logo\\\/image\\\/\",\"url\":\"https:\\\/\\\/inclusivenews.com.br\\\/wp-content\\\/uploads\\\/2024\\\/03\\\/@grandesite.png\",\"contentUrl\":\"https:\\\/\\\/inclusivenews.com.br\\\/wp-content\\\/uploads\\\/2024\\\/03\\\/@grandesite.png\",\"width\":1080,\"height\":1080,\"caption\":\"Inclusive - inclus\u00e3o e cidadania\"},\"image\":{\"@id\":\"https:\\\/\\\/inclusivenews.com.br\\\/#\\\/schema\\\/logo\\\/image\\\/\"},\"sameAs\":[\"https:\\\/\\\/www.facebook.com\\\/agenciainclusive\\\/\",\"https:\\\/\\\/www.instagram.com\\\/newsinclusive\\\/\"]},{\"@type\":\"Person\",\"@id\":\"https:\\\/\\\/inclusivenews.com.br\\\/#\\\/schema\\\/person\\\/0dab492019871b94abb65fa8ee7c8c44\",\"name\":\"Inclusive\",\"image\":{\"@type\":\"ImageObject\",\"inLanguage\":\"pt-PT\",\"@id\":\"https:\\\/\\\/secure.gravatar.com\\\/avatar\\\/?s=96&d=mm&r=g\",\"url\":\"https:\\\/\\\/secure.gravatar.com\\\/avatar\\\/?s=96&d=mm&r=g\",\"contentUrl\":\"https:\\\/\\\/secure.gravatar.com\\\/avatar\\\/?s=96&d=mm&r=g\",\"caption\":\"Inclusive\"},\"url\":\"https:\\\/\\\/inclusivenews.com.br\\\/?author=2\"}]}<\/script>\n<!-- \/ Yoast SEO plugin. -->","yoast_head_json":{"title":"Fernanda Honorato estar\u00e1 hoje (12\/06) na pe\u00e7a Momentos em Fam\u00edlia -","robots":{"index":"index","follow":"follow","max-snippet":"max-snippet:-1","max-image-preview":"max-image-preview:large","max-video-preview":"max-video-preview:-1"},"canonical":"https:\/\/inclusivenews.com.br\/?p=8259","og_locale":"pt_PT","og_type":"article","og_title":"Fernanda Honorato estar\u00e1 hoje (12\/06) na pe\u00e7a Momentos em Fam\u00edlia -","og_description":"Com a presen\u00e7a da Fernanda Honorato, o grupo Teatro Novo apresenta hoje (12\/06), \u00e0s 19 hs, o espet\u00e1culo &#8220;Momentos em Fam\u00edlia&#8221;, no Centro Cultural da Caixa Econ\u00f4mica Federal, na Av. Rio Branco com a esquina Almirante Barroso, no Rio de Janeiro. Os ingressos devem ser retirados uma hora antes do in\u00edcio do espet\u00e1culo, que tem [&hellip;]","og_url":"https:\/\/inclusivenews.com.br\/?p=8259","article_publisher":"https:\/\/www.facebook.com\/agenciainclusive\/","article_published_time":"2009-06-12T19:19:17+00:00","og_image":[{"url":"http:\/\/agenciainclusive.files.wordpress.com\/2009\/06\/artes.gif","type":"","width":"","height":""}],"author":"Inclusive","twitter_card":"summary_large_image","twitter_misc":{"Escrito por":"Inclusive"},"schema":{"@context":"https:\/\/schema.org","@graph":[{"@type":"Article","@id":"https:\/\/inclusivenews.com.br\/?p=8259#article","isPartOf":{"@id":"https:\/\/inclusivenews.com.br\/?p=8259"},"author":{"name":"Inclusive","@id":"https:\/\/inclusivenews.com.br\/#\/schema\/person\/0dab492019871b94abb65fa8ee7c8c44"},"headline":"Fernanda Honorato estar\u00e1 hoje (12\/06) na pe\u00e7a Momentos em Fam\u00edlia","datePublished":"2009-06-12T19:19:17+00:00","mainEntityOfPage":{"@id":"https:\/\/inclusivenews.com.br\/?p=8259"},"wordCount":107,"commentCount":0,"publisher":{"@id":"https:\/\/inclusivenews.com.br\/#organization"},"image":{"@id":"https:\/\/inclusivenews.com.br\/?p=8259#primaryimage"},"thumbnailUrl":"http:\/\/agenciainclusive.files.wordpress.com\/2009\/06\/artes.gif","articleSection":["Cultura","Inclusive"],"inLanguage":"pt-PT","potentialAction":[{"@type":"CommentAction","name":"Comment","target":["https:\/\/inclusivenews.com.br\/?p=8259#respond"]}]},{"@type":"WebPage","@id":"https:\/\/inclusivenews.com.br\/?p=8259","url":"https:\/\/inclusivenews.com.br\/?p=8259","name":"Fernanda Honorato estar\u00e1 hoje (12\/06) na pe\u00e7a Momentos em Fam\u00edlia -","isPartOf":{"@id":"https:\/\/inclusivenews.com.br\/#website"},"primaryImageOfPage":{"@id":"https:\/\/inclusivenews.com.br\/?p=8259#primaryimage"},"image":{"@id":"https:\/\/inclusivenews.com.br\/?p=8259#primaryimage"},"thumbnailUrl":"http:\/\/agenciainclusive.files.wordpress.com\/2009\/06\/artes.gif","datePublished":"2009-06-12T19:19:17+00:00","breadcrumb":{"@id":"https:\/\/inclusivenews.com.br\/?p=8259#breadcrumb"},"inLanguage":"pt-PT","potentialAction":[{"@type":"ReadAction","target":["https:\/\/inclusivenews.com.br\/?p=8259"]}]},{"@type":"ImageObject","inLanguage":"pt-PT","@id":"https:\/\/inclusivenews.com.br\/?p=8259#primaryimage","url":"http:\/\/agenciainclusive.files.wordpress.com\/2009\/06\/artes.gif","contentUrl":"http:\/\/agenciainclusive.files.wordpress.com\/2009\/06\/artes.gif"},{"@type":"BreadcrumbList","@id":"https:\/\/inclusivenews.com.br\/?p=8259#breadcrumb","itemListElement":[{"@type":"ListItem","position":1,"name":"In\u00edcio","item":"https:\/\/inclusivenews.com.br\/"},{"@type":"ListItem","position":2,"name":"Fernanda Honorato estar\u00e1 hoje (12\/06) na pe\u00e7a Momentos em Fam\u00edlia"}]},{"@type":"WebSite","@id":"https:\/\/inclusivenews.com.br\/#website","url":"https:\/\/inclusivenews.com.br\/","name":"Inclusive News","description":"Inclusive News","publisher":{"@id":"https:\/\/inclusivenews.com.br\/#organization"},"potentialAction":[{"@type":"SearchAction","target":{"@type":"EntryPoint","urlTemplate":"https:\/\/inclusivenews.com.br\/?s={search_term_string}"},"query-input":{"@type":"PropertyValueSpecification","valueRequired":true,"valueName":"search_term_string"}}],"inLanguage":"pt-PT"},{"@type":"Organization","@id":"https:\/\/inclusivenews.com.br\/#organization","name":"Inclusive - inclus\u00e3o e cidadania","url":"https:\/\/inclusivenews.com.br\/","logo":{"@type":"ImageObject","inLanguage":"pt-PT","@id":"https:\/\/inclusivenews.com.br\/#\/schema\/logo\/image\/","url":"https:\/\/inclusivenews.com.br\/wp-content\/uploads\/2024\/03\/@grandesite.png","contentUrl":"https:\/\/inclusivenews.com.br\/wp-content\/uploads\/2024\/03\/@grandesite.png","width":1080,"height":1080,"caption":"Inclusive - inclus\u00e3o e cidadania"},"image":{"@id":"https:\/\/inclusivenews.com.br\/#\/schema\/logo\/image\/"},"sameAs":["https:\/\/www.facebook.com\/agenciainclusive\/","https:\/\/www.instagram.com\/newsinclusive\/"]},{"@type":"Person","@id":"https:\/\/inclusivenews.com.br\/#\/schema\/person\/0dab492019871b94abb65fa8ee7c8c44","name":"Inclusive","image":{"@type":"ImageObject","inLanguage":"pt-PT","@id":"https:\/\/secure.gravatar.com\/avatar\/?s=96&d=mm&r=g","url":"https:\/\/secure.gravatar.com\/avatar\/?s=96&d=mm&r=g","contentUrl":"https:\/\/secure.gravatar.com\/avatar\/?s=96&d=mm&r=g","caption":"Inclusive"},"url":"https:\/\/inclusivenews.com.br\/?author=2"}]}},"_links":{"self":[{"href":"https:\/\/inclusivenews.com.br\/index.php?rest_route=\/wp\/v2\/posts\/8259","targetHints":{"allow":["GET"]}}],"collection":[{"href":"https:\/\/inclusivenews.com.br\/index.php?rest_route=\/wp\/v2\/posts"}],"about":[{"href":"https:\/\/inclusivenews.com.br\/index.php?rest_route=\/wp\/v2\/types\/post"}],"author":[{"embeddable":true,"href":"https:\/\/inclusivenews.com.br\/index.php?rest_route=\/wp\/v2\/users\/2"}],"replies":[{"embeddable":true,"href":"https:\/\/inclusivenews.com.br\/index.php?rest_route=%2Fwp%2Fv2%2Fcomments&post=8259"}],"version-history":[{"count":0,"href":"https:\/\/inclusivenews.com.br\/index.php?rest_route=\/wp\/v2\/posts\/8259\/revisions"}],"wp:attachment":[{"href":"https:\/\/inclusivenews.com.br\/index.php?rest_route=%2Fwp%2Fv2%2Fmedia&parent=8259"}],"wp:term":[{"taxonomy":"category","embeddable":true,"href":"https:\/\/inclusivenews.com.br\/index.php?rest_route=%2Fwp%2Fv2%2Fcategories&post=8259"},{"taxonomy":"post_tag","embeddable":true,"href":"https:\/\/inclusivenews.com.br\/index.php?rest_route=%2Fwp%2Fv2%2Ftags&post=8259"}],"curies":[{"name":"wp","href":"https:\/\/api.w.org\/{rel}","templated":true}]}}