{"id":8348,"date":"2009-06-17T12:25:25","date_gmt":"2009-06-17T12:25:25","guid":{"rendered":"http:\/\/agenciainclusive.wordpress.com\/?p=8348"},"modified":"2009-06-17T12:25:25","modified_gmt":"2009-06-17T12:25:25","slug":"conferencia-internacional-educacao-inclusiva","status":"publish","type":"post","link":"https:\/\/inclusivenews.com.br\/?p=8348","title":{"rendered":"Confer\u00eancia Internacional Educa\u00e7\u00e3o Inclusiva"},"content":{"rendered":"<p>A Direc\u00e7\u00e3o-Geral de Inova\u00e7\u00e3o e de Desenvolvimento Curricular promove, nos pr\u00f3ximos dias 4 e 5 de Setembro, no Centro Cultural de Bel\u00e9m (CCB), em Lisboa, a Confer\u00eancia Internacional Educa\u00e7\u00e3o Inclusiva &#8211; Impacto dos Referenciais Internacionais nas Pol\u00edticas, nas Pr\u00e1ticas e na Forma\u00e7\u00e3o.<\/p>\n<p>Num contexto sociopol\u00edtico marcado por profundas transforma\u00e7\u00f5es, os investigadores e a comunidade educativa s\u00e3o desafiados a encontrar novos equil\u00edbrios, consonantes com a evolu\u00e7\u00e3o dos referenciais internacionais. Em Portugal, tal como acontece em todos os pa\u00edses europeus, a emerg\u00eancia de novos referenciais exige que se repensem os objectivos e as pr\u00e1ticas de escola.<\/p>\n<p>Nesta Confer\u00eancia, que conta com a participa\u00e7\u00e3o de especialistas reconhecidos a n\u00edvel nacional e internacional, pretende-se promover a discuss\u00e3o em torno de quest\u00f5es centrais para a mudan\u00e7a das pol\u00edticas e das pr\u00e1ticas.<br \/>\nPrograma<\/p>\n<p>Ficha de Inscri\u00e7\u00e3o<\/p>\n<p>Data limite para as inscri\u00e7\u00f5es: 17 de Julho<\/p>\n<p>O n\u00famero de participantes \u00e9 limitado, sendo as inscri\u00e7\u00f5es admitidas por ordem de chegada.<\/p>\n<p>&#8211; Tradu\u00e7\u00e3o simult\u00e2nea dispon\u00edvel<br \/>\n&#8211; Interpreta\u00e7\u00e3o em L\u00edngua Gestual Portuguesa<br \/>\nContactos<br \/>\nE-mail: <a href=\"mailto:conferencia.educacaoinclusiva@dgidc.min-edu.pt\">conferencia.educacaoinclusiva@dgidc.min-edu.pt<\/a><br \/>\nTelefone: 213934532<\/p>\n<p>Centro Cultural de Bel\u00e9m (CCB)<br \/>\nContactos<br \/>\nAcessos<\/p>\n","protected":false},"excerpt":{"rendered":"<p>A Direc\u00e7\u00e3o-Geral de Inova\u00e7\u00e3o e de Desenvolvimento Curricular promove, nos pr\u00f3ximos dias 4 e 5 de Setembro, no Centro Cultural de Bel\u00e9m (CCB), em Lisboa, a Confer\u00eancia Internacional Educa\u00e7\u00e3o Inclusiva &#8211; Impacto dos Referenciais Internacionais nas Pol\u00edticas, nas Pr\u00e1ticas e na Forma\u00e7\u00e3o. Num contexto sociopol\u00edtico marcado por profundas transforma\u00e7\u00f5es, os investigadores e a comunidade educativa [&hellip;]<\/p>\n","protected":false},"author":2,"featured_media":0,"comment_status":"open","ping_status":"open","sticky":false,"template":"","format":"standard","meta":{"site-container-style":"default","site-container-layout":"default","site-sidebar-layout":"default","disable-article-header":"default","disable-site-header":"default","disable-site-footer":"default","disable-content-area-spacing":"default","footnotes":""},"categories":[12],"tags":[],"class_list":["post-8348","post","type-post","status-publish","format-standard","hentry","category-cursos-e-eventos"],"yoast_head":"<!-- This site is optimized with the Yoast SEO plugin v27.4 - https:\/\/yoast.com\/product\/yoast-seo-wordpress\/ -->\n<title>Confer\u00eancia Internacional Educa\u00e7\u00e3o Inclusiva -<\/title>\n<meta name=\"robots\" content=\"index, follow, max-snippet:-1, max-image-preview:large, max-video-preview:-1\" \/>\n<link rel=\"canonical\" href=\"https:\/\/inclusivenews.com.br\/?p=8348\" \/>\n<meta property=\"og:locale\" content=\"pt_PT\" \/>\n<meta property=\"og:type\" content=\"article\" \/>\n<meta property=\"og:title\" content=\"Confer\u00eancia Internacional Educa\u00e7\u00e3o Inclusiva -\" \/>\n<meta property=\"og:description\" content=\"A Direc\u00e7\u00e3o-Geral de Inova\u00e7\u00e3o e de Desenvolvimento Curricular promove, nos pr\u00f3ximos dias 4 e 5 de Setembro, no Centro Cultural de Bel\u00e9m (CCB), em Lisboa, a Confer\u00eancia Internacional Educa\u00e7\u00e3o Inclusiva &#8211; Impacto dos Referenciais Internacionais nas Pol\u00edticas, nas Pr\u00e1ticas e na Forma\u00e7\u00e3o. Num contexto sociopol\u00edtico marcado por profundas transforma\u00e7\u00f5es, os investigadores e a comunidade educativa [&hellip;]\" \/>\n<meta property=\"og:url\" content=\"https:\/\/inclusivenews.com.br\/?p=8348\" \/>\n<meta property=\"article:publisher\" content=\"https:\/\/www.facebook.com\/agenciainclusive\/\" \/>\n<meta property=\"article:published_time\" content=\"2009-06-17T12:25:25+00:00\" \/>\n<meta name=\"author\" content=\"Inclusive\" \/>\n<meta name=\"twitter:card\" content=\"summary_large_image\" \/>\n<meta name=\"twitter:label1\" content=\"Escrito por\" \/>\n\t<meta name=\"twitter:data1\" content=\"Inclusive\" \/>\n\t<meta name=\"twitter:label2\" content=\"Tempo estimado de leitura\" \/>\n\t<meta name=\"twitter:data2\" content=\"1 minuto\" \/>\n<script type=\"application\/ld+json\" class=\"yoast-schema-graph\">{\"@context\":\"https:\\\/\\\/schema.org\",\"@graph\":[{\"@type\":\"Article\",\"@id\":\"https:\\\/\\\/inclusivenews.com.br\\\/?p=8348#article\",\"isPartOf\":{\"@id\":\"https:\\\/\\\/inclusivenews.com.br\\\/?p=8348\"},\"author\":{\"name\":\"Inclusive\",\"@id\":\"https:\\\/\\\/inclusivenews.com.br\\\/#\\\/schema\\\/person\\\/0dab492019871b94abb65fa8ee7c8c44\"},\"headline\":\"Confer\u00eancia Internacional Educa\u00e7\u00e3o Inclusiva\",\"datePublished\":\"2009-06-17T12:25:25+00:00\",\"mainEntityOfPage\":{\"@id\":\"https:\\\/\\\/inclusivenews.com.br\\\/?p=8348\"},\"wordCount\":214,\"commentCount\":0,\"publisher\":{\"@id\":\"https:\\\/\\\/inclusivenews.com.br\\\/#organization\"},\"articleSection\":[\"Cursos e eventos\"],\"inLanguage\":\"pt-PT\",\"potentialAction\":[{\"@type\":\"CommentAction\",\"name\":\"Comment\",\"target\":[\"https:\\\/\\\/inclusivenews.com.br\\\/?p=8348#respond\"]}]},{\"@type\":\"WebPage\",\"@id\":\"https:\\\/\\\/inclusivenews.com.br\\\/?p=8348\",\"url\":\"https:\\\/\\\/inclusivenews.com.br\\\/?p=8348\",\"name\":\"Confer\u00eancia Internacional Educa\u00e7\u00e3o Inclusiva -\",\"isPartOf\":{\"@id\":\"https:\\\/\\\/inclusivenews.com.br\\\/#website\"},\"datePublished\":\"2009-06-17T12:25:25+00:00\",\"breadcrumb\":{\"@id\":\"https:\\\/\\\/inclusivenews.com.br\\\/?p=8348#breadcrumb\"},\"inLanguage\":\"pt-PT\",\"potentialAction\":[{\"@type\":\"ReadAction\",\"target\":[\"https:\\\/\\\/inclusivenews.com.br\\\/?p=8348\"]}]},{\"@type\":\"BreadcrumbList\",\"@id\":\"https:\\\/\\\/inclusivenews.com.br\\\/?p=8348#breadcrumb\",\"itemListElement\":[{\"@type\":\"ListItem\",\"position\":1,\"name\":\"In\u00edcio\",\"item\":\"https:\\\/\\\/inclusivenews.com.br\\\/\"},{\"@type\":\"ListItem\",\"position\":2,\"name\":\"Confer\u00eancia Internacional Educa\u00e7\u00e3o Inclusiva\"}]},{\"@type\":\"WebSite\",\"@id\":\"https:\\\/\\\/inclusivenews.com.br\\\/#website\",\"url\":\"https:\\\/\\\/inclusivenews.com.br\\\/\",\"name\":\"Inclusive News\",\"description\":\"Inclusive News\",\"publisher\":{\"@id\":\"https:\\\/\\\/inclusivenews.com.br\\\/#organization\"},\"potentialAction\":[{\"@type\":\"SearchAction\",\"target\":{\"@type\":\"EntryPoint\",\"urlTemplate\":\"https:\\\/\\\/inclusivenews.com.br\\\/?s={search_term_string}\"},\"query-input\":{\"@type\":\"PropertyValueSpecification\",\"valueRequired\":true,\"valueName\":\"search_term_string\"}}],\"inLanguage\":\"pt-PT\"},{\"@type\":\"Organization\",\"@id\":\"https:\\\/\\\/inclusivenews.com.br\\\/#organization\",\"name\":\"Inclusive - inclus\u00e3o e cidadania\",\"url\":\"https:\\\/\\\/inclusivenews.com.br\\\/\",\"logo\":{\"@type\":\"ImageObject\",\"inLanguage\":\"pt-PT\",\"@id\":\"https:\\\/\\\/inclusivenews.com.br\\\/#\\\/schema\\\/logo\\\/image\\\/\",\"url\":\"https:\\\/\\\/inclusivenews.com.br\\\/wp-content\\\/uploads\\\/2024\\\/03\\\/@grandesite.png\",\"contentUrl\":\"https:\\\/\\\/inclusivenews.com.br\\\/wp-content\\\/uploads\\\/2024\\\/03\\\/@grandesite.png\",\"width\":1080,\"height\":1080,\"caption\":\"Inclusive - inclus\u00e3o e cidadania\"},\"image\":{\"@id\":\"https:\\\/\\\/inclusivenews.com.br\\\/#\\\/schema\\\/logo\\\/image\\\/\"},\"sameAs\":[\"https:\\\/\\\/www.facebook.com\\\/agenciainclusive\\\/\",\"https:\\\/\\\/www.instagram.com\\\/newsinclusive\\\/\"]},{\"@type\":\"Person\",\"@id\":\"https:\\\/\\\/inclusivenews.com.br\\\/#\\\/schema\\\/person\\\/0dab492019871b94abb65fa8ee7c8c44\",\"name\":\"Inclusive\",\"image\":{\"@type\":\"ImageObject\",\"inLanguage\":\"pt-PT\",\"@id\":\"https:\\\/\\\/secure.gravatar.com\\\/avatar\\\/?s=96&d=mm&r=g\",\"url\":\"https:\\\/\\\/secure.gravatar.com\\\/avatar\\\/?s=96&d=mm&r=g\",\"contentUrl\":\"https:\\\/\\\/secure.gravatar.com\\\/avatar\\\/?s=96&d=mm&r=g\",\"caption\":\"Inclusive\"},\"url\":\"https:\\\/\\\/inclusivenews.com.br\\\/?author=2\"}]}<\/script>\n<!-- \/ Yoast SEO plugin. -->","yoast_head_json":{"title":"Confer\u00eancia Internacional Educa\u00e7\u00e3o Inclusiva -","robots":{"index":"index","follow":"follow","max-snippet":"max-snippet:-1","max-image-preview":"max-image-preview:large","max-video-preview":"max-video-preview:-1"},"canonical":"https:\/\/inclusivenews.com.br\/?p=8348","og_locale":"pt_PT","og_type":"article","og_title":"Confer\u00eancia Internacional Educa\u00e7\u00e3o Inclusiva -","og_description":"A Direc\u00e7\u00e3o-Geral de Inova\u00e7\u00e3o e de Desenvolvimento Curricular promove, nos pr\u00f3ximos dias 4 e 5 de Setembro, no Centro Cultural de Bel\u00e9m (CCB), em Lisboa, a Confer\u00eancia Internacional Educa\u00e7\u00e3o Inclusiva &#8211; Impacto dos Referenciais Internacionais nas Pol\u00edticas, nas Pr\u00e1ticas e na Forma\u00e7\u00e3o. Num contexto sociopol\u00edtico marcado por profundas transforma\u00e7\u00f5es, os investigadores e a comunidade educativa [&hellip;]","og_url":"https:\/\/inclusivenews.com.br\/?p=8348","article_publisher":"https:\/\/www.facebook.com\/agenciainclusive\/","article_published_time":"2009-06-17T12:25:25+00:00","author":"Inclusive","twitter_card":"summary_large_image","twitter_misc":{"Escrito por":"Inclusive","Tempo estimado de leitura":"1 minuto"},"schema":{"@context":"https:\/\/schema.org","@graph":[{"@type":"Article","@id":"https:\/\/inclusivenews.com.br\/?p=8348#article","isPartOf":{"@id":"https:\/\/inclusivenews.com.br\/?p=8348"},"author":{"name":"Inclusive","@id":"https:\/\/inclusivenews.com.br\/#\/schema\/person\/0dab492019871b94abb65fa8ee7c8c44"},"headline":"Confer\u00eancia Internacional Educa\u00e7\u00e3o Inclusiva","datePublished":"2009-06-17T12:25:25+00:00","mainEntityOfPage":{"@id":"https:\/\/inclusivenews.com.br\/?p=8348"},"wordCount":214,"commentCount":0,"publisher":{"@id":"https:\/\/inclusivenews.com.br\/#organization"},"articleSection":["Cursos e eventos"],"inLanguage":"pt-PT","potentialAction":[{"@type":"CommentAction","name":"Comment","target":["https:\/\/inclusivenews.com.br\/?p=8348#respond"]}]},{"@type":"WebPage","@id":"https:\/\/inclusivenews.com.br\/?p=8348","url":"https:\/\/inclusivenews.com.br\/?p=8348","name":"Confer\u00eancia Internacional Educa\u00e7\u00e3o Inclusiva -","isPartOf":{"@id":"https:\/\/inclusivenews.com.br\/#website"},"datePublished":"2009-06-17T12:25:25+00:00","breadcrumb":{"@id":"https:\/\/inclusivenews.com.br\/?p=8348#breadcrumb"},"inLanguage":"pt-PT","potentialAction":[{"@type":"ReadAction","target":["https:\/\/inclusivenews.com.br\/?p=8348"]}]},{"@type":"BreadcrumbList","@id":"https:\/\/inclusivenews.com.br\/?p=8348#breadcrumb","itemListElement":[{"@type":"ListItem","position":1,"name":"In\u00edcio","item":"https:\/\/inclusivenews.com.br\/"},{"@type":"ListItem","position":2,"name":"Confer\u00eancia Internacional Educa\u00e7\u00e3o Inclusiva"}]},{"@type":"WebSite","@id":"https:\/\/inclusivenews.com.br\/#website","url":"https:\/\/inclusivenews.com.br\/","name":"Inclusive News","description":"Inclusive News","publisher":{"@id":"https:\/\/inclusivenews.com.br\/#organization"},"potentialAction":[{"@type":"SearchAction","target":{"@type":"EntryPoint","urlTemplate":"https:\/\/inclusivenews.com.br\/?s={search_term_string}"},"query-input":{"@type":"PropertyValueSpecification","valueRequired":true,"valueName":"search_term_string"}}],"inLanguage":"pt-PT"},{"@type":"Organization","@id":"https:\/\/inclusivenews.com.br\/#organization","name":"Inclusive - inclus\u00e3o e cidadania","url":"https:\/\/inclusivenews.com.br\/","logo":{"@type":"ImageObject","inLanguage":"pt-PT","@id":"https:\/\/inclusivenews.com.br\/#\/schema\/logo\/image\/","url":"https:\/\/inclusivenews.com.br\/wp-content\/uploads\/2024\/03\/@grandesite.png","contentUrl":"https:\/\/inclusivenews.com.br\/wp-content\/uploads\/2024\/03\/@grandesite.png","width":1080,"height":1080,"caption":"Inclusive - inclus\u00e3o e cidadania"},"image":{"@id":"https:\/\/inclusivenews.com.br\/#\/schema\/logo\/image\/"},"sameAs":["https:\/\/www.facebook.com\/agenciainclusive\/","https:\/\/www.instagram.com\/newsinclusive\/"]},{"@type":"Person","@id":"https:\/\/inclusivenews.com.br\/#\/schema\/person\/0dab492019871b94abb65fa8ee7c8c44","name":"Inclusive","image":{"@type":"ImageObject","inLanguage":"pt-PT","@id":"https:\/\/secure.gravatar.com\/avatar\/?s=96&d=mm&r=g","url":"https:\/\/secure.gravatar.com\/avatar\/?s=96&d=mm&r=g","contentUrl":"https:\/\/secure.gravatar.com\/avatar\/?s=96&d=mm&r=g","caption":"Inclusive"},"url":"https:\/\/inclusivenews.com.br\/?author=2"}]}},"_links":{"self":[{"href":"https:\/\/inclusivenews.com.br\/index.php?rest_route=\/wp\/v2\/posts\/8348","targetHints":{"allow":["GET"]}}],"collection":[{"href":"https:\/\/inclusivenews.com.br\/index.php?rest_route=\/wp\/v2\/posts"}],"about":[{"href":"https:\/\/inclusivenews.com.br\/index.php?rest_route=\/wp\/v2\/types\/post"}],"author":[{"embeddable":true,"href":"https:\/\/inclusivenews.com.br\/index.php?rest_route=\/wp\/v2\/users\/2"}],"replies":[{"embeddable":true,"href":"https:\/\/inclusivenews.com.br\/index.php?rest_route=%2Fwp%2Fv2%2Fcomments&post=8348"}],"version-history":[{"count":0,"href":"https:\/\/inclusivenews.com.br\/index.php?rest_route=\/wp\/v2\/posts\/8348\/revisions"}],"wp:attachment":[{"href":"https:\/\/inclusivenews.com.br\/index.php?rest_route=%2Fwp%2Fv2%2Fmedia&parent=8348"}],"wp:term":[{"taxonomy":"category","embeddable":true,"href":"https:\/\/inclusivenews.com.br\/index.php?rest_route=%2Fwp%2Fv2%2Fcategories&post=8348"},{"taxonomy":"post_tag","embeddable":true,"href":"https:\/\/inclusivenews.com.br\/index.php?rest_route=%2Fwp%2Fv2%2Ftags&post=8348"}],"curies":[{"name":"wp","href":"https:\/\/api.w.org\/{rel}","templated":true}]}}