{"id":8352,"date":"2009-06-17T12:27:17","date_gmt":"2009-06-17T12:27:17","guid":{"rendered":"http:\/\/agenciainclusive.wordpress.com\/?p=8352"},"modified":"2009-06-17T12:27:17","modified_gmt":"2009-06-17T12:27:17","slug":"dia-mundial-do-orgulho-autista-5%c2%aa-ed-mundial","status":"publish","type":"post","link":"https:\/\/inclusivenews.com.br\/?p=8352","title":{"rendered":"Dia mundial do orgulho autista &#8211; 5\u00aa ed. mundial"},"content":{"rendered":"<p>MOVIMENTO ORGULHO AUTISTA BRASIL<br \/>\nGOVERNO DO DISTRITO FEDERAL<br \/>\nSECRETARIA DE JUSTI\u00c7A, DIREITOS HUMANOS E CIDADANIA<br \/>\nSUBSECRETARIA DE CIDADANIA<br \/>\nCOORDENADORIA PARA INCLUS\u00c3O DA PESSOA COM DEFICI\u00caNCIA DO DISTRITO FEDERAL\u00a0<\/p>\n<p>Objetivos:<\/p>\n<p>Promover debate de conscientiza\u00e7\u00e3o da sociedade sobre Autismo:<\/p>\n<p>*desmistifica\u00e7\u00e3o;*defini\u00e7\u00f5es;*dificuldades e preconceitos;*conviv\u00eancia em sociedade;*interven\u00e7\u00f5es terap\u00eauticas;*interven\u00e7\u00f5es medicamentosas;*o cotidiano do autismo;*depoimentos de pais, respons\u00e1veis e terapeutas;*propostas pedag\u00f3gicas;*lacuna na forma\u00e7\u00e3o acad\u00eamica dos profissionais;*acessibilidade;*propostas de pol\u00edticas p\u00fablicas;*desafios do ensino especial;*metas para a divulga\u00e7\u00e3o e conscientiza\u00e7\u00e3o da popula\u00e7\u00e3o.<\/p>\n<p>Servi\u00e7o:<\/p>\n<p>Data: 18 e 19 (5\u00aa e 6\u00aa) de junho de 2009.<\/p>\n<p>Hor\u00e1rio: 9:00 \u00e0s 18:00<\/p>\n<p>Local: Audit\u00f3rio do IESB \u2013 L2 \/ 613-614 SUL<\/p>\n<p>Inscri\u00e7\u00f5es *: de 08:00 \u00e0s 18:00<\/p>\n<p>MOVIMENTO ORGULHO AUTISTA BRASIL: (61) 3039-3312<\/p>\n<p>CORDE-DF: (61)3905-1390 e (61)3905-1279<\/p>\n<p>*Certificado de participa\u00e7\u00e3o (com carga hor\u00e1ria) somente para os inscritos por telefone, mediante assinatura presencial.<\/p>\n<p>\u00a0P\u00fablico alvo<\/p>\n<p>Familiares, terapeutas, m\u00e9dicos, psic\u00f3logos, estudantes, professores, escritores, parlamentares, autoridades, leigos e pessoas interessadas na causa da divulga\u00e7\u00e3o e esclarecimento sobre o autismo.<\/p>\n<p>\u00a0Programa\u00e7\u00e3o<\/p>\n<p>Dia 18 de junho (5\u00aa feira)<\/p>\n<p>9:00 \u2013 Abertura Solene pelo Presidente da Mesa Fernando Cotta. Coordenador da CORDE\/DF (Coordenadoria para Inclus\u00e3o da Pessoa com Defici\u00eancia do Distrito Federal). Fundador do MOAB (Movimento Orgulho Autista Brasil). Conselheiro do CODDEDE (Conselho dos Direitos e Defesa da Pessoa com Defici\u00eancia). Conselheiro do Conselho de Sa\u00fade do DF. Presidente do F\u00f3rum de Inser\u00e7\u00e3o da Pessoa com Defici\u00eancia no Mercado de Trabalho. Presidente do Conselho do Pr\u00eamio Orgulho Autista. Vice-presidente da ABRA\u00c7A (Associa\u00e7\u00e3o Brasileira para A\u00e7\u00e3o por Direitos das Pessoas com Autismo). Pai de Autista.<\/p>\n<p>*Palavra das autoridades presentes \u00e0 mesa de abertura:<\/p>\n<p>&#8211; Jos\u00e9 Roberto Arruda Governador do Distrito Federal.<\/p>\n<p>&#8211; Alexandra Capone Diretora-Presidenta do MOAB (Movimento Orgulho Autista Brasil). M\u00e3e de Autista.<\/p>\n<p>&#8211; M\u00e1rcia Muniz. Presidenta da Comiss\u00e3o Permanente de Acessibilidade do Governo do Distrito Federal.<\/p>\n<p>&#8211; C\u00e9sar Pessoa de Melo. Subsecret\u00e1rio de Cidadania do Governo do Distrito Federal.<\/p>\n<p>&#8211; Ben\u00edcio Tavares. Deputado Distrital. Presidente da Frente Parlamentar da Pessoa com Defici\u00eancia da CLDF (C\u00e2mara Legislativa do Distrito Federal). Autor do projeto de lei que institui a pol\u00edtica de atendimento aos Autistas no Distrito Federal.\u00a0 Autor da lei que criou a pol\u00edtica distrital da Pessoa com Defici\u00eancia.<\/p>\n<p>10:00 \u2013 Ana Maria Bereohff Pasetto Bastos. \u201cAutismo, uma Inclus\u00e3o de Vidas\u201d Psic\u00f3loga cl\u00ednica especializada em Transtornos Invasivos do Desenvolvimento pela Organiza\u00e7\u00e3o Mundial de Autismo.\u00a0 Consultora T\u00e9cnica da ABRA &#8211; Associa\u00e7\u00e3o Brasileira de Autismo; Consultora Institucional. Ganhadora do III Pr\u00eamio Orgulho Autista.<\/p>\n<p>10:45 \u2013 \u201cCoffee Break\u201d.<\/p>\n<p>11:15 \u2013 Fernando Cotta. \u201cAutismo e Defici\u00eancias &#8211; A Experi\u00eancia da CORDE\/DF , em Bras\u00edlia\u201d<\/p>\n<p>12:00 \u2013 Debate: Perguntas dos participantes aos convidados da manh\u00e3.<\/p>\n<p>12:30 \u2013 Almo\u00e7o.<\/p>\n<p>14:00 \u2013 Palavra das autoridades presentes \u00e0 mesa 2.<\/p>\n<p>-Giselda Jord\u00e3o. Gerente de Educa\u00e7\u00e3o Especial da Secretaria de Estado de Educa\u00e7\u00e3o do GDF.<\/p>\n<p>-Jos\u00e9 Luiz Valente. Secret\u00e1rio de Estado de Educa\u00e7\u00e3o do GDF.<\/p>\n<p>15:00 \u2013 Argemiro de Paula Garcia Filho. \u201cA Internet na Organiza\u00e7\u00e3o da Luta por Direitos das Pessoas com Autismo\u201d<\/p>\n<p>Secret\u00e1rio-Geral da ABRA\u00c7A(Associa\u00e7\u00e3o Brasileira para A\u00e7\u00e3o por Direitos das Pessoas com Autismo ). Coordenador da AFAGA (Associa\u00e7\u00e3o de Familiares e Amigos da Gente Autista).\u00a0 Mediador da comunidade virtual \u2018Autismo no Brasil\u2019. Ganhador do I Pr\u00eamio Orgulho Autista. Pai de Autista.<\/p>\n<p>15:45 \u2013 L\u00facia Helena Vasconcelos Freire. \u201cO Perfil do Profissional\u201d\u00a0 Psic\u00f3loga Cl\u00ednica, com Especializa\u00e7\u00e3o em Educa\u00e7\u00e3o Especial. Professora aposentada -Secretaria de Educa\u00e7\u00e3o do DF. Ganhadora do I Pr\u00eamio Orgulho Autista.<\/p>\n<p>16:00 \u2013 Ike Baris. \u201cDiagn\u00f3stico Precoce e o Impacto no Tratamento do Paciente\u201d M\u00e9dico Pediatra. Especialista em sa\u00fade da fam\u00edlia. Instrutor do SAMU\/ DF. Ganhador do I Pr\u00eamio Orgulho Autista.<\/p>\n<p>16:45 \u2013 \u201cCoffee Break\u201d.<\/p>\n<p>17:15 \u2013 Debate: Perguntas dos participantes aos convidados da tarde.<\/p>\n<p>17:45 \u2013 Encerramento das atividades do 1\u00ba dia.<\/p>\n<p>Dia 19 de junho (6\u00aa feira)<\/p>\n<p>9:00 \u2013 Abertura pelo Presidente da Mesa: Fernando Cotta.<\/p>\n<p>*Palavra das autoridades presentes \u00e0 mesa 3.<\/p>\n<p>&#8211; Maria do Carmo Tourinho. Membro titular do Conselho Nacional dos Direitos da Pessoa com Defici\u00eancia (CONADE) Conselho Nacional dos Direitos da Pessoa com Defici\u00eancia. M\u00e3e de Autista.<\/p>\n<p>&#8211; Jos\u00e9 Nivaldino Rodrigues.Inspetor de Pol\u00edcia Rodovi\u00e1ria Federal. Presidente do Sindicato dos Policiais Rodovi\u00e1rios Federais no Distrito Federal. Mestre em sociologia.<\/p>\n<p>&#8211; Alexandre Mapurunga. Presidente do Conselho dos Direitos e Defesa da Pessoa com Defici\u00eancia do Estado do Cear\u00e1. Membro titular do Conselho Nacional dos Direitos da Pessoa com Defici\u00eancia (CONADE).<\/p>\n<p>10:00 \u2013 F\u00e1tima Dourado. \u201cCasa da Esperan\u00e7a: Diagn\u00f3stico e Aten\u00e7\u00e3o Integral para Pessoas com Autismo\u201d<\/p>\n<p>M\u00e9dica Pediatra e Psiquiatra Infantil. Fundadora e Diretora Cl\u00ednica da Funda\u00e7\u00e3o Casa da Esperan\u00e7a . Coordenadora da rede Brasil Esperan\u00e7a para pessoas Autistas. Presidente da ABRA\u00c7A (Associa\u00e7\u00e3o BRAsileira para a a\u00c7\u00e3o por direitos das pessoas com Autismo.)M\u00e3e de dois jovens com autismo. Diretora da Casa da Esperan\u00e7a. Ganhadora do I Pr\u00eamio Orgulho Autista.<\/p>\n<p>10:45 \u2013 \u201cCoffee Break\u201d.<\/p>\n<p>11:15 \u2013 S\u00f4nia Maria de Oliveira. \u201cFam\u00edlia: Base para o processo de inclus\u00e3o das pessoas autistas.\u201d Assistente Social. Fundadora da Casa da Esperan\u00e7a e Diretora do NAF (N\u00facleo de Atendimento \u00e0s Fam\u00edlias de pessoas autistas atendidas na Casa da Esperan\u00e7a). Membro da ABRA\u00c7A (Associa\u00e7\u00e3o Brasileira para A\u00e7\u00e3o das Pessoas com Autismo). M\u00e3e de jovem com S\u00edndrome de RETT.<\/p>\n<p>12:00 \u2013 Debate: Perguntas dos participantes aos convidados da manh\u00e3.<\/p>\n<p>12:30 \u2013 Almo\u00e7o.<\/p>\n<p>14:00 \u2013 Palavra das autoridades presentes \u00e0 mesa 4:<\/p>\n<p>-Simone Roballo. Coordenadora da Faculdade de Psicologia do UniCEUB. Psic\u00f3loga cl\u00ednica.<\/p>\n<p>-Lilian Cavalheiro Rodrigues. Psic\u00f3loga cl\u00ednica. PhD em An\u00e1lise do Comportamento e Educa\u00e7\u00e3o Especial. Docente do IESB.<\/p>\n<p>-Teobaldo Ribas. Diretor Acad\u00eamico do IESB. Mestre em Engenharia de Produ\u00e7\u00e3o.<\/p>\n<p>15:00 \u2013\u00a0 Jos\u00e9 Salom\u00e3o Schwartzman.<\/p>\n<p>\u201cNeur\u00f4nios Espelho e os Transtornos do Espectro Autista\u201d M\u00e9dico neurologista da inf\u00e2ncia e da adolesc\u00eancia. Professor\u00a0 titular\u00a0 do curso\u00a0 de p\u00f3s-gradua\u00e7\u00e3o em Dist\u00farbios do Desenvolvimento da Universidade Presbiteriana Mackenzie. Editor cient\u00edfico do peri\u00f3dico \u2018Temas Sobre Desenvolvimento\u2019 da editora MEMNON. Diretor cient\u00edfico da Associa\u00e7\u00e3o de S\u00edndrome de RETT de S\u00e3o Paulo (ABRE-TE).<\/p>\n<p>\u00a015:45 \u2013 Rosa Horita. \u201cSa\u00fade-P\u00fablica e Autismo &#8211; o Papel do SUS\u201d M\u00e9dica psiquiatra de crian\u00e7as e adolescentes. Profissional do CAPSi do COMPP. Ganhadora do II Pr\u00eamio Orgulho Autista.<\/p>\n<p>16:30 \u2013 Walter Camargos. \u201cAutismo em Beb\u00eas\u201d\u00a0 M\u00e9dico.\u00a0 Ganhador do III Pr\u00eamio Orgulho Autista.- MG<\/p>\n<p>16:45 \u2013 \u201cCoffee Break\u201d.<\/p>\n<p>17:15 \u2013 Debate: Perguntas dos participantes aos convidados da tarde.<\/p>\n<p>\u00a017:45 \u2013 Encerramento solene.<\/p>\n","protected":false},"excerpt":{"rendered":"<p>MOVIMENTO ORGULHO AUTISTA BRASIL GOVERNO DO DISTRITO FEDERAL SECRETARIA DE JUSTI\u00c7A, DIREITOS HUMANOS E CIDADANIA SUBSECRETARIA DE CIDADANIA COORDENADORIA PARA INCLUS\u00c3O DA PESSOA COM DEFICI\u00caNCIA DO DISTRITO FEDERAL\u00a0 Objetivos: Promover debate de conscientiza\u00e7\u00e3o da sociedade sobre Autismo: *desmistifica\u00e7\u00e3o;*defini\u00e7\u00f5es;*dificuldades e preconceitos;*conviv\u00eancia em sociedade;*interven\u00e7\u00f5es terap\u00eauticas;*interven\u00e7\u00f5es medicamentosas;*o cotidiano do autismo;*depoimentos de pais, respons\u00e1veis e terapeutas;*propostas pedag\u00f3gicas;*lacuna na forma\u00e7\u00e3o [&hellip;]<\/p>\n","protected":false},"author":2,"featured_media":0,"comment_status":"open","ping_status":"open","sticky":false,"template":"","format":"standard","meta":{"site-container-style":"default","site-container-layout":"default","site-sidebar-layout":"default","disable-article-header":"default","disable-site-header":"default","disable-site-footer":"default","disable-content-area-spacing":"default","footnotes":""},"categories":[12],"tags":[],"class_list":["post-8352","post","type-post","status-publish","format-standard","hentry","category-cursos-e-eventos"],"yoast_head":"<!-- This site is optimized with the Yoast SEO plugin v27.4 - https:\/\/yoast.com\/product\/yoast-seo-wordpress\/ -->\n<title>Dia mundial do orgulho autista - 5\u00aa ed. mundial -<\/title>\n<meta name=\"robots\" content=\"index, follow, max-snippet:-1, max-image-preview:large, max-video-preview:-1\" \/>\n<link rel=\"canonical\" href=\"https:\/\/inclusivenews.com.br\/?p=8352\" \/>\n<meta property=\"og:locale\" content=\"pt_PT\" \/>\n<meta property=\"og:type\" content=\"article\" \/>\n<meta property=\"og:title\" content=\"Dia mundial do orgulho autista - 5\u00aa ed. mundial -\" \/>\n<meta property=\"og:description\" content=\"MOVIMENTO ORGULHO AUTISTA BRASIL GOVERNO DO DISTRITO FEDERAL SECRETARIA DE JUSTI\u00c7A, DIREITOS HUMANOS E CIDADANIA SUBSECRETARIA DE CIDADANIA COORDENADORIA PARA INCLUS\u00c3O DA PESSOA COM DEFICI\u00caNCIA DO DISTRITO FEDERAL\u00a0 Objetivos: Promover debate de conscientiza\u00e7\u00e3o da sociedade sobre Autismo: *desmistifica\u00e7\u00e3o;*defini\u00e7\u00f5es;*dificuldades e preconceitos;*conviv\u00eancia em sociedade;*interven\u00e7\u00f5es terap\u00eauticas;*interven\u00e7\u00f5es medicamentosas;*o cotidiano do autismo;*depoimentos de pais, respons\u00e1veis e terapeutas;*propostas pedag\u00f3gicas;*lacuna na forma\u00e7\u00e3o [&hellip;]\" \/>\n<meta property=\"og:url\" content=\"https:\/\/inclusivenews.com.br\/?p=8352\" \/>\n<meta property=\"article:publisher\" content=\"https:\/\/www.facebook.com\/agenciainclusive\/\" \/>\n<meta property=\"article:published_time\" content=\"2009-06-17T12:27:17+00:00\" \/>\n<meta name=\"author\" content=\"Inclusive\" \/>\n<meta name=\"twitter:card\" content=\"summary_large_image\" \/>\n<meta name=\"twitter:label1\" content=\"Escrito por\" \/>\n\t<meta name=\"twitter:data1\" content=\"Inclusive\" \/>\n\t<meta name=\"twitter:label2\" content=\"Tempo estimado de leitura\" \/>\n\t<meta name=\"twitter:data2\" content=\"5 minutos\" \/>\n<script type=\"application\/ld+json\" class=\"yoast-schema-graph\">{\"@context\":\"https:\\\/\\\/schema.org\",\"@graph\":[{\"@type\":\"Article\",\"@id\":\"https:\\\/\\\/inclusivenews.com.br\\\/?p=8352#article\",\"isPartOf\":{\"@id\":\"https:\\\/\\\/inclusivenews.com.br\\\/?p=8352\"},\"author\":{\"name\":\"Inclusive\",\"@id\":\"https:\\\/\\\/inclusivenews.com.br\\\/#\\\/schema\\\/person\\\/0dab492019871b94abb65fa8ee7c8c44\"},\"headline\":\"Dia mundial do orgulho autista &#8211; 5\u00aa ed. mundial\",\"datePublished\":\"2009-06-17T12:27:17+00:00\",\"mainEntityOfPage\":{\"@id\":\"https:\\\/\\\/inclusivenews.com.br\\\/?p=8352\"},\"wordCount\":1104,\"commentCount\":1,\"publisher\":{\"@id\":\"https:\\\/\\\/inclusivenews.com.br\\\/#organization\"},\"articleSection\":[\"Cursos e eventos\"],\"inLanguage\":\"pt-PT\",\"potentialAction\":[{\"@type\":\"CommentAction\",\"name\":\"Comment\",\"target\":[\"https:\\\/\\\/inclusivenews.com.br\\\/?p=8352#respond\"]}]},{\"@type\":\"WebPage\",\"@id\":\"https:\\\/\\\/inclusivenews.com.br\\\/?p=8352\",\"url\":\"https:\\\/\\\/inclusivenews.com.br\\\/?p=8352\",\"name\":\"Dia mundial do orgulho autista - 5\u00aa ed. mundial -\",\"isPartOf\":{\"@id\":\"https:\\\/\\\/inclusivenews.com.br\\\/#website\"},\"datePublished\":\"2009-06-17T12:27:17+00:00\",\"breadcrumb\":{\"@id\":\"https:\\\/\\\/inclusivenews.com.br\\\/?p=8352#breadcrumb\"},\"inLanguage\":\"pt-PT\",\"potentialAction\":[{\"@type\":\"ReadAction\",\"target\":[\"https:\\\/\\\/inclusivenews.com.br\\\/?p=8352\"]}]},{\"@type\":\"BreadcrumbList\",\"@id\":\"https:\\\/\\\/inclusivenews.com.br\\\/?p=8352#breadcrumb\",\"itemListElement\":[{\"@type\":\"ListItem\",\"position\":1,\"name\":\"In\u00edcio\",\"item\":\"https:\\\/\\\/inclusivenews.com.br\\\/\"},{\"@type\":\"ListItem\",\"position\":2,\"name\":\"Dia mundial do orgulho autista &#8211; 5\u00aa ed. mundial\"}]},{\"@type\":\"WebSite\",\"@id\":\"https:\\\/\\\/inclusivenews.com.br\\\/#website\",\"url\":\"https:\\\/\\\/inclusivenews.com.br\\\/\",\"name\":\"Inclusive News\",\"description\":\"Inclusive News\",\"publisher\":{\"@id\":\"https:\\\/\\\/inclusivenews.com.br\\\/#organization\"},\"potentialAction\":[{\"@type\":\"SearchAction\",\"target\":{\"@type\":\"EntryPoint\",\"urlTemplate\":\"https:\\\/\\\/inclusivenews.com.br\\\/?s={search_term_string}\"},\"query-input\":{\"@type\":\"PropertyValueSpecification\",\"valueRequired\":true,\"valueName\":\"search_term_string\"}}],\"inLanguage\":\"pt-PT\"},{\"@type\":\"Organization\",\"@id\":\"https:\\\/\\\/inclusivenews.com.br\\\/#organization\",\"name\":\"Inclusive - inclus\u00e3o e cidadania\",\"url\":\"https:\\\/\\\/inclusivenews.com.br\\\/\",\"logo\":{\"@type\":\"ImageObject\",\"inLanguage\":\"pt-PT\",\"@id\":\"https:\\\/\\\/inclusivenews.com.br\\\/#\\\/schema\\\/logo\\\/image\\\/\",\"url\":\"https:\\\/\\\/inclusivenews.com.br\\\/wp-content\\\/uploads\\\/2024\\\/03\\\/@grandesite.png\",\"contentUrl\":\"https:\\\/\\\/inclusivenews.com.br\\\/wp-content\\\/uploads\\\/2024\\\/03\\\/@grandesite.png\",\"width\":1080,\"height\":1080,\"caption\":\"Inclusive - inclus\u00e3o e cidadania\"},\"image\":{\"@id\":\"https:\\\/\\\/inclusivenews.com.br\\\/#\\\/schema\\\/logo\\\/image\\\/\"},\"sameAs\":[\"https:\\\/\\\/www.facebook.com\\\/agenciainclusive\\\/\",\"https:\\\/\\\/www.instagram.com\\\/newsinclusive\\\/\"]},{\"@type\":\"Person\",\"@id\":\"https:\\\/\\\/inclusivenews.com.br\\\/#\\\/schema\\\/person\\\/0dab492019871b94abb65fa8ee7c8c44\",\"name\":\"Inclusive\",\"image\":{\"@type\":\"ImageObject\",\"inLanguage\":\"pt-PT\",\"@id\":\"https:\\\/\\\/secure.gravatar.com\\\/avatar\\\/?s=96&d=mm&r=g\",\"url\":\"https:\\\/\\\/secure.gravatar.com\\\/avatar\\\/?s=96&d=mm&r=g\",\"contentUrl\":\"https:\\\/\\\/secure.gravatar.com\\\/avatar\\\/?s=96&d=mm&r=g\",\"caption\":\"Inclusive\"},\"url\":\"https:\\\/\\\/inclusivenews.com.br\\\/?author=2\"}]}<\/script>\n<!-- \/ Yoast SEO plugin. -->","yoast_head_json":{"title":"Dia mundial do orgulho autista - 5\u00aa ed. mundial -","robots":{"index":"index","follow":"follow","max-snippet":"max-snippet:-1","max-image-preview":"max-image-preview:large","max-video-preview":"max-video-preview:-1"},"canonical":"https:\/\/inclusivenews.com.br\/?p=8352","og_locale":"pt_PT","og_type":"article","og_title":"Dia mundial do orgulho autista - 5\u00aa ed. mundial -","og_description":"MOVIMENTO ORGULHO AUTISTA BRASIL GOVERNO DO DISTRITO FEDERAL SECRETARIA DE JUSTI\u00c7A, DIREITOS HUMANOS E CIDADANIA SUBSECRETARIA DE CIDADANIA COORDENADORIA PARA INCLUS\u00c3O DA PESSOA COM DEFICI\u00caNCIA DO DISTRITO FEDERAL\u00a0 Objetivos: Promover debate de conscientiza\u00e7\u00e3o da sociedade sobre Autismo: *desmistifica\u00e7\u00e3o;*defini\u00e7\u00f5es;*dificuldades e preconceitos;*conviv\u00eancia em sociedade;*interven\u00e7\u00f5es terap\u00eauticas;*interven\u00e7\u00f5es medicamentosas;*o cotidiano do autismo;*depoimentos de pais, respons\u00e1veis e terapeutas;*propostas pedag\u00f3gicas;*lacuna na forma\u00e7\u00e3o [&hellip;]","og_url":"https:\/\/inclusivenews.com.br\/?p=8352","article_publisher":"https:\/\/www.facebook.com\/agenciainclusive\/","article_published_time":"2009-06-17T12:27:17+00:00","author":"Inclusive","twitter_card":"summary_large_image","twitter_misc":{"Escrito por":"Inclusive","Tempo estimado de leitura":"5 minutos"},"schema":{"@context":"https:\/\/schema.org","@graph":[{"@type":"Article","@id":"https:\/\/inclusivenews.com.br\/?p=8352#article","isPartOf":{"@id":"https:\/\/inclusivenews.com.br\/?p=8352"},"author":{"name":"Inclusive","@id":"https:\/\/inclusivenews.com.br\/#\/schema\/person\/0dab492019871b94abb65fa8ee7c8c44"},"headline":"Dia mundial do orgulho autista &#8211; 5\u00aa ed. mundial","datePublished":"2009-06-17T12:27:17+00:00","mainEntityOfPage":{"@id":"https:\/\/inclusivenews.com.br\/?p=8352"},"wordCount":1104,"commentCount":1,"publisher":{"@id":"https:\/\/inclusivenews.com.br\/#organization"},"articleSection":["Cursos e eventos"],"inLanguage":"pt-PT","potentialAction":[{"@type":"CommentAction","name":"Comment","target":["https:\/\/inclusivenews.com.br\/?p=8352#respond"]}]},{"@type":"WebPage","@id":"https:\/\/inclusivenews.com.br\/?p=8352","url":"https:\/\/inclusivenews.com.br\/?p=8352","name":"Dia mundial do orgulho autista - 5\u00aa ed. mundial -","isPartOf":{"@id":"https:\/\/inclusivenews.com.br\/#website"},"datePublished":"2009-06-17T12:27:17+00:00","breadcrumb":{"@id":"https:\/\/inclusivenews.com.br\/?p=8352#breadcrumb"},"inLanguage":"pt-PT","potentialAction":[{"@type":"ReadAction","target":["https:\/\/inclusivenews.com.br\/?p=8352"]}]},{"@type":"BreadcrumbList","@id":"https:\/\/inclusivenews.com.br\/?p=8352#breadcrumb","itemListElement":[{"@type":"ListItem","position":1,"name":"In\u00edcio","item":"https:\/\/inclusivenews.com.br\/"},{"@type":"ListItem","position":2,"name":"Dia mundial do orgulho autista &#8211; 5\u00aa ed. mundial"}]},{"@type":"WebSite","@id":"https:\/\/inclusivenews.com.br\/#website","url":"https:\/\/inclusivenews.com.br\/","name":"Inclusive News","description":"Inclusive News","publisher":{"@id":"https:\/\/inclusivenews.com.br\/#organization"},"potentialAction":[{"@type":"SearchAction","target":{"@type":"EntryPoint","urlTemplate":"https:\/\/inclusivenews.com.br\/?s={search_term_string}"},"query-input":{"@type":"PropertyValueSpecification","valueRequired":true,"valueName":"search_term_string"}}],"inLanguage":"pt-PT"},{"@type":"Organization","@id":"https:\/\/inclusivenews.com.br\/#organization","name":"Inclusive - inclus\u00e3o e cidadania","url":"https:\/\/inclusivenews.com.br\/","logo":{"@type":"ImageObject","inLanguage":"pt-PT","@id":"https:\/\/inclusivenews.com.br\/#\/schema\/logo\/image\/","url":"https:\/\/inclusivenews.com.br\/wp-content\/uploads\/2024\/03\/@grandesite.png","contentUrl":"https:\/\/inclusivenews.com.br\/wp-content\/uploads\/2024\/03\/@grandesite.png","width":1080,"height":1080,"caption":"Inclusive - inclus\u00e3o e cidadania"},"image":{"@id":"https:\/\/inclusivenews.com.br\/#\/schema\/logo\/image\/"},"sameAs":["https:\/\/www.facebook.com\/agenciainclusive\/","https:\/\/www.instagram.com\/newsinclusive\/"]},{"@type":"Person","@id":"https:\/\/inclusivenews.com.br\/#\/schema\/person\/0dab492019871b94abb65fa8ee7c8c44","name":"Inclusive","image":{"@type":"ImageObject","inLanguage":"pt-PT","@id":"https:\/\/secure.gravatar.com\/avatar\/?s=96&d=mm&r=g","url":"https:\/\/secure.gravatar.com\/avatar\/?s=96&d=mm&r=g","contentUrl":"https:\/\/secure.gravatar.com\/avatar\/?s=96&d=mm&r=g","caption":"Inclusive"},"url":"https:\/\/inclusivenews.com.br\/?author=2"}]}},"_links":{"self":[{"href":"https:\/\/inclusivenews.com.br\/index.php?rest_route=\/wp\/v2\/posts\/8352","targetHints":{"allow":["GET"]}}],"collection":[{"href":"https:\/\/inclusivenews.com.br\/index.php?rest_route=\/wp\/v2\/posts"}],"about":[{"href":"https:\/\/inclusivenews.com.br\/index.php?rest_route=\/wp\/v2\/types\/post"}],"author":[{"embeddable":true,"href":"https:\/\/inclusivenews.com.br\/index.php?rest_route=\/wp\/v2\/users\/2"}],"replies":[{"embeddable":true,"href":"https:\/\/inclusivenews.com.br\/index.php?rest_route=%2Fwp%2Fv2%2Fcomments&post=8352"}],"version-history":[{"count":0,"href":"https:\/\/inclusivenews.com.br\/index.php?rest_route=\/wp\/v2\/posts\/8352\/revisions"}],"wp:attachment":[{"href":"https:\/\/inclusivenews.com.br\/index.php?rest_route=%2Fwp%2Fv2%2Fmedia&parent=8352"}],"wp:term":[{"taxonomy":"category","embeddable":true,"href":"https:\/\/inclusivenews.com.br\/index.php?rest_route=%2Fwp%2Fv2%2Fcategories&post=8352"},{"taxonomy":"post_tag","embeddable":true,"href":"https:\/\/inclusivenews.com.br\/index.php?rest_route=%2Fwp%2Fv2%2Ftags&post=8352"}],"curies":[{"name":"wp","href":"https:\/\/api.w.org\/{rel}","templated":true}]}}