{"id":8354,"date":"2009-06-17T12:23:56","date_gmt":"2009-06-17T12:23:56","guid":{"rendered":"http:\/\/agenciainclusive.wordpress.com\/?p=8354"},"modified":"2009-06-17T12:23:56","modified_gmt":"2009-06-17T12:23:56","slug":"pesquisa-revela-diferencas-e-semelhancas-entre-geracoes","status":"publish","type":"post","link":"https:\/\/inclusivenews.com.br\/?p=8354","title":{"rendered":"Pesquisa revela diferen\u00e7as e semelhan\u00e7as entre gera\u00e7\u00f5es"},"content":{"rendered":"<figure id=\"attachment_2029\" aria-describedby=\"caption-attachment-2029\" style=\"width: 163px\" class=\"wp-caption alignnone\"><a href=\"http:\/\/agenciainclusive.files.wordpress.com\/2008\/11\/ibase.gif\"><img loading=\"lazy\" decoding=\"async\" class=\"size-full wp-image-2029\" title=\"ibase\" src=\"http:\/\/agenciainclusive.files.wordpress.com\/2008\/11\/ibase.gif\" alt=\"ibase\" width=\"163\" height=\"61\" \/><\/a><figcaption id=\"caption-attachment-2029\" class=\"wp-caption-text\">Descri\u00e7\u00e3o da imagem: logotipo do IBASE. Sobre a sigla IBASE, a letra B forma o nome de Betinho.<\/figcaption><\/figure>\n<p>Jovens da regi\u00e3o s\u00e3o mais escolarizados e menos religiosos do que adultos, mas compartilham vis\u00f5es sobre temas morais e \u00e9ticos<\/p>\n<p>Como a juventude \u00e9 vista nos diferentes pa\u00edses da Am\u00e9rica do Sul? Como se posicionam jovens e adultos sobre temas morais, \u00e9ticos e pol\u00edticos? Quais as principais demandas e problemas dos jovens na regi\u00e3o? Estas e outras perguntas guiaram a pesquisa \u201cJuventude e Integra\u00e7\u00e3o Sulamericana: di\u00e1logos para construir a democracia regional\u201d, coordenada pelo Instituto Brasileiro de An\u00e1lises Sociais e Econ\u00f4micas (Ibase) e Instituto P\u00f3lis, e que ouviu, em seis pa\u00edses \u2013 Brasil, Argentina, Chile, Uruguai, Bol\u00edvia e Paraguai \u2013 14 mil pessoas no segundo semestre de 2008. Os resultados do estudo ser\u00e3o apresentados e debatidos com jovens destes pa\u00edses na pr\u00f3xima sexta-feira (19), a partir de 9h, no Clube de Engenharia, no Rio de Janeiro (Av Rio Branco, 124, 25 andar \u2013 na ocasi\u00e3o ser\u00e1 lan\u00e7ado o livro \u201cSociedades Sul-americanas: o que dizem jovens e adultos sobre as juventudes\u201d, com os resultados do trabalho).<\/p>\n<p>O estudo \u2013 cujo question\u00e1rio contou com 50 perguntas \u2013 \u00e9 o primeiro a comparar gera\u00e7\u00f5es na Am\u00e9rica do Sul (50% dos entrevistados foram jovens de 18 a 29 anos e 50% adultos de 30 a 60 anos). Entre as diferen\u00e7as geracionais importantes, est\u00e3o as que indicam que os jovens s\u00e3o mais escolarizados que as gera\u00e7\u00f5es mais velhas (no Brasil, 3% dos jovens s\u00e3o analfabetos, contra 17% dos adultos), mais conectados \u00e0 Internet (no Brasil 50% dos jovens s\u00e3o usu\u00e1rios, contra 21% dos adultos) e tamb\u00e9m menos religiosos (no Brasil, 14% dos jovens declaram n\u00e3o ter religi\u00e3o, contra 7% dos adultos).<\/p>\n<p>Por ouro lado, os jovens nos seis pa\u00edses pesquisados compartilham com os adultos opini\u00f5es e valores semelhantes quanto a temas morais e \u00e9ticos, como a legaliza\u00e7\u00e3o do aborto (as gera\u00e7\u00f5es pensam de modo parecido, em geral contra), a import\u00e2ncia do esfor\u00e7o pessoal para se melhorar de vida e a vis\u00e3o da corrup\u00e7\u00e3o como principal amea\u00e7a \u00e0 democracia. As gera\u00e7\u00f5es tamb\u00e9m se aproximam na hora de definir o que \u00e9 prioridade para a juventude: jovens e adultos acreditam que o mais importante para os jovens hoje \u00e9 \u201cter mais oportunidade de trabalho\u201d, embora os adultos acreditem mais nas credenciais da educa\u00e7\u00e3o do que os jovens (que valorizam mais a experi\u00eancia como fator de ingresso no mercado de trabalho).<\/p>\n<p>Realizado por uma rede de parceiros \u2013 Fundaci\u00f3n SES (Argentina), Pieb (Bol\u00edvia), CIDPA (Chile), Base-IS (Paraguai) e Cotidiano Mujer (Uruguai) \u2013 o trabalho tem como objetivo contribuir para a vig\u00eancia e a amplia\u00e7\u00e3o dos direitos da juventude, que corresponde na Am\u00e9rica do Sul a 25% da popula\u00e7\u00e3o. A pesquisa contou com o apoio do Centro de Pesquisas para o Desenvolvimento Internacional (IDRC, do Canad\u00e1), e integra uma s\u00e9rie de estudos que\u00a0 Ibase e P\u00f3lis vem realizando sobre juventude desde o ano de 2004. A aplica\u00e7\u00e3o do question\u00e1rio ficou a cargo do Ibope.<\/p>\n<p>Mais informa\u00e7\u00f5es e resumo dos resultados:<br \/>\nInstituto Brasileiro de An\u00e1lises Sociais e Econ\u00f4micas (Ibase)<br \/>\nRog\u00e9rio Jord\u00e3o &#8211; assessoria de imprensa<br \/>\n(21) 2556-3095 \/ 9282-1441<br \/>\n<a href=\"mailto:imprensa@ibase.br\">imprensa@ibase.br<\/a><br \/>\n<a href=\"http:\/\/www.andi.org.br\/_pdfs\/pesquisa_ibase.pdf\">Clique aqui para acessar o resumo da pesquisa<\/a><\/p>\n<p>Fonte: IBASE e ANDI<\/p>\n","protected":false},"excerpt":{"rendered":"<p>Jovens da regi\u00e3o s\u00e3o mais escolarizados e menos religiosos do que adultos, mas compartilham vis\u00f5es sobre temas morais e \u00e9ticos Como a juventude \u00e9 vista nos diferentes pa\u00edses da Am\u00e9rica do Sul? Como se posicionam jovens e adultos sobre temas morais, \u00e9ticos e pol\u00edticos? Quais as principais demandas e problemas dos jovens na regi\u00e3o? Estas [&hellip;]<\/p>\n","protected":false},"author":2,"featured_media":0,"comment_status":"open","ping_status":"open","sticky":false,"template":"","format":"standard","meta":{"site-container-style":"default","site-container-layout":"default","site-sidebar-layout":"default","disable-article-header":"default","disable-site-header":"default","disable-site-footer":"default","disable-content-area-spacing":"default","footnotes":""},"categories":[4],"tags":[],"class_list":["post-8354","post","type-post","status-publish","format-standard","hentry","category-noticias"],"yoast_head":"<!-- This site is optimized with the Yoast SEO plugin v27.4 - https:\/\/yoast.com\/product\/yoast-seo-wordpress\/ -->\n<title>Pesquisa revela diferen\u00e7as e semelhan\u00e7as entre gera\u00e7\u00f5es -<\/title>\n<meta name=\"robots\" content=\"index, follow, max-snippet:-1, max-image-preview:large, max-video-preview:-1\" \/>\n<link rel=\"canonical\" href=\"https:\/\/inclusivenews.com.br\/?p=8354\" \/>\n<meta property=\"og:locale\" content=\"pt_PT\" \/>\n<meta property=\"og:type\" content=\"article\" \/>\n<meta property=\"og:title\" content=\"Pesquisa revela diferen\u00e7as e semelhan\u00e7as entre gera\u00e7\u00f5es -\" \/>\n<meta property=\"og:description\" content=\"Jovens da regi\u00e3o s\u00e3o mais escolarizados e menos religiosos do que adultos, mas compartilham vis\u00f5es sobre temas morais e \u00e9ticos Como a juventude \u00e9 vista nos diferentes pa\u00edses da Am\u00e9rica do Sul? Como se posicionam jovens e adultos sobre temas morais, \u00e9ticos e pol\u00edticos? Quais as principais demandas e problemas dos jovens na regi\u00e3o? Estas [&hellip;]\" \/>\n<meta property=\"og:url\" content=\"https:\/\/inclusivenews.com.br\/?p=8354\" \/>\n<meta property=\"article:publisher\" content=\"https:\/\/www.facebook.com\/agenciainclusive\/\" \/>\n<meta property=\"article:published_time\" content=\"2009-06-17T12:23:56+00:00\" \/>\n<meta property=\"og:image\" content=\"http:\/\/agenciainclusive.files.wordpress.com\/2008\/11\/ibase.gif\" \/>\n<meta name=\"author\" content=\"Inclusive\" \/>\n<meta name=\"twitter:card\" content=\"summary_large_image\" \/>\n<meta name=\"twitter:label1\" content=\"Escrito por\" \/>\n\t<meta name=\"twitter:data1\" content=\"Inclusive\" \/>\n\t<meta name=\"twitter:label2\" content=\"Tempo estimado de leitura\" \/>\n\t<meta name=\"twitter:data2\" content=\"3 minutos\" \/>\n<script type=\"application\/ld+json\" class=\"yoast-schema-graph\">{\"@context\":\"https:\\\/\\\/schema.org\",\"@graph\":[{\"@type\":\"Article\",\"@id\":\"https:\\\/\\\/inclusivenews.com.br\\\/?p=8354#article\",\"isPartOf\":{\"@id\":\"https:\\\/\\\/inclusivenews.com.br\\\/?p=8354\"},\"author\":{\"name\":\"Inclusive\",\"@id\":\"https:\\\/\\\/inclusivenews.com.br\\\/#\\\/schema\\\/person\\\/0dab492019871b94abb65fa8ee7c8c44\"},\"headline\":\"Pesquisa revela diferen\u00e7as e semelhan\u00e7as entre gera\u00e7\u00f5es\",\"datePublished\":\"2009-06-17T12:23:56+00:00\",\"mainEntityOfPage\":{\"@id\":\"https:\\\/\\\/inclusivenews.com.br\\\/?p=8354\"},\"wordCount\":575,\"commentCount\":0,\"publisher\":{\"@id\":\"https:\\\/\\\/inclusivenews.com.br\\\/#organization\"},\"image\":{\"@id\":\"https:\\\/\\\/inclusivenews.com.br\\\/?p=8354#primaryimage\"},\"thumbnailUrl\":\"http:\\\/\\\/agenciainclusive.files.wordpress.com\\\/2008\\\/11\\\/ibase.gif\",\"articleSection\":[\"NOT\u00cdCIAS\"],\"inLanguage\":\"pt-PT\",\"potentialAction\":[{\"@type\":\"CommentAction\",\"name\":\"Comment\",\"target\":[\"https:\\\/\\\/inclusivenews.com.br\\\/?p=8354#respond\"]}]},{\"@type\":\"WebPage\",\"@id\":\"https:\\\/\\\/inclusivenews.com.br\\\/?p=8354\",\"url\":\"https:\\\/\\\/inclusivenews.com.br\\\/?p=8354\",\"name\":\"Pesquisa revela diferen\u00e7as e semelhan\u00e7as entre gera\u00e7\u00f5es -\",\"isPartOf\":{\"@id\":\"https:\\\/\\\/inclusivenews.com.br\\\/#website\"},\"primaryImageOfPage\":{\"@id\":\"https:\\\/\\\/inclusivenews.com.br\\\/?p=8354#primaryimage\"},\"image\":{\"@id\":\"https:\\\/\\\/inclusivenews.com.br\\\/?p=8354#primaryimage\"},\"thumbnailUrl\":\"http:\\\/\\\/agenciainclusive.files.wordpress.com\\\/2008\\\/11\\\/ibase.gif\",\"datePublished\":\"2009-06-17T12:23:56+00:00\",\"breadcrumb\":{\"@id\":\"https:\\\/\\\/inclusivenews.com.br\\\/?p=8354#breadcrumb\"},\"inLanguage\":\"pt-PT\",\"potentialAction\":[{\"@type\":\"ReadAction\",\"target\":[\"https:\\\/\\\/inclusivenews.com.br\\\/?p=8354\"]}]},{\"@type\":\"ImageObject\",\"inLanguage\":\"pt-PT\",\"@id\":\"https:\\\/\\\/inclusivenews.com.br\\\/?p=8354#primaryimage\",\"url\":\"http:\\\/\\\/agenciainclusive.files.wordpress.com\\\/2008\\\/11\\\/ibase.gif\",\"contentUrl\":\"http:\\\/\\\/agenciainclusive.files.wordpress.com\\\/2008\\\/11\\\/ibase.gif\"},{\"@type\":\"BreadcrumbList\",\"@id\":\"https:\\\/\\\/inclusivenews.com.br\\\/?p=8354#breadcrumb\",\"itemListElement\":[{\"@type\":\"ListItem\",\"position\":1,\"name\":\"In\u00edcio\",\"item\":\"https:\\\/\\\/inclusivenews.com.br\\\/\"},{\"@type\":\"ListItem\",\"position\":2,\"name\":\"Pesquisa revela diferen\u00e7as e semelhan\u00e7as entre gera\u00e7\u00f5es\"}]},{\"@type\":\"WebSite\",\"@id\":\"https:\\\/\\\/inclusivenews.com.br\\\/#website\",\"url\":\"https:\\\/\\\/inclusivenews.com.br\\\/\",\"name\":\"Inclusive News\",\"description\":\"Inclusive News\",\"publisher\":{\"@id\":\"https:\\\/\\\/inclusivenews.com.br\\\/#organization\"},\"potentialAction\":[{\"@type\":\"SearchAction\",\"target\":{\"@type\":\"EntryPoint\",\"urlTemplate\":\"https:\\\/\\\/inclusivenews.com.br\\\/?s={search_term_string}\"},\"query-input\":{\"@type\":\"PropertyValueSpecification\",\"valueRequired\":true,\"valueName\":\"search_term_string\"}}],\"inLanguage\":\"pt-PT\"},{\"@type\":\"Organization\",\"@id\":\"https:\\\/\\\/inclusivenews.com.br\\\/#organization\",\"name\":\"Inclusive - inclus\u00e3o e cidadania\",\"url\":\"https:\\\/\\\/inclusivenews.com.br\\\/\",\"logo\":{\"@type\":\"ImageObject\",\"inLanguage\":\"pt-PT\",\"@id\":\"https:\\\/\\\/inclusivenews.com.br\\\/#\\\/schema\\\/logo\\\/image\\\/\",\"url\":\"https:\\\/\\\/inclusivenews.com.br\\\/wp-content\\\/uploads\\\/2024\\\/03\\\/@grandesite.png\",\"contentUrl\":\"https:\\\/\\\/inclusivenews.com.br\\\/wp-content\\\/uploads\\\/2024\\\/03\\\/@grandesite.png\",\"width\":1080,\"height\":1080,\"caption\":\"Inclusive - inclus\u00e3o e cidadania\"},\"image\":{\"@id\":\"https:\\\/\\\/inclusivenews.com.br\\\/#\\\/schema\\\/logo\\\/image\\\/\"},\"sameAs\":[\"https:\\\/\\\/www.facebook.com\\\/agenciainclusive\\\/\",\"https:\\\/\\\/www.instagram.com\\\/newsinclusive\\\/\"]},{\"@type\":\"Person\",\"@id\":\"https:\\\/\\\/inclusivenews.com.br\\\/#\\\/schema\\\/person\\\/0dab492019871b94abb65fa8ee7c8c44\",\"name\":\"Inclusive\",\"image\":{\"@type\":\"ImageObject\",\"inLanguage\":\"pt-PT\",\"@id\":\"https:\\\/\\\/secure.gravatar.com\\\/avatar\\\/?s=96&d=mm&r=g\",\"url\":\"https:\\\/\\\/secure.gravatar.com\\\/avatar\\\/?s=96&d=mm&r=g\",\"contentUrl\":\"https:\\\/\\\/secure.gravatar.com\\\/avatar\\\/?s=96&d=mm&r=g\",\"caption\":\"Inclusive\"},\"url\":\"https:\\\/\\\/inclusivenews.com.br\\\/?author=2\"}]}<\/script>\n<!-- \/ Yoast SEO plugin. -->","yoast_head_json":{"title":"Pesquisa revela diferen\u00e7as e semelhan\u00e7as entre gera\u00e7\u00f5es -","robots":{"index":"index","follow":"follow","max-snippet":"max-snippet:-1","max-image-preview":"max-image-preview:large","max-video-preview":"max-video-preview:-1"},"canonical":"https:\/\/inclusivenews.com.br\/?p=8354","og_locale":"pt_PT","og_type":"article","og_title":"Pesquisa revela diferen\u00e7as e semelhan\u00e7as entre gera\u00e7\u00f5es -","og_description":"Jovens da regi\u00e3o s\u00e3o mais escolarizados e menos religiosos do que adultos, mas compartilham vis\u00f5es sobre temas morais e \u00e9ticos Como a juventude \u00e9 vista nos diferentes pa\u00edses da Am\u00e9rica do Sul? Como se posicionam jovens e adultos sobre temas morais, \u00e9ticos e pol\u00edticos? Quais as principais demandas e problemas dos jovens na regi\u00e3o? Estas [&hellip;]","og_url":"https:\/\/inclusivenews.com.br\/?p=8354","article_publisher":"https:\/\/www.facebook.com\/agenciainclusive\/","article_published_time":"2009-06-17T12:23:56+00:00","og_image":[{"url":"http:\/\/agenciainclusive.files.wordpress.com\/2008\/11\/ibase.gif","type":"","width":"","height":""}],"author":"Inclusive","twitter_card":"summary_large_image","twitter_misc":{"Escrito por":"Inclusive","Tempo estimado de leitura":"3 minutos"},"schema":{"@context":"https:\/\/schema.org","@graph":[{"@type":"Article","@id":"https:\/\/inclusivenews.com.br\/?p=8354#article","isPartOf":{"@id":"https:\/\/inclusivenews.com.br\/?p=8354"},"author":{"name":"Inclusive","@id":"https:\/\/inclusivenews.com.br\/#\/schema\/person\/0dab492019871b94abb65fa8ee7c8c44"},"headline":"Pesquisa revela diferen\u00e7as e semelhan\u00e7as entre gera\u00e7\u00f5es","datePublished":"2009-06-17T12:23:56+00:00","mainEntityOfPage":{"@id":"https:\/\/inclusivenews.com.br\/?p=8354"},"wordCount":575,"commentCount":0,"publisher":{"@id":"https:\/\/inclusivenews.com.br\/#organization"},"image":{"@id":"https:\/\/inclusivenews.com.br\/?p=8354#primaryimage"},"thumbnailUrl":"http:\/\/agenciainclusive.files.wordpress.com\/2008\/11\/ibase.gif","articleSection":["NOT\u00cdCIAS"],"inLanguage":"pt-PT","potentialAction":[{"@type":"CommentAction","name":"Comment","target":["https:\/\/inclusivenews.com.br\/?p=8354#respond"]}]},{"@type":"WebPage","@id":"https:\/\/inclusivenews.com.br\/?p=8354","url":"https:\/\/inclusivenews.com.br\/?p=8354","name":"Pesquisa revela diferen\u00e7as e semelhan\u00e7as entre gera\u00e7\u00f5es -","isPartOf":{"@id":"https:\/\/inclusivenews.com.br\/#website"},"primaryImageOfPage":{"@id":"https:\/\/inclusivenews.com.br\/?p=8354#primaryimage"},"image":{"@id":"https:\/\/inclusivenews.com.br\/?p=8354#primaryimage"},"thumbnailUrl":"http:\/\/agenciainclusive.files.wordpress.com\/2008\/11\/ibase.gif","datePublished":"2009-06-17T12:23:56+00:00","breadcrumb":{"@id":"https:\/\/inclusivenews.com.br\/?p=8354#breadcrumb"},"inLanguage":"pt-PT","potentialAction":[{"@type":"ReadAction","target":["https:\/\/inclusivenews.com.br\/?p=8354"]}]},{"@type":"ImageObject","inLanguage":"pt-PT","@id":"https:\/\/inclusivenews.com.br\/?p=8354#primaryimage","url":"http:\/\/agenciainclusive.files.wordpress.com\/2008\/11\/ibase.gif","contentUrl":"http:\/\/agenciainclusive.files.wordpress.com\/2008\/11\/ibase.gif"},{"@type":"BreadcrumbList","@id":"https:\/\/inclusivenews.com.br\/?p=8354#breadcrumb","itemListElement":[{"@type":"ListItem","position":1,"name":"In\u00edcio","item":"https:\/\/inclusivenews.com.br\/"},{"@type":"ListItem","position":2,"name":"Pesquisa revela diferen\u00e7as e semelhan\u00e7as entre gera\u00e7\u00f5es"}]},{"@type":"WebSite","@id":"https:\/\/inclusivenews.com.br\/#website","url":"https:\/\/inclusivenews.com.br\/","name":"Inclusive News","description":"Inclusive News","publisher":{"@id":"https:\/\/inclusivenews.com.br\/#organization"},"potentialAction":[{"@type":"SearchAction","target":{"@type":"EntryPoint","urlTemplate":"https:\/\/inclusivenews.com.br\/?s={search_term_string}"},"query-input":{"@type":"PropertyValueSpecification","valueRequired":true,"valueName":"search_term_string"}}],"inLanguage":"pt-PT"},{"@type":"Organization","@id":"https:\/\/inclusivenews.com.br\/#organization","name":"Inclusive - inclus\u00e3o e cidadania","url":"https:\/\/inclusivenews.com.br\/","logo":{"@type":"ImageObject","inLanguage":"pt-PT","@id":"https:\/\/inclusivenews.com.br\/#\/schema\/logo\/image\/","url":"https:\/\/inclusivenews.com.br\/wp-content\/uploads\/2024\/03\/@grandesite.png","contentUrl":"https:\/\/inclusivenews.com.br\/wp-content\/uploads\/2024\/03\/@grandesite.png","width":1080,"height":1080,"caption":"Inclusive - inclus\u00e3o e cidadania"},"image":{"@id":"https:\/\/inclusivenews.com.br\/#\/schema\/logo\/image\/"},"sameAs":["https:\/\/www.facebook.com\/agenciainclusive\/","https:\/\/www.instagram.com\/newsinclusive\/"]},{"@type":"Person","@id":"https:\/\/inclusivenews.com.br\/#\/schema\/person\/0dab492019871b94abb65fa8ee7c8c44","name":"Inclusive","image":{"@type":"ImageObject","inLanguage":"pt-PT","@id":"https:\/\/secure.gravatar.com\/avatar\/?s=96&d=mm&r=g","url":"https:\/\/secure.gravatar.com\/avatar\/?s=96&d=mm&r=g","contentUrl":"https:\/\/secure.gravatar.com\/avatar\/?s=96&d=mm&r=g","caption":"Inclusive"},"url":"https:\/\/inclusivenews.com.br\/?author=2"}]}},"_links":{"self":[{"href":"https:\/\/inclusivenews.com.br\/index.php?rest_route=\/wp\/v2\/posts\/8354","targetHints":{"allow":["GET"]}}],"collection":[{"href":"https:\/\/inclusivenews.com.br\/index.php?rest_route=\/wp\/v2\/posts"}],"about":[{"href":"https:\/\/inclusivenews.com.br\/index.php?rest_route=\/wp\/v2\/types\/post"}],"author":[{"embeddable":true,"href":"https:\/\/inclusivenews.com.br\/index.php?rest_route=\/wp\/v2\/users\/2"}],"replies":[{"embeddable":true,"href":"https:\/\/inclusivenews.com.br\/index.php?rest_route=%2Fwp%2Fv2%2Fcomments&post=8354"}],"version-history":[{"count":0,"href":"https:\/\/inclusivenews.com.br\/index.php?rest_route=\/wp\/v2\/posts\/8354\/revisions"}],"wp:attachment":[{"href":"https:\/\/inclusivenews.com.br\/index.php?rest_route=%2Fwp%2Fv2%2Fmedia&parent=8354"}],"wp:term":[{"taxonomy":"category","embeddable":true,"href":"https:\/\/inclusivenews.com.br\/index.php?rest_route=%2Fwp%2Fv2%2Fcategories&post=8354"},{"taxonomy":"post_tag","embeddable":true,"href":"https:\/\/inclusivenews.com.br\/index.php?rest_route=%2Fwp%2Fv2%2Ftags&post=8354"}],"curies":[{"name":"wp","href":"https:\/\/api.w.org\/{rel}","templated":true}]}}