{"id":8358,"date":"2009-06-17T12:23:55","date_gmt":"2009-06-17T12:23:55","guid":{"rendered":"http:\/\/agenciainclusive.wordpress.com\/?p=8358"},"modified":"2009-06-17T12:23:55","modified_gmt":"2009-06-17T12:23:55","slug":"pobreza-como-violacao-dos-direitos-humanos-os-direitos-humanos-do-combate-a-pobreza","status":"publish","type":"post","link":"https:\/\/inclusivenews.com.br\/?p=8358","title":{"rendered":"Pobreza como viola\u00e7\u00e3o dos direitos humanos: os direitos humanos do combate \u00e0 pobreza"},"content":{"rendered":"<p>Pobreza como viola\u00e7\u00e3o dos direitos humanos: os direitos humanos do combate \u00e0 pobreza, por Mario de Carvalho Camargo Neto. Universidade Presbiteriana Mackenzie.<\/p>\n<p><a href=\"http:\/\/mx.mackenzie.com.br\/tede\/tde_busca\/arquivo.php?codArquivo=891\" target=\"_blank\" rel=\"noopener\">Link para download.<\/a><\/p>\n<p><strong>RESUMO\/ABSTRACT<\/strong><\/p>\n<p>A presente disserta\u00e7\u00e3o prop\u00f5e-se a contribuir para o reconhecimento da pobreza como viola\u00e7\u00e3o dos direitos humanos, e a analisar as vantagens que podem decorrer deste reconhecimento. Presta-se, tamb\u00e9m, a oferecer uma vis\u00e3o alternativa dos direitos humanos, por meio da qual estes sejam entendidos como instrumentos de combate \u00e0 pobreza. Para tanto, \u00e9 feita uma abordagem relativa ao que se pode entender por pobreza e, em seguida, s\u00e3o analisados dois trabalhos sobre a mat\u00e9ria, o primeiro promovido pelo Conselho de Direitos Humanos das Na\u00e7\u00f5es Unidas e o segundo desenvolvido pela Teologia da Liberta\u00e7\u00e3o na Am\u00e9rica Latina. Conclui-se que ambos os trabalhos, embora se utilizando de fundamentos diversos, reconhecem que a pobreza \u00e9 uma viola\u00e7\u00e3o dos direitos humanos, e que isto justifica a imposi\u00e7\u00e3o a todos de obriga\u00e7\u00f5es relativas ao seu combate, as quais incluem reformas legais, institucionais e estruturais. Aponta-se, por fim, que ambos os trabalhos prop\u00f5em alternativas \u00e0 concep\u00e7\u00e3o de direitos humanos, sob a perspectiva dos pobres, entendendo que devem ser priorizados os direitos que melhor atendem \u00e0queles que sofrem com a pobreza e ao combate desta.<\/p>\n","protected":false},"excerpt":{"rendered":"<p>Pobreza como viola\u00e7\u00e3o dos direitos humanos: os direitos humanos do combate \u00e0 pobreza, por Mario de Carvalho Camargo Neto. Universidade Presbiteriana Mackenzie. Link para download. RESUMO\/ABSTRACT A presente disserta\u00e7\u00e3o prop\u00f5e-se a contribuir para o reconhecimento da pobreza como viola\u00e7\u00e3o dos direitos humanos, e a analisar as vantagens que podem decorrer deste reconhecimento. Presta-se, tamb\u00e9m, a [&hellip;]<\/p>\n","protected":false},"author":2,"featured_media":0,"comment_status":"open","ping_status":"open","sticky":false,"template":"","format":"standard","meta":{"site-container-style":"default","site-container-layout":"default","site-sidebar-layout":"default","disable-article-header":"default","disable-site-header":"default","disable-site-footer":"default","disable-content-area-spacing":"default","footnotes":""},"categories":[4,24],"tags":[],"class_list":["post-8358","post","type-post","status-publish","format-standard","hentry","category-noticias","category-producao-academica"],"yoast_head":"<!-- This site is optimized with the Yoast SEO plugin v27.4 - https:\/\/yoast.com\/product\/yoast-seo-wordpress\/ -->\n<title>Pobreza como viola\u00e7\u00e3o dos direitos humanos: os direitos humanos do combate \u00e0 pobreza -<\/title>\n<meta name=\"robots\" content=\"index, follow, max-snippet:-1, max-image-preview:large, max-video-preview:-1\" \/>\n<link rel=\"canonical\" href=\"https:\/\/inclusivenews.com.br\/?p=8358\" \/>\n<meta property=\"og:locale\" content=\"pt_PT\" \/>\n<meta property=\"og:type\" content=\"article\" \/>\n<meta property=\"og:title\" content=\"Pobreza como viola\u00e7\u00e3o dos direitos humanos: os direitos humanos do combate \u00e0 pobreza -\" \/>\n<meta property=\"og:description\" content=\"Pobreza como viola\u00e7\u00e3o dos direitos humanos: os direitos humanos do combate \u00e0 pobreza, por Mario de Carvalho Camargo Neto. Universidade Presbiteriana Mackenzie. Link para download. RESUMO\/ABSTRACT A presente disserta\u00e7\u00e3o prop\u00f5e-se a contribuir para o reconhecimento da pobreza como viola\u00e7\u00e3o dos direitos humanos, e a analisar as vantagens que podem decorrer deste reconhecimento. Presta-se, tamb\u00e9m, a [&hellip;]\" \/>\n<meta property=\"og:url\" content=\"https:\/\/inclusivenews.com.br\/?p=8358\" \/>\n<meta property=\"article:publisher\" content=\"https:\/\/www.facebook.com\/agenciainclusive\/\" \/>\n<meta property=\"article:published_time\" content=\"2009-06-17T12:23:55+00:00\" \/>\n<meta name=\"author\" content=\"Inclusive\" \/>\n<meta name=\"twitter:card\" content=\"summary_large_image\" \/>\n<meta name=\"twitter:label1\" content=\"Escrito por\" \/>\n\t<meta name=\"twitter:data1\" content=\"Inclusive\" \/>\n\t<meta name=\"twitter:label2\" content=\"Tempo estimado de leitura\" \/>\n\t<meta name=\"twitter:data2\" content=\"1 minuto\" \/>\n<script type=\"application\/ld+json\" class=\"yoast-schema-graph\">{\"@context\":\"https:\\\/\\\/schema.org\",\"@graph\":[{\"@type\":\"Article\",\"@id\":\"https:\\\/\\\/inclusivenews.com.br\\\/?p=8358#article\",\"isPartOf\":{\"@id\":\"https:\\\/\\\/inclusivenews.com.br\\\/?p=8358\"},\"author\":{\"name\":\"Inclusive\",\"@id\":\"https:\\\/\\\/inclusivenews.com.br\\\/#\\\/schema\\\/person\\\/0dab492019871b94abb65fa8ee7c8c44\"},\"headline\":\"Pobreza como viola\u00e7\u00e3o dos direitos humanos: os direitos humanos do combate \u00e0 pobreza\",\"datePublished\":\"2009-06-17T12:23:55+00:00\",\"mainEntityOfPage\":{\"@id\":\"https:\\\/\\\/inclusivenews.com.br\\\/?p=8358\"},\"wordCount\":228,\"commentCount\":0,\"publisher\":{\"@id\":\"https:\\\/\\\/inclusivenews.com.br\\\/#organization\"},\"articleSection\":[\"NOT\u00cdCIAS\",\"Produ\u00e7\u00e3o acad\u00eamica\"],\"inLanguage\":\"pt-PT\",\"potentialAction\":[{\"@type\":\"CommentAction\",\"name\":\"Comment\",\"target\":[\"https:\\\/\\\/inclusivenews.com.br\\\/?p=8358#respond\"]}]},{\"@type\":\"WebPage\",\"@id\":\"https:\\\/\\\/inclusivenews.com.br\\\/?p=8358\",\"url\":\"https:\\\/\\\/inclusivenews.com.br\\\/?p=8358\",\"name\":\"Pobreza como viola\u00e7\u00e3o dos direitos humanos: os direitos humanos do combate \u00e0 pobreza -\",\"isPartOf\":{\"@id\":\"https:\\\/\\\/inclusivenews.com.br\\\/#website\"},\"datePublished\":\"2009-06-17T12:23:55+00:00\",\"breadcrumb\":{\"@id\":\"https:\\\/\\\/inclusivenews.com.br\\\/?p=8358#breadcrumb\"},\"inLanguage\":\"pt-PT\",\"potentialAction\":[{\"@type\":\"ReadAction\",\"target\":[\"https:\\\/\\\/inclusivenews.com.br\\\/?p=8358\"]}]},{\"@type\":\"BreadcrumbList\",\"@id\":\"https:\\\/\\\/inclusivenews.com.br\\\/?p=8358#breadcrumb\",\"itemListElement\":[{\"@type\":\"ListItem\",\"position\":1,\"name\":\"In\u00edcio\",\"item\":\"https:\\\/\\\/inclusivenews.com.br\\\/\"},{\"@type\":\"ListItem\",\"position\":2,\"name\":\"Pobreza como viola\u00e7\u00e3o dos direitos humanos: os direitos humanos do combate \u00e0 pobreza\"}]},{\"@type\":\"WebSite\",\"@id\":\"https:\\\/\\\/inclusivenews.com.br\\\/#website\",\"url\":\"https:\\\/\\\/inclusivenews.com.br\\\/\",\"name\":\"Inclusive News\",\"description\":\"Inclusive News\",\"publisher\":{\"@id\":\"https:\\\/\\\/inclusivenews.com.br\\\/#organization\"},\"potentialAction\":[{\"@type\":\"SearchAction\",\"target\":{\"@type\":\"EntryPoint\",\"urlTemplate\":\"https:\\\/\\\/inclusivenews.com.br\\\/?s={search_term_string}\"},\"query-input\":{\"@type\":\"PropertyValueSpecification\",\"valueRequired\":true,\"valueName\":\"search_term_string\"}}],\"inLanguage\":\"pt-PT\"},{\"@type\":\"Organization\",\"@id\":\"https:\\\/\\\/inclusivenews.com.br\\\/#organization\",\"name\":\"Inclusive - inclus\u00e3o e cidadania\",\"url\":\"https:\\\/\\\/inclusivenews.com.br\\\/\",\"logo\":{\"@type\":\"ImageObject\",\"inLanguage\":\"pt-PT\",\"@id\":\"https:\\\/\\\/inclusivenews.com.br\\\/#\\\/schema\\\/logo\\\/image\\\/\",\"url\":\"https:\\\/\\\/inclusivenews.com.br\\\/wp-content\\\/uploads\\\/2024\\\/03\\\/@grandesite.png\",\"contentUrl\":\"https:\\\/\\\/inclusivenews.com.br\\\/wp-content\\\/uploads\\\/2024\\\/03\\\/@grandesite.png\",\"width\":1080,\"height\":1080,\"caption\":\"Inclusive - inclus\u00e3o e cidadania\"},\"image\":{\"@id\":\"https:\\\/\\\/inclusivenews.com.br\\\/#\\\/schema\\\/logo\\\/image\\\/\"},\"sameAs\":[\"https:\\\/\\\/www.facebook.com\\\/agenciainclusive\\\/\",\"https:\\\/\\\/www.instagram.com\\\/newsinclusive\\\/\"]},{\"@type\":\"Person\",\"@id\":\"https:\\\/\\\/inclusivenews.com.br\\\/#\\\/schema\\\/person\\\/0dab492019871b94abb65fa8ee7c8c44\",\"name\":\"Inclusive\",\"image\":{\"@type\":\"ImageObject\",\"inLanguage\":\"pt-PT\",\"@id\":\"https:\\\/\\\/secure.gravatar.com\\\/avatar\\\/?s=96&d=mm&r=g\",\"url\":\"https:\\\/\\\/secure.gravatar.com\\\/avatar\\\/?s=96&d=mm&r=g\",\"contentUrl\":\"https:\\\/\\\/secure.gravatar.com\\\/avatar\\\/?s=96&d=mm&r=g\",\"caption\":\"Inclusive\"},\"url\":\"https:\\\/\\\/inclusivenews.com.br\\\/?author=2\"}]}<\/script>\n<!-- \/ Yoast SEO plugin. -->","yoast_head_json":{"title":"Pobreza como viola\u00e7\u00e3o dos direitos humanos: os direitos humanos do combate \u00e0 pobreza -","robots":{"index":"index","follow":"follow","max-snippet":"max-snippet:-1","max-image-preview":"max-image-preview:large","max-video-preview":"max-video-preview:-1"},"canonical":"https:\/\/inclusivenews.com.br\/?p=8358","og_locale":"pt_PT","og_type":"article","og_title":"Pobreza como viola\u00e7\u00e3o dos direitos humanos: os direitos humanos do combate \u00e0 pobreza -","og_description":"Pobreza como viola\u00e7\u00e3o dos direitos humanos: os direitos humanos do combate \u00e0 pobreza, por Mario de Carvalho Camargo Neto. Universidade Presbiteriana Mackenzie. Link para download. RESUMO\/ABSTRACT A presente disserta\u00e7\u00e3o prop\u00f5e-se a contribuir para o reconhecimento da pobreza como viola\u00e7\u00e3o dos direitos humanos, e a analisar as vantagens que podem decorrer deste reconhecimento. Presta-se, tamb\u00e9m, a [&hellip;]","og_url":"https:\/\/inclusivenews.com.br\/?p=8358","article_publisher":"https:\/\/www.facebook.com\/agenciainclusive\/","article_published_time":"2009-06-17T12:23:55+00:00","author":"Inclusive","twitter_card":"summary_large_image","twitter_misc":{"Escrito por":"Inclusive","Tempo estimado de leitura":"1 minuto"},"schema":{"@context":"https:\/\/schema.org","@graph":[{"@type":"Article","@id":"https:\/\/inclusivenews.com.br\/?p=8358#article","isPartOf":{"@id":"https:\/\/inclusivenews.com.br\/?p=8358"},"author":{"name":"Inclusive","@id":"https:\/\/inclusivenews.com.br\/#\/schema\/person\/0dab492019871b94abb65fa8ee7c8c44"},"headline":"Pobreza como viola\u00e7\u00e3o dos direitos humanos: os direitos humanos do combate \u00e0 pobreza","datePublished":"2009-06-17T12:23:55+00:00","mainEntityOfPage":{"@id":"https:\/\/inclusivenews.com.br\/?p=8358"},"wordCount":228,"commentCount":0,"publisher":{"@id":"https:\/\/inclusivenews.com.br\/#organization"},"articleSection":["NOT\u00cdCIAS","Produ\u00e7\u00e3o acad\u00eamica"],"inLanguage":"pt-PT","potentialAction":[{"@type":"CommentAction","name":"Comment","target":["https:\/\/inclusivenews.com.br\/?p=8358#respond"]}]},{"@type":"WebPage","@id":"https:\/\/inclusivenews.com.br\/?p=8358","url":"https:\/\/inclusivenews.com.br\/?p=8358","name":"Pobreza como viola\u00e7\u00e3o dos direitos humanos: os direitos humanos do combate \u00e0 pobreza -","isPartOf":{"@id":"https:\/\/inclusivenews.com.br\/#website"},"datePublished":"2009-06-17T12:23:55+00:00","breadcrumb":{"@id":"https:\/\/inclusivenews.com.br\/?p=8358#breadcrumb"},"inLanguage":"pt-PT","potentialAction":[{"@type":"ReadAction","target":["https:\/\/inclusivenews.com.br\/?p=8358"]}]},{"@type":"BreadcrumbList","@id":"https:\/\/inclusivenews.com.br\/?p=8358#breadcrumb","itemListElement":[{"@type":"ListItem","position":1,"name":"In\u00edcio","item":"https:\/\/inclusivenews.com.br\/"},{"@type":"ListItem","position":2,"name":"Pobreza como viola\u00e7\u00e3o dos direitos humanos: os direitos humanos do combate \u00e0 pobreza"}]},{"@type":"WebSite","@id":"https:\/\/inclusivenews.com.br\/#website","url":"https:\/\/inclusivenews.com.br\/","name":"Inclusive News","description":"Inclusive News","publisher":{"@id":"https:\/\/inclusivenews.com.br\/#organization"},"potentialAction":[{"@type":"SearchAction","target":{"@type":"EntryPoint","urlTemplate":"https:\/\/inclusivenews.com.br\/?s={search_term_string}"},"query-input":{"@type":"PropertyValueSpecification","valueRequired":true,"valueName":"search_term_string"}}],"inLanguage":"pt-PT"},{"@type":"Organization","@id":"https:\/\/inclusivenews.com.br\/#organization","name":"Inclusive - inclus\u00e3o e cidadania","url":"https:\/\/inclusivenews.com.br\/","logo":{"@type":"ImageObject","inLanguage":"pt-PT","@id":"https:\/\/inclusivenews.com.br\/#\/schema\/logo\/image\/","url":"https:\/\/inclusivenews.com.br\/wp-content\/uploads\/2024\/03\/@grandesite.png","contentUrl":"https:\/\/inclusivenews.com.br\/wp-content\/uploads\/2024\/03\/@grandesite.png","width":1080,"height":1080,"caption":"Inclusive - inclus\u00e3o e cidadania"},"image":{"@id":"https:\/\/inclusivenews.com.br\/#\/schema\/logo\/image\/"},"sameAs":["https:\/\/www.facebook.com\/agenciainclusive\/","https:\/\/www.instagram.com\/newsinclusive\/"]},{"@type":"Person","@id":"https:\/\/inclusivenews.com.br\/#\/schema\/person\/0dab492019871b94abb65fa8ee7c8c44","name":"Inclusive","image":{"@type":"ImageObject","inLanguage":"pt-PT","@id":"https:\/\/secure.gravatar.com\/avatar\/?s=96&d=mm&r=g","url":"https:\/\/secure.gravatar.com\/avatar\/?s=96&d=mm&r=g","contentUrl":"https:\/\/secure.gravatar.com\/avatar\/?s=96&d=mm&r=g","caption":"Inclusive"},"url":"https:\/\/inclusivenews.com.br\/?author=2"}]}},"_links":{"self":[{"href":"https:\/\/inclusivenews.com.br\/index.php?rest_route=\/wp\/v2\/posts\/8358","targetHints":{"allow":["GET"]}}],"collection":[{"href":"https:\/\/inclusivenews.com.br\/index.php?rest_route=\/wp\/v2\/posts"}],"about":[{"href":"https:\/\/inclusivenews.com.br\/index.php?rest_route=\/wp\/v2\/types\/post"}],"author":[{"embeddable":true,"href":"https:\/\/inclusivenews.com.br\/index.php?rest_route=\/wp\/v2\/users\/2"}],"replies":[{"embeddable":true,"href":"https:\/\/inclusivenews.com.br\/index.php?rest_route=%2Fwp%2Fv2%2Fcomments&post=8358"}],"version-history":[{"count":0,"href":"https:\/\/inclusivenews.com.br\/index.php?rest_route=\/wp\/v2\/posts\/8358\/revisions"}],"wp:attachment":[{"href":"https:\/\/inclusivenews.com.br\/index.php?rest_route=%2Fwp%2Fv2%2Fmedia&parent=8358"}],"wp:term":[{"taxonomy":"category","embeddable":true,"href":"https:\/\/inclusivenews.com.br\/index.php?rest_route=%2Fwp%2Fv2%2Fcategories&post=8358"},{"taxonomy":"post_tag","embeddable":true,"href":"https:\/\/inclusivenews.com.br\/index.php?rest_route=%2Fwp%2Fv2%2Ftags&post=8358"}],"curies":[{"name":"wp","href":"https:\/\/api.w.org\/{rel}","templated":true}]}}