{"id":8375,"date":"2009-06-18T10:30:07","date_gmt":"2009-06-18T10:30:07","guid":{"rendered":"http:\/\/agenciainclusive.wordpress.com\/?p=8375"},"modified":"2009-06-18T10:30:07","modified_gmt":"2009-06-18T10:30:07","slug":"o-autismo-sob-o-olhar-da-terapia-ocupacional","status":"publish","type":"post","link":"https:\/\/inclusivenews.com.br\/?p=8375","title":{"rendered":"O autismo sob o olhar da terapia ocupacional"},"content":{"rendered":"<p style=\"text-align:right;\"><img decoding=\"async\" class=\"alignleft\" src=\"http:\/\/agenciainclusive.files.wordpress.com\/2009\/06\/aberto.jpg\" border=\"0\" alt=\"Descri\u00e7\u00e3o da imagem: dois livros abertos sobrepostos.\" \/>A id\u00e9ia de fazer um guia de orienta\u00e7\u00e3o para pais, surgiu \u00e0 partir do momento em que n\u00f3s profissionais sentimos a necessidade de fornecer mais informa\u00e7\u00f5es aos mesmos sobre &#8220;O que \u00e9 o autismo&#8221; e &#8220;Como a terapia Ocupacional, com uma abordagem de integra\u00e7\u00e3o sensorial, pode auxili\u00e1-los a entender e compreender melhor o comportamento de seu filho&#8221;.<\/p>\n<p>Muitas s\u00e3o as abordagens que podem guiar o trabalho do terapeuta ocupacional e s\u00e3o elas que definem seu racioc\u00ednio cl\u00ednico e suas a\u00e7\u00f5es com o cliente. A abordagem que utilizamos neste guia \u00e9 a da Integra\u00e7\u00e3o Sensorial. A Integra\u00e7\u00e3o Sensorial \u00e9 a habilidade do sistema nervoso central de absorver, processar e organizar respostas adequadas \u00e0s informa\u00e7\u00f5es trazidas pelos sentidos; \u00e9 &#8220;um processo neurol\u00f3gico que organiza as sensa\u00e7\u00f5es do pr\u00f3prio corpo e do ambiente, de forma a ser poss\u00edvel o uso eficiente do corpo no ambiente.&#8221; Com a abordagem de Integra\u00e7\u00e3o Sensorial em mente e o conceito de Terapia Ocupacional formado, constru\u00edmos este guia de orienta\u00e7\u00e3o para pais de autistas, pois os consideramos parceiros neste trabalho. Os pais s\u00e3o as pessoas ideais para nos dizer sobre como \u00e9 o dia-a-dia de seu filho, seu comportamento, do que gostam ou do que n\u00e3o gostam. Auxili\u00e1-los a conhecer e entender alguns comportamentos diferentes observados pode ajud\u00e1-los a lidar com as dificuldades nas situa\u00e7\u00f5es do dia-a-dia. Este guia nos ajuda a ter uma vis\u00e3o diferenciada do comportamento do autista, \u00e0 partir do momento em que passamos a conhecer e perceber melhor o mundo dos sentidos.<\/p>\n<p>Informa\u00e7\u00f5es: <a href=\"mailto:arielagoldstein@gmail.com\">arielagoldstein@gmail.com<\/a><\/p>\n<p>Fonte: <a href=\"http:\/\/www.topediatrica.blogspot.com\/\">http:\/\/www.topediatrica.blogspot.com\/<\/a><\/p>\n<figure id=\"attachment_8376\" aria-describedby=\"caption-attachment-8376\" style=\"width: 172px\" class=\"wp-caption alignrigt\"><a href=\"http:\/\/agenciainclusive.files.wordpress.com\/2009\/06\/o_autismo.jpg\"><img loading=\"lazy\" decoding=\"async\" class=\"size-full wp-image-8376\" title=\"o_autismo\" src=\"http:\/\/agenciainclusive.files.wordpress.com\/2009\/06\/o_autismo.jpg\" alt=\"o_autismo\" width=\"172\" height=\"259\" \/><\/a><figcaption id=\"caption-attachment-8376\" class=\"wp-caption-text\">Na imagem, a capa do livro onde a n\u00edtida imagem de uma m\u00e3o em primeiro plano oculta a imagem embotada de um rosto de uma crian\u00e7a.<\/figcaption><\/figure>\n","protected":false},"excerpt":{"rendered":"<p>A id\u00e9ia de fazer um guia de orienta\u00e7\u00e3o para pais, surgiu \u00e0 partir do momento em que n\u00f3s profissionais sentimos a necessidade de fornecer mais informa\u00e7\u00f5es aos mesmos sobre &#8220;O que \u00e9 o autismo&#8221; e &#8220;Como a terapia Ocupacional, com uma abordagem de integra\u00e7\u00e3o sensorial, pode auxili\u00e1-los a entender e compreender melhor o comportamento de [&hellip;]<\/p>\n","protected":false},"author":2,"featured_media":0,"comment_status":"open","ping_status":"open","sticky":false,"template":"","format":"standard","meta":{"site-container-style":"default","site-container-layout":"default","site-sidebar-layout":"default","disable-article-header":"default","disable-site-header":"default","disable-site-footer":"default","disable-content-area-spacing":"default","footnotes":""},"categories":[10],"tags":[],"class_list":["post-8375","post","type-post","status-publish","format-standard","hentry","category-publicacoes"],"yoast_head":"<!-- This site is optimized with the Yoast SEO plugin v27.4 - https:\/\/yoast.com\/product\/yoast-seo-wordpress\/ -->\n<title>O autismo sob o olhar da terapia ocupacional -<\/title>\n<meta name=\"robots\" content=\"index, follow, max-snippet:-1, max-image-preview:large, max-video-preview:-1\" \/>\n<link rel=\"canonical\" href=\"https:\/\/inclusivenews.com.br\/?p=8375\" \/>\n<meta property=\"og:locale\" content=\"pt_PT\" \/>\n<meta property=\"og:type\" content=\"article\" \/>\n<meta property=\"og:title\" content=\"O autismo sob o olhar da terapia ocupacional -\" \/>\n<meta property=\"og:description\" content=\"A id\u00e9ia de fazer um guia de orienta\u00e7\u00e3o para pais, surgiu \u00e0 partir do momento em que n\u00f3s profissionais sentimos a necessidade de fornecer mais informa\u00e7\u00f5es aos mesmos sobre &#8220;O que \u00e9 o autismo&#8221; e &#8220;Como a terapia Ocupacional, com uma abordagem de integra\u00e7\u00e3o sensorial, pode auxili\u00e1-los a entender e compreender melhor o comportamento de [&hellip;]\" \/>\n<meta property=\"og:url\" content=\"https:\/\/inclusivenews.com.br\/?p=8375\" \/>\n<meta property=\"article:publisher\" content=\"https:\/\/www.facebook.com\/agenciainclusive\/\" \/>\n<meta property=\"article:published_time\" content=\"2009-06-18T10:30:07+00:00\" \/>\n<meta property=\"og:image\" content=\"http:\/\/agenciainclusive.files.wordpress.com\/2009\/06\/aberto.jpg\" \/>\n<meta name=\"author\" content=\"Inclusive\" \/>\n<meta name=\"twitter:card\" content=\"summary_large_image\" \/>\n<meta name=\"twitter:label1\" content=\"Escrito por\" \/>\n\t<meta name=\"twitter:data1\" content=\"Inclusive\" \/>\n\t<meta name=\"twitter:label2\" content=\"Tempo estimado de leitura\" \/>\n\t<meta name=\"twitter:data2\" content=\"2 minutos\" \/>\n<script type=\"application\/ld+json\" class=\"yoast-schema-graph\">{\"@context\":\"https:\\\/\\\/schema.org\",\"@graph\":[{\"@type\":\"Article\",\"@id\":\"https:\\\/\\\/inclusivenews.com.br\\\/?p=8375#article\",\"isPartOf\":{\"@id\":\"https:\\\/\\\/inclusivenews.com.br\\\/?p=8375\"},\"author\":{\"name\":\"Inclusive\",\"@id\":\"https:\\\/\\\/inclusivenews.com.br\\\/#\\\/schema\\\/person\\\/0dab492019871b94abb65fa8ee7c8c44\"},\"headline\":\"O autismo sob o olhar da terapia ocupacional\",\"datePublished\":\"2009-06-18T10:30:07+00:00\",\"mainEntityOfPage\":{\"@id\":\"https:\\\/\\\/inclusivenews.com.br\\\/?p=8375\"},\"wordCount\":324,\"commentCount\":4,\"publisher\":{\"@id\":\"https:\\\/\\\/inclusivenews.com.br\\\/#organization\"},\"image\":{\"@id\":\"https:\\\/\\\/inclusivenews.com.br\\\/?p=8375#primaryimage\"},\"thumbnailUrl\":\"http:\\\/\\\/agenciainclusive.files.wordpress.com\\\/2009\\\/06\\\/aberto.jpg\",\"articleSection\":[\"PUBLICA\u00c7\u00d5ES\"],\"inLanguage\":\"pt-PT\",\"potentialAction\":[{\"@type\":\"CommentAction\",\"name\":\"Comment\",\"target\":[\"https:\\\/\\\/inclusivenews.com.br\\\/?p=8375#respond\"]}]},{\"@type\":\"WebPage\",\"@id\":\"https:\\\/\\\/inclusivenews.com.br\\\/?p=8375\",\"url\":\"https:\\\/\\\/inclusivenews.com.br\\\/?p=8375\",\"name\":\"O autismo sob o olhar da terapia ocupacional -\",\"isPartOf\":{\"@id\":\"https:\\\/\\\/inclusivenews.com.br\\\/#website\"},\"primaryImageOfPage\":{\"@id\":\"https:\\\/\\\/inclusivenews.com.br\\\/?p=8375#primaryimage\"},\"image\":{\"@id\":\"https:\\\/\\\/inclusivenews.com.br\\\/?p=8375#primaryimage\"},\"thumbnailUrl\":\"http:\\\/\\\/agenciainclusive.files.wordpress.com\\\/2009\\\/06\\\/aberto.jpg\",\"datePublished\":\"2009-06-18T10:30:07+00:00\",\"breadcrumb\":{\"@id\":\"https:\\\/\\\/inclusivenews.com.br\\\/?p=8375#breadcrumb\"},\"inLanguage\":\"pt-PT\",\"potentialAction\":[{\"@type\":\"ReadAction\",\"target\":[\"https:\\\/\\\/inclusivenews.com.br\\\/?p=8375\"]}]},{\"@type\":\"ImageObject\",\"inLanguage\":\"pt-PT\",\"@id\":\"https:\\\/\\\/inclusivenews.com.br\\\/?p=8375#primaryimage\",\"url\":\"http:\\\/\\\/agenciainclusive.files.wordpress.com\\\/2009\\\/06\\\/aberto.jpg\",\"contentUrl\":\"http:\\\/\\\/agenciainclusive.files.wordpress.com\\\/2009\\\/06\\\/aberto.jpg\"},{\"@type\":\"BreadcrumbList\",\"@id\":\"https:\\\/\\\/inclusivenews.com.br\\\/?p=8375#breadcrumb\",\"itemListElement\":[{\"@type\":\"ListItem\",\"position\":1,\"name\":\"In\u00edcio\",\"item\":\"https:\\\/\\\/inclusivenews.com.br\\\/\"},{\"@type\":\"ListItem\",\"position\":2,\"name\":\"O autismo sob o olhar da terapia ocupacional\"}]},{\"@type\":\"WebSite\",\"@id\":\"https:\\\/\\\/inclusivenews.com.br\\\/#website\",\"url\":\"https:\\\/\\\/inclusivenews.com.br\\\/\",\"name\":\"Inclusive News\",\"description\":\"Inclusive News\",\"publisher\":{\"@id\":\"https:\\\/\\\/inclusivenews.com.br\\\/#organization\"},\"potentialAction\":[{\"@type\":\"SearchAction\",\"target\":{\"@type\":\"EntryPoint\",\"urlTemplate\":\"https:\\\/\\\/inclusivenews.com.br\\\/?s={search_term_string}\"},\"query-input\":{\"@type\":\"PropertyValueSpecification\",\"valueRequired\":true,\"valueName\":\"search_term_string\"}}],\"inLanguage\":\"pt-PT\"},{\"@type\":\"Organization\",\"@id\":\"https:\\\/\\\/inclusivenews.com.br\\\/#organization\",\"name\":\"Inclusive - inclus\u00e3o e cidadania\",\"url\":\"https:\\\/\\\/inclusivenews.com.br\\\/\",\"logo\":{\"@type\":\"ImageObject\",\"inLanguage\":\"pt-PT\",\"@id\":\"https:\\\/\\\/inclusivenews.com.br\\\/#\\\/schema\\\/logo\\\/image\\\/\",\"url\":\"https:\\\/\\\/inclusivenews.com.br\\\/wp-content\\\/uploads\\\/2024\\\/03\\\/@grandesite.png\",\"contentUrl\":\"https:\\\/\\\/inclusivenews.com.br\\\/wp-content\\\/uploads\\\/2024\\\/03\\\/@grandesite.png\",\"width\":1080,\"height\":1080,\"caption\":\"Inclusive - inclus\u00e3o e cidadania\"},\"image\":{\"@id\":\"https:\\\/\\\/inclusivenews.com.br\\\/#\\\/schema\\\/logo\\\/image\\\/\"},\"sameAs\":[\"https:\\\/\\\/www.facebook.com\\\/agenciainclusive\\\/\",\"https:\\\/\\\/www.instagram.com\\\/newsinclusive\\\/\"]},{\"@type\":\"Person\",\"@id\":\"https:\\\/\\\/inclusivenews.com.br\\\/#\\\/schema\\\/person\\\/0dab492019871b94abb65fa8ee7c8c44\",\"name\":\"Inclusive\",\"image\":{\"@type\":\"ImageObject\",\"inLanguage\":\"pt-PT\",\"@id\":\"https:\\\/\\\/secure.gravatar.com\\\/avatar\\\/?s=96&d=mm&r=g\",\"url\":\"https:\\\/\\\/secure.gravatar.com\\\/avatar\\\/?s=96&d=mm&r=g\",\"contentUrl\":\"https:\\\/\\\/secure.gravatar.com\\\/avatar\\\/?s=96&d=mm&r=g\",\"caption\":\"Inclusive\"},\"url\":\"https:\\\/\\\/inclusivenews.com.br\\\/?author=2\"}]}<\/script>\n<!-- \/ Yoast SEO plugin. -->","yoast_head_json":{"title":"O autismo sob o olhar da terapia ocupacional -","robots":{"index":"index","follow":"follow","max-snippet":"max-snippet:-1","max-image-preview":"max-image-preview:large","max-video-preview":"max-video-preview:-1"},"canonical":"https:\/\/inclusivenews.com.br\/?p=8375","og_locale":"pt_PT","og_type":"article","og_title":"O autismo sob o olhar da terapia ocupacional -","og_description":"A id\u00e9ia de fazer um guia de orienta\u00e7\u00e3o para pais, surgiu \u00e0 partir do momento em que n\u00f3s profissionais sentimos a necessidade de fornecer mais informa\u00e7\u00f5es aos mesmos sobre &#8220;O que \u00e9 o autismo&#8221; e &#8220;Como a terapia Ocupacional, com uma abordagem de integra\u00e7\u00e3o sensorial, pode auxili\u00e1-los a entender e compreender melhor o comportamento de [&hellip;]","og_url":"https:\/\/inclusivenews.com.br\/?p=8375","article_publisher":"https:\/\/www.facebook.com\/agenciainclusive\/","article_published_time":"2009-06-18T10:30:07+00:00","og_image":[{"url":"http:\/\/agenciainclusive.files.wordpress.com\/2009\/06\/aberto.jpg","type":"","width":"","height":""}],"author":"Inclusive","twitter_card":"summary_large_image","twitter_misc":{"Escrito por":"Inclusive","Tempo estimado de leitura":"2 minutos"},"schema":{"@context":"https:\/\/schema.org","@graph":[{"@type":"Article","@id":"https:\/\/inclusivenews.com.br\/?p=8375#article","isPartOf":{"@id":"https:\/\/inclusivenews.com.br\/?p=8375"},"author":{"name":"Inclusive","@id":"https:\/\/inclusivenews.com.br\/#\/schema\/person\/0dab492019871b94abb65fa8ee7c8c44"},"headline":"O autismo sob o olhar da terapia ocupacional","datePublished":"2009-06-18T10:30:07+00:00","mainEntityOfPage":{"@id":"https:\/\/inclusivenews.com.br\/?p=8375"},"wordCount":324,"commentCount":4,"publisher":{"@id":"https:\/\/inclusivenews.com.br\/#organization"},"image":{"@id":"https:\/\/inclusivenews.com.br\/?p=8375#primaryimage"},"thumbnailUrl":"http:\/\/agenciainclusive.files.wordpress.com\/2009\/06\/aberto.jpg","articleSection":["PUBLICA\u00c7\u00d5ES"],"inLanguage":"pt-PT","potentialAction":[{"@type":"CommentAction","name":"Comment","target":["https:\/\/inclusivenews.com.br\/?p=8375#respond"]}]},{"@type":"WebPage","@id":"https:\/\/inclusivenews.com.br\/?p=8375","url":"https:\/\/inclusivenews.com.br\/?p=8375","name":"O autismo sob o olhar da terapia ocupacional -","isPartOf":{"@id":"https:\/\/inclusivenews.com.br\/#website"},"primaryImageOfPage":{"@id":"https:\/\/inclusivenews.com.br\/?p=8375#primaryimage"},"image":{"@id":"https:\/\/inclusivenews.com.br\/?p=8375#primaryimage"},"thumbnailUrl":"http:\/\/agenciainclusive.files.wordpress.com\/2009\/06\/aberto.jpg","datePublished":"2009-06-18T10:30:07+00:00","breadcrumb":{"@id":"https:\/\/inclusivenews.com.br\/?p=8375#breadcrumb"},"inLanguage":"pt-PT","potentialAction":[{"@type":"ReadAction","target":["https:\/\/inclusivenews.com.br\/?p=8375"]}]},{"@type":"ImageObject","inLanguage":"pt-PT","@id":"https:\/\/inclusivenews.com.br\/?p=8375#primaryimage","url":"http:\/\/agenciainclusive.files.wordpress.com\/2009\/06\/aberto.jpg","contentUrl":"http:\/\/agenciainclusive.files.wordpress.com\/2009\/06\/aberto.jpg"},{"@type":"BreadcrumbList","@id":"https:\/\/inclusivenews.com.br\/?p=8375#breadcrumb","itemListElement":[{"@type":"ListItem","position":1,"name":"In\u00edcio","item":"https:\/\/inclusivenews.com.br\/"},{"@type":"ListItem","position":2,"name":"O autismo sob o olhar da terapia ocupacional"}]},{"@type":"WebSite","@id":"https:\/\/inclusivenews.com.br\/#website","url":"https:\/\/inclusivenews.com.br\/","name":"Inclusive News","description":"Inclusive News","publisher":{"@id":"https:\/\/inclusivenews.com.br\/#organization"},"potentialAction":[{"@type":"SearchAction","target":{"@type":"EntryPoint","urlTemplate":"https:\/\/inclusivenews.com.br\/?s={search_term_string}"},"query-input":{"@type":"PropertyValueSpecification","valueRequired":true,"valueName":"search_term_string"}}],"inLanguage":"pt-PT"},{"@type":"Organization","@id":"https:\/\/inclusivenews.com.br\/#organization","name":"Inclusive - inclus\u00e3o e cidadania","url":"https:\/\/inclusivenews.com.br\/","logo":{"@type":"ImageObject","inLanguage":"pt-PT","@id":"https:\/\/inclusivenews.com.br\/#\/schema\/logo\/image\/","url":"https:\/\/inclusivenews.com.br\/wp-content\/uploads\/2024\/03\/@grandesite.png","contentUrl":"https:\/\/inclusivenews.com.br\/wp-content\/uploads\/2024\/03\/@grandesite.png","width":1080,"height":1080,"caption":"Inclusive - inclus\u00e3o e cidadania"},"image":{"@id":"https:\/\/inclusivenews.com.br\/#\/schema\/logo\/image\/"},"sameAs":["https:\/\/www.facebook.com\/agenciainclusive\/","https:\/\/www.instagram.com\/newsinclusive\/"]},{"@type":"Person","@id":"https:\/\/inclusivenews.com.br\/#\/schema\/person\/0dab492019871b94abb65fa8ee7c8c44","name":"Inclusive","image":{"@type":"ImageObject","inLanguage":"pt-PT","@id":"https:\/\/secure.gravatar.com\/avatar\/?s=96&d=mm&r=g","url":"https:\/\/secure.gravatar.com\/avatar\/?s=96&d=mm&r=g","contentUrl":"https:\/\/secure.gravatar.com\/avatar\/?s=96&d=mm&r=g","caption":"Inclusive"},"url":"https:\/\/inclusivenews.com.br\/?author=2"}]}},"_links":{"self":[{"href":"https:\/\/inclusivenews.com.br\/index.php?rest_route=\/wp\/v2\/posts\/8375","targetHints":{"allow":["GET"]}}],"collection":[{"href":"https:\/\/inclusivenews.com.br\/index.php?rest_route=\/wp\/v2\/posts"}],"about":[{"href":"https:\/\/inclusivenews.com.br\/index.php?rest_route=\/wp\/v2\/types\/post"}],"author":[{"embeddable":true,"href":"https:\/\/inclusivenews.com.br\/index.php?rest_route=\/wp\/v2\/users\/2"}],"replies":[{"embeddable":true,"href":"https:\/\/inclusivenews.com.br\/index.php?rest_route=%2Fwp%2Fv2%2Fcomments&post=8375"}],"version-history":[{"count":0,"href":"https:\/\/inclusivenews.com.br\/index.php?rest_route=\/wp\/v2\/posts\/8375\/revisions"}],"wp:attachment":[{"href":"https:\/\/inclusivenews.com.br\/index.php?rest_route=%2Fwp%2Fv2%2Fmedia&parent=8375"}],"wp:term":[{"taxonomy":"category","embeddable":true,"href":"https:\/\/inclusivenews.com.br\/index.php?rest_route=%2Fwp%2Fv2%2Fcategories&post=8375"},{"taxonomy":"post_tag","embeddable":true,"href":"https:\/\/inclusivenews.com.br\/index.php?rest_route=%2Fwp%2Fv2%2Ftags&post=8375"}],"curies":[{"name":"wp","href":"https:\/\/api.w.org\/{rel}","templated":true}]}}