{"id":8378,"date":"2009-06-18T10:28:59","date_gmt":"2009-06-18T10:28:59","guid":{"rendered":"http:\/\/agenciainclusive.wordpress.com\/?p=8378"},"modified":"2009-06-18T10:28:59","modified_gmt":"2009-06-18T10:28:59","slug":"deficientes-visuais-terao-internet-em-braille","status":"publish","type":"post","link":"https:\/\/inclusivenews.com.br\/?p=8378","title":{"rendered":"Deficientes visuais ter\u00e3o internet em braille"},"content":{"rendered":"<p>A leitura e escrita de pessoas com defici\u00eancia visual se d\u00e1 principalmente por meio do sistema inventado pelo franc\u00eas Louis Braille (1809-1852). Trata-se de um alfabeto cujos caracteres se indicam por pontos em relevo, distinguidos por meio do tato.<\/p>\n<p>A partir de seis pontos salientes \u00e9 poss\u00edvel fazer 63 combina\u00e7\u00f5es para representar letras simples e acentuadas, pontua\u00e7\u00f5es, algarismos, sinais alg\u00e9bricos e notas musicais.<\/p>\n<p>Um projeto de pesquisa, conduzido na Universidade Estadual Paulista (Unesp), em S\u00e3o Jos\u00e9 do Rio Preto, tem desenvolvido um console em braille para permitir o acesso de deficientes visuais ao conte\u00fado de p\u00e1ginas da internet.<\/p>\n<p>O trabalho visa \u00e0 constru\u00e7\u00e3o de um dispositivo eletromec\u00e2nico, reconfigur\u00e1vel em tempo real, capaz de exibir todos os diferentes sinais do alfabeto braille em uma matriz de pontos que se elevam e abaixam em uma superf\u00edcie de refer\u00eancia.<\/p>\n<p>A pesquisa tem apoio da Fapesp na modalidade Aux\u00edlio a Pesquisa \u2013 Regular, no projeto intitulado Desenvolvimento de um dispositivo anagliptogr\u00e1fico para inclus\u00e3o digital de deficientes visuais, coordenado por Jos\u00e9 M\u00e1rcio Machado, professor do Instituto de Bioci\u00eancias, Letras e Ci\u00eancias Exatas.<\/p>\n<p>Segundo Machado, com o dispositivo um deficiente visual pode acessar textos comuns disponibilizados na internet sem necessidade de impressoras especiais, e no tempo real do acesso.<\/p>\n<p>\u2013 Montados lado a lado em um teclado de leitura, os dispositivos se ligam a um processador capaz de ler um texto em uma tela comum de computador e o converter para os sinais braille \u2013, disse. \u2013 O dispositivo poder\u00e1 contribuir para ampliar as possibilidades de trabalho de deficientes visuais em todas as atividades que empregam computadores pessoais.\u2013<\/p>\n<p>O projeto foi finalista regional do Pr\u00eamio Santander de Ci\u00eancia e Inova\u00e7\u00e3o de 2008, na categoria Tecnologia da Informa\u00e7\u00e3o e Comunica\u00e7\u00e3o. Al\u00e9m de Machado, participa da pesquisa M\u00e1rio Luiz Tronco, especialista em rob\u00f3tica.<\/p>\n<p>O projeto est\u00e1 em fase de constru\u00e7\u00e3o do hardware. Machado ressalta que o dispositivo n\u00e3o converte arquivos de texto em \u00e1udio, uma vez que j\u00e1 existem outros equipamentos capazes de fazer isso.<\/p>\n<p>\u2013 N\u00e3o \u00e9 do nosso conhecimento que existam no Brasil pesquisas para o desenvolvimento desse tipo de equipamento, mas sabemos que existem resultados na \u00e1rea de convers\u00e3o de texto em voz \u2013, disse.<\/p>\n<p>A tecnologia de computa\u00e7\u00e3o tem tornado poss\u00edvel o rompimento das barreiras em rela\u00e7\u00e3o aos portadores de defici\u00eancia visual. Antes, um texto extenso demorava horas para ser criado manualmente em braille. Hoje, o processo leva minutos com o uso de impressoras espec\u00edficas para o sistema.<\/p>\n<p>Por enquanto, o projeto envolve apenas a utiliza\u00e7\u00e3o de computadores de mesa (desktops). \u2013 A miniaturiza\u00e7\u00e3o para uso em unidades port\u00e1teis (como notebooks) depender\u00e1 de desenvolvimentos e investimentos futuros \u2013, disse Machado.<\/p>\n<p>\u2013 Em uma etapa posterior, finalizados os testes com o prot\u00f3tipo, ser\u00e1 poss\u00edvel determinar custos de produ\u00e7\u00e3o em maior escala, mas as tecnologias envolvidas s\u00e3o todas acess\u00edveis ao parque industrial do pa\u00eds \u2013, afirmou.<\/p>\n<p>De acordo com o coordenador do projeto, o pr\u00f3ximo passo ser\u00e1 disponibilizar o dispositivo para testes com deficientes visuais.<\/p>\n<p>\u2013 Tamb\u00e9m pensamos em realizar uma generaliza\u00e7\u00e3o da ideia original para representar, por matrizes de pontos reconfigur\u00e1veis com maior dimens\u00e3o, gr\u00e1ficos e figuras simples, que seriam reconhecidos pelo usu\u00e1rio tamb\u00e9m por via t\u00e1til. Isso seria muito importante, por exemplo, para o ensino de conceitos matem\u00e1ticos avan\u00e7ados \u2013, apontou.<\/p>\n<p>Em rela\u00e7\u00e3o \u00e0s limita\u00e7\u00f5es, Machado aponta que a principal \u00e9 falta de m\u00e3o de obra especializada, \u2013 que acaba reduzindo a velocidade dos desenvolvimentos \u2013. A possibilidade de registro de patente \u00e9 uma quest\u00e3o a ser examinada quando a etapa de testes terminar.<\/p>\n<p>O professor da Unesp conta que o grupo est\u00e1 elaborando um artigo para apresenta\u00e7\u00e3o na Conference on Ecological Modelling, que ser\u00e1 realizada em Xian, na China, em setembro.<\/p>\n<p>Fonte: <a href=\"http:\/\/www.correiodobrasil.com.br\/noticia.asp?c=153881\">http:\/\/www.correiodobrasil.com.br\/noticia.asp?c=153881<\/a><\/p>\n","protected":false},"excerpt":{"rendered":"<p>A leitura e escrita de pessoas com defici\u00eancia visual se d\u00e1 principalmente por meio do sistema inventado pelo franc\u00eas Louis Braille (1809-1852). Trata-se de um alfabeto cujos caracteres se indicam por pontos em relevo, distinguidos por meio do tato. A partir de seis pontos salientes \u00e9 poss\u00edvel fazer 63 combina\u00e7\u00f5es para representar letras simples e [&hellip;]<\/p>\n","protected":false},"author":2,"featured_media":0,"comment_status":"open","ping_status":"open","sticky":false,"template":"","format":"standard","meta":{"site-container-style":"default","site-container-layout":"default","site-sidebar-layout":"default","disable-article-header":"default","disable-site-header":"default","disable-site-footer":"default","disable-content-area-spacing":"default","footnotes":""},"categories":[4],"tags":[],"class_list":["post-8378","post","type-post","status-publish","format-standard","hentry","category-noticias"],"yoast_head":"<!-- This site is optimized with the Yoast SEO plugin v27.4 - https:\/\/yoast.com\/product\/yoast-seo-wordpress\/ -->\n<title>Deficientes visuais ter\u00e3o internet em braille -<\/title>\n<meta name=\"robots\" content=\"index, follow, max-snippet:-1, max-image-preview:large, max-video-preview:-1\" \/>\n<link rel=\"canonical\" href=\"https:\/\/inclusivenews.com.br\/?p=8378\" \/>\n<meta property=\"og:locale\" content=\"pt_PT\" \/>\n<meta property=\"og:type\" content=\"article\" \/>\n<meta property=\"og:title\" content=\"Deficientes visuais ter\u00e3o internet em braille -\" \/>\n<meta property=\"og:description\" content=\"A leitura e escrita de pessoas com defici\u00eancia visual se d\u00e1 principalmente por meio do sistema inventado pelo franc\u00eas Louis Braille (1809-1852). Trata-se de um alfabeto cujos caracteres se indicam por pontos em relevo, distinguidos por meio do tato. A partir de seis pontos salientes \u00e9 poss\u00edvel fazer 63 combina\u00e7\u00f5es para representar letras simples e [&hellip;]\" \/>\n<meta property=\"og:url\" content=\"https:\/\/inclusivenews.com.br\/?p=8378\" \/>\n<meta property=\"article:publisher\" content=\"https:\/\/www.facebook.com\/agenciainclusive\/\" \/>\n<meta property=\"article:published_time\" content=\"2009-06-18T10:28:59+00:00\" \/>\n<meta name=\"author\" content=\"Inclusive\" \/>\n<meta name=\"twitter:card\" content=\"summary_large_image\" \/>\n<meta name=\"twitter:label1\" content=\"Escrito por\" \/>\n\t<meta name=\"twitter:data1\" content=\"Inclusive\" \/>\n\t<meta name=\"twitter:label2\" content=\"Tempo estimado de leitura\" \/>\n\t<meta name=\"twitter:data2\" content=\"3 minutos\" \/>\n<script type=\"application\/ld+json\" class=\"yoast-schema-graph\">{\"@context\":\"https:\\\/\\\/schema.org\",\"@graph\":[{\"@type\":\"Article\",\"@id\":\"https:\\\/\\\/inclusivenews.com.br\\\/?p=8378#article\",\"isPartOf\":{\"@id\":\"https:\\\/\\\/inclusivenews.com.br\\\/?p=8378\"},\"author\":{\"name\":\"Inclusive\",\"@id\":\"https:\\\/\\\/inclusivenews.com.br\\\/#\\\/schema\\\/person\\\/0dab492019871b94abb65fa8ee7c8c44\"},\"headline\":\"Deficientes visuais ter\u00e3o internet em braille\",\"datePublished\":\"2009-06-18T10:28:59+00:00\",\"mainEntityOfPage\":{\"@id\":\"https:\\\/\\\/inclusivenews.com.br\\\/?p=8378\"},\"wordCount\":665,\"commentCount\":0,\"publisher\":{\"@id\":\"https:\\\/\\\/inclusivenews.com.br\\\/#organization\"},\"articleSection\":[\"NOT\u00cdCIAS\"],\"inLanguage\":\"pt-PT\",\"potentialAction\":[{\"@type\":\"CommentAction\",\"name\":\"Comment\",\"target\":[\"https:\\\/\\\/inclusivenews.com.br\\\/?p=8378#respond\"]}]},{\"@type\":\"WebPage\",\"@id\":\"https:\\\/\\\/inclusivenews.com.br\\\/?p=8378\",\"url\":\"https:\\\/\\\/inclusivenews.com.br\\\/?p=8378\",\"name\":\"Deficientes visuais ter\u00e3o internet em braille -\",\"isPartOf\":{\"@id\":\"https:\\\/\\\/inclusivenews.com.br\\\/#website\"},\"datePublished\":\"2009-06-18T10:28:59+00:00\",\"breadcrumb\":{\"@id\":\"https:\\\/\\\/inclusivenews.com.br\\\/?p=8378#breadcrumb\"},\"inLanguage\":\"pt-PT\",\"potentialAction\":[{\"@type\":\"ReadAction\",\"target\":[\"https:\\\/\\\/inclusivenews.com.br\\\/?p=8378\"]}]},{\"@type\":\"BreadcrumbList\",\"@id\":\"https:\\\/\\\/inclusivenews.com.br\\\/?p=8378#breadcrumb\",\"itemListElement\":[{\"@type\":\"ListItem\",\"position\":1,\"name\":\"In\u00edcio\",\"item\":\"https:\\\/\\\/inclusivenews.com.br\\\/\"},{\"@type\":\"ListItem\",\"position\":2,\"name\":\"Deficientes visuais ter\u00e3o internet em braille\"}]},{\"@type\":\"WebSite\",\"@id\":\"https:\\\/\\\/inclusivenews.com.br\\\/#website\",\"url\":\"https:\\\/\\\/inclusivenews.com.br\\\/\",\"name\":\"Inclusive News\",\"description\":\"Inclusive News\",\"publisher\":{\"@id\":\"https:\\\/\\\/inclusivenews.com.br\\\/#organization\"},\"potentialAction\":[{\"@type\":\"SearchAction\",\"target\":{\"@type\":\"EntryPoint\",\"urlTemplate\":\"https:\\\/\\\/inclusivenews.com.br\\\/?s={search_term_string}\"},\"query-input\":{\"@type\":\"PropertyValueSpecification\",\"valueRequired\":true,\"valueName\":\"search_term_string\"}}],\"inLanguage\":\"pt-PT\"},{\"@type\":\"Organization\",\"@id\":\"https:\\\/\\\/inclusivenews.com.br\\\/#organization\",\"name\":\"Inclusive - inclus\u00e3o e cidadania\",\"url\":\"https:\\\/\\\/inclusivenews.com.br\\\/\",\"logo\":{\"@type\":\"ImageObject\",\"inLanguage\":\"pt-PT\",\"@id\":\"https:\\\/\\\/inclusivenews.com.br\\\/#\\\/schema\\\/logo\\\/image\\\/\",\"url\":\"https:\\\/\\\/inclusivenews.com.br\\\/wp-content\\\/uploads\\\/2024\\\/03\\\/@grandesite.png\",\"contentUrl\":\"https:\\\/\\\/inclusivenews.com.br\\\/wp-content\\\/uploads\\\/2024\\\/03\\\/@grandesite.png\",\"width\":1080,\"height\":1080,\"caption\":\"Inclusive - inclus\u00e3o e cidadania\"},\"image\":{\"@id\":\"https:\\\/\\\/inclusivenews.com.br\\\/#\\\/schema\\\/logo\\\/image\\\/\"},\"sameAs\":[\"https:\\\/\\\/www.facebook.com\\\/agenciainclusive\\\/\",\"https:\\\/\\\/www.instagram.com\\\/newsinclusive\\\/\"]},{\"@type\":\"Person\",\"@id\":\"https:\\\/\\\/inclusivenews.com.br\\\/#\\\/schema\\\/person\\\/0dab492019871b94abb65fa8ee7c8c44\",\"name\":\"Inclusive\",\"image\":{\"@type\":\"ImageObject\",\"inLanguage\":\"pt-PT\",\"@id\":\"https:\\\/\\\/secure.gravatar.com\\\/avatar\\\/?s=96&d=mm&r=g\",\"url\":\"https:\\\/\\\/secure.gravatar.com\\\/avatar\\\/?s=96&d=mm&r=g\",\"contentUrl\":\"https:\\\/\\\/secure.gravatar.com\\\/avatar\\\/?s=96&d=mm&r=g\",\"caption\":\"Inclusive\"},\"url\":\"https:\\\/\\\/inclusivenews.com.br\\\/?author=2\"}]}<\/script>\n<!-- \/ Yoast SEO plugin. -->","yoast_head_json":{"title":"Deficientes visuais ter\u00e3o internet em braille -","robots":{"index":"index","follow":"follow","max-snippet":"max-snippet:-1","max-image-preview":"max-image-preview:large","max-video-preview":"max-video-preview:-1"},"canonical":"https:\/\/inclusivenews.com.br\/?p=8378","og_locale":"pt_PT","og_type":"article","og_title":"Deficientes visuais ter\u00e3o internet em braille -","og_description":"A leitura e escrita de pessoas com defici\u00eancia visual se d\u00e1 principalmente por meio do sistema inventado pelo franc\u00eas Louis Braille (1809-1852). Trata-se de um alfabeto cujos caracteres se indicam por pontos em relevo, distinguidos por meio do tato. A partir de seis pontos salientes \u00e9 poss\u00edvel fazer 63 combina\u00e7\u00f5es para representar letras simples e [&hellip;]","og_url":"https:\/\/inclusivenews.com.br\/?p=8378","article_publisher":"https:\/\/www.facebook.com\/agenciainclusive\/","article_published_time":"2009-06-18T10:28:59+00:00","author":"Inclusive","twitter_card":"summary_large_image","twitter_misc":{"Escrito por":"Inclusive","Tempo estimado de leitura":"3 minutos"},"schema":{"@context":"https:\/\/schema.org","@graph":[{"@type":"Article","@id":"https:\/\/inclusivenews.com.br\/?p=8378#article","isPartOf":{"@id":"https:\/\/inclusivenews.com.br\/?p=8378"},"author":{"name":"Inclusive","@id":"https:\/\/inclusivenews.com.br\/#\/schema\/person\/0dab492019871b94abb65fa8ee7c8c44"},"headline":"Deficientes visuais ter\u00e3o internet em braille","datePublished":"2009-06-18T10:28:59+00:00","mainEntityOfPage":{"@id":"https:\/\/inclusivenews.com.br\/?p=8378"},"wordCount":665,"commentCount":0,"publisher":{"@id":"https:\/\/inclusivenews.com.br\/#organization"},"articleSection":["NOT\u00cdCIAS"],"inLanguage":"pt-PT","potentialAction":[{"@type":"CommentAction","name":"Comment","target":["https:\/\/inclusivenews.com.br\/?p=8378#respond"]}]},{"@type":"WebPage","@id":"https:\/\/inclusivenews.com.br\/?p=8378","url":"https:\/\/inclusivenews.com.br\/?p=8378","name":"Deficientes visuais ter\u00e3o internet em braille -","isPartOf":{"@id":"https:\/\/inclusivenews.com.br\/#website"},"datePublished":"2009-06-18T10:28:59+00:00","breadcrumb":{"@id":"https:\/\/inclusivenews.com.br\/?p=8378#breadcrumb"},"inLanguage":"pt-PT","potentialAction":[{"@type":"ReadAction","target":["https:\/\/inclusivenews.com.br\/?p=8378"]}]},{"@type":"BreadcrumbList","@id":"https:\/\/inclusivenews.com.br\/?p=8378#breadcrumb","itemListElement":[{"@type":"ListItem","position":1,"name":"In\u00edcio","item":"https:\/\/inclusivenews.com.br\/"},{"@type":"ListItem","position":2,"name":"Deficientes visuais ter\u00e3o internet em braille"}]},{"@type":"WebSite","@id":"https:\/\/inclusivenews.com.br\/#website","url":"https:\/\/inclusivenews.com.br\/","name":"Inclusive News","description":"Inclusive News","publisher":{"@id":"https:\/\/inclusivenews.com.br\/#organization"},"potentialAction":[{"@type":"SearchAction","target":{"@type":"EntryPoint","urlTemplate":"https:\/\/inclusivenews.com.br\/?s={search_term_string}"},"query-input":{"@type":"PropertyValueSpecification","valueRequired":true,"valueName":"search_term_string"}}],"inLanguage":"pt-PT"},{"@type":"Organization","@id":"https:\/\/inclusivenews.com.br\/#organization","name":"Inclusive - inclus\u00e3o e cidadania","url":"https:\/\/inclusivenews.com.br\/","logo":{"@type":"ImageObject","inLanguage":"pt-PT","@id":"https:\/\/inclusivenews.com.br\/#\/schema\/logo\/image\/","url":"https:\/\/inclusivenews.com.br\/wp-content\/uploads\/2024\/03\/@grandesite.png","contentUrl":"https:\/\/inclusivenews.com.br\/wp-content\/uploads\/2024\/03\/@grandesite.png","width":1080,"height":1080,"caption":"Inclusive - inclus\u00e3o e cidadania"},"image":{"@id":"https:\/\/inclusivenews.com.br\/#\/schema\/logo\/image\/"},"sameAs":["https:\/\/www.facebook.com\/agenciainclusive\/","https:\/\/www.instagram.com\/newsinclusive\/"]},{"@type":"Person","@id":"https:\/\/inclusivenews.com.br\/#\/schema\/person\/0dab492019871b94abb65fa8ee7c8c44","name":"Inclusive","image":{"@type":"ImageObject","inLanguage":"pt-PT","@id":"https:\/\/secure.gravatar.com\/avatar\/?s=96&d=mm&r=g","url":"https:\/\/secure.gravatar.com\/avatar\/?s=96&d=mm&r=g","contentUrl":"https:\/\/secure.gravatar.com\/avatar\/?s=96&d=mm&r=g","caption":"Inclusive"},"url":"https:\/\/inclusivenews.com.br\/?author=2"}]}},"_links":{"self":[{"href":"https:\/\/inclusivenews.com.br\/index.php?rest_route=\/wp\/v2\/posts\/8378","targetHints":{"allow":["GET"]}}],"collection":[{"href":"https:\/\/inclusivenews.com.br\/index.php?rest_route=\/wp\/v2\/posts"}],"about":[{"href":"https:\/\/inclusivenews.com.br\/index.php?rest_route=\/wp\/v2\/types\/post"}],"author":[{"embeddable":true,"href":"https:\/\/inclusivenews.com.br\/index.php?rest_route=\/wp\/v2\/users\/2"}],"replies":[{"embeddable":true,"href":"https:\/\/inclusivenews.com.br\/index.php?rest_route=%2Fwp%2Fv2%2Fcomments&post=8378"}],"version-history":[{"count":0,"href":"https:\/\/inclusivenews.com.br\/index.php?rest_route=\/wp\/v2\/posts\/8378\/revisions"}],"wp:attachment":[{"href":"https:\/\/inclusivenews.com.br\/index.php?rest_route=%2Fwp%2Fv2%2Fmedia&parent=8378"}],"wp:term":[{"taxonomy":"category","embeddable":true,"href":"https:\/\/inclusivenews.com.br\/index.php?rest_route=%2Fwp%2Fv2%2Fcategories&post=8378"},{"taxonomy":"post_tag","embeddable":true,"href":"https:\/\/inclusivenews.com.br\/index.php?rest_route=%2Fwp%2Fv2%2Ftags&post=8378"}],"curies":[{"name":"wp","href":"https:\/\/api.w.org\/{rel}","templated":true}]}}