{"id":8392,"date":"2009-06-18T11:11:44","date_gmt":"2009-06-18T11:11:44","guid":{"rendered":"http:\/\/agenciainclusive.wordpress.com\/?p=8392"},"modified":"2009-06-18T11:11:44","modified_gmt":"2009-06-18T11:11:44","slug":"mpc-mt-quer-acessibilidade-como-ponto-de-auditoria-do-tribunal-de-contas","status":"publish","type":"post","link":"https:\/\/inclusivenews.com.br\/?p=8392","title":{"rendered":"MPC-MT quer acessibilidade como ponto de auditoria do Tribunal de Contas"},"content":{"rendered":"<p>Da Assessoria<\/p>\n<p>As condi\u00e7\u00f5es de acessibilidade dos portadores de necessidades especiais aos pr\u00e9dios de \u00f3rg\u00e3os p\u00fablicos dever\u00e3o ser verificadas pelos t\u00e9cnicos do Tribunal de Contas de Mato Grosso durante as auditorias. Essa \u00e9 a inten\u00e7\u00e3o do Minist\u00e9rio P\u00fablico de Contas do Estado, que vai apresentar proposta nesse sentido ao Pleno do TCE-MT, segundo informa o Procurador Geral do \u00f3rg\u00e3o, Gustavo Deschamps.<\/p>\n<p>De acordo com Deschamps, essa \u00e9 uma proposta do MPC-MT como membro do F\u00f3rum Permanente de Articula\u00e7\u00e3o dos Diversos Ramos do Minist\u00e9rio P\u00fablico com atua\u00e7\u00e3o no Estado de Mato Grosso, criado em Cuiab\u00e1, no final do m\u00eas passado. O objetivo da entidade \u00e9 promover a troca de informa\u00e7\u00f5es, a colabora\u00e7\u00e3o em procedimentos e processos e o planejamento conjunto de estrat\u00e9gias para harmonizar as a\u00e7\u00f5es em defesa da sociedade.<\/p>\n<p>A cria\u00e7\u00e3o desse F\u00f3rum foi proposta pelo Minist\u00e9rio P\u00fablico do Estado de Mato Grosso, sendo que o Procurador Geral do \u00f3rg\u00e3o, Marcelo Ferra, coordenar\u00e1 a entidade durante os seis primeiros meses de funcionamento.<\/p>\n<p>Al\u00e9m do MPE e MPC, integram a entidade o Minist\u00e9rio P\u00fablico Federal, atrav\u00e9s da Procuradoria da Rep\u00fablica em Mato Grosso e o Minist\u00e9rio P\u00fablico do Trabalho, representado pela Procuradoria Regional do Trabalho da 23\u00aa Regi\u00e3o. Com reuni\u00f5es bimestrais, o F\u00f3rum ser\u00e1 coordenado por sistema de rod\u00edzio entre os procuradores gerais, com substitui\u00e7\u00e3o a cada seis meses.<\/p>\n<p>Fonte: <a href=\"http:\/\/www.olhardireto.com.br\/noticias\/exibir.asp?edt=33&amp;id=31321\">http:\/\/www.olhardireto.com.br\/noticias\/exibir.asp?edt=33&amp;id=31321<\/a><\/p>\n","protected":false},"excerpt":{"rendered":"<p>Da Assessoria As condi\u00e7\u00f5es de acessibilidade dos portadores de necessidades especiais aos pr\u00e9dios de \u00f3rg\u00e3os p\u00fablicos dever\u00e3o ser verificadas pelos t\u00e9cnicos do Tribunal de Contas de Mato Grosso durante as auditorias. Essa \u00e9 a inten\u00e7\u00e3o do Minist\u00e9rio P\u00fablico de Contas do Estado, que vai apresentar proposta nesse sentido ao Pleno do TCE-MT, segundo informa o [&hellip;]<\/p>\n","protected":false},"author":2,"featured_media":0,"comment_status":"open","ping_status":"open","sticky":false,"template":"","format":"standard","meta":{"site-container-style":"default","site-container-layout":"default","site-sidebar-layout":"default","disable-article-header":"default","disable-site-header":"default","disable-site-footer":"default","disable-content-area-spacing":"default","footnotes":""},"categories":[4],"tags":[],"class_list":["post-8392","post","type-post","status-publish","format-standard","hentry","category-noticias"],"yoast_head":"<!-- This site is optimized with the Yoast SEO plugin v27.4 - https:\/\/yoast.com\/product\/yoast-seo-wordpress\/ -->\n<title>MPC-MT quer acessibilidade como ponto de auditoria do Tribunal de Contas -<\/title>\n<meta name=\"robots\" content=\"index, follow, max-snippet:-1, max-image-preview:large, max-video-preview:-1\" \/>\n<link rel=\"canonical\" href=\"https:\/\/inclusivenews.com.br\/?p=8392\" \/>\n<meta property=\"og:locale\" content=\"pt_PT\" \/>\n<meta property=\"og:type\" content=\"article\" \/>\n<meta property=\"og:title\" content=\"MPC-MT quer acessibilidade como ponto de auditoria do Tribunal de Contas -\" \/>\n<meta property=\"og:description\" content=\"Da Assessoria As condi\u00e7\u00f5es de acessibilidade dos portadores de necessidades especiais aos pr\u00e9dios de \u00f3rg\u00e3os p\u00fablicos dever\u00e3o ser verificadas pelos t\u00e9cnicos do Tribunal de Contas de Mato Grosso durante as auditorias. Essa \u00e9 a inten\u00e7\u00e3o do Minist\u00e9rio P\u00fablico de Contas do Estado, que vai apresentar proposta nesse sentido ao Pleno do TCE-MT, segundo informa o [&hellip;]\" \/>\n<meta property=\"og:url\" content=\"https:\/\/inclusivenews.com.br\/?p=8392\" \/>\n<meta property=\"article:publisher\" content=\"https:\/\/www.facebook.com\/agenciainclusive\/\" \/>\n<meta property=\"article:published_time\" content=\"2009-06-18T11:11:44+00:00\" \/>\n<meta name=\"author\" content=\"Inclusive\" \/>\n<meta name=\"twitter:card\" content=\"summary_large_image\" \/>\n<meta name=\"twitter:label1\" content=\"Escrito por\" \/>\n\t<meta name=\"twitter:data1\" content=\"Inclusive\" \/>\n\t<meta name=\"twitter:label2\" content=\"Tempo estimado de leitura\" \/>\n\t<meta name=\"twitter:data2\" content=\"1 minuto\" \/>\n<script type=\"application\/ld+json\" class=\"yoast-schema-graph\">{\"@context\":\"https:\\\/\\\/schema.org\",\"@graph\":[{\"@type\":\"Article\",\"@id\":\"https:\\\/\\\/inclusivenews.com.br\\\/?p=8392#article\",\"isPartOf\":{\"@id\":\"https:\\\/\\\/inclusivenews.com.br\\\/?p=8392\"},\"author\":{\"name\":\"Inclusive\",\"@id\":\"https:\\\/\\\/inclusivenews.com.br\\\/#\\\/schema\\\/person\\\/0dab492019871b94abb65fa8ee7c8c44\"},\"headline\":\"MPC-MT quer acessibilidade como ponto de auditoria do Tribunal de Contas\",\"datePublished\":\"2009-06-18T11:11:44+00:00\",\"mainEntityOfPage\":{\"@id\":\"https:\\\/\\\/inclusivenews.com.br\\\/?p=8392\"},\"wordCount\":274,\"commentCount\":0,\"publisher\":{\"@id\":\"https:\\\/\\\/inclusivenews.com.br\\\/#organization\"},\"articleSection\":[\"NOT\u00cdCIAS\"],\"inLanguage\":\"pt-PT\",\"potentialAction\":[{\"@type\":\"CommentAction\",\"name\":\"Comment\",\"target\":[\"https:\\\/\\\/inclusivenews.com.br\\\/?p=8392#respond\"]}]},{\"@type\":\"WebPage\",\"@id\":\"https:\\\/\\\/inclusivenews.com.br\\\/?p=8392\",\"url\":\"https:\\\/\\\/inclusivenews.com.br\\\/?p=8392\",\"name\":\"MPC-MT quer acessibilidade como ponto de auditoria do Tribunal de Contas -\",\"isPartOf\":{\"@id\":\"https:\\\/\\\/inclusivenews.com.br\\\/#website\"},\"datePublished\":\"2009-06-18T11:11:44+00:00\",\"breadcrumb\":{\"@id\":\"https:\\\/\\\/inclusivenews.com.br\\\/?p=8392#breadcrumb\"},\"inLanguage\":\"pt-PT\",\"potentialAction\":[{\"@type\":\"ReadAction\",\"target\":[\"https:\\\/\\\/inclusivenews.com.br\\\/?p=8392\"]}]},{\"@type\":\"BreadcrumbList\",\"@id\":\"https:\\\/\\\/inclusivenews.com.br\\\/?p=8392#breadcrumb\",\"itemListElement\":[{\"@type\":\"ListItem\",\"position\":1,\"name\":\"In\u00edcio\",\"item\":\"https:\\\/\\\/inclusivenews.com.br\\\/\"},{\"@type\":\"ListItem\",\"position\":2,\"name\":\"MPC-MT quer acessibilidade como ponto de auditoria do Tribunal de Contas\"}]},{\"@type\":\"WebSite\",\"@id\":\"https:\\\/\\\/inclusivenews.com.br\\\/#website\",\"url\":\"https:\\\/\\\/inclusivenews.com.br\\\/\",\"name\":\"Inclusive News\",\"description\":\"Inclusive News\",\"publisher\":{\"@id\":\"https:\\\/\\\/inclusivenews.com.br\\\/#organization\"},\"potentialAction\":[{\"@type\":\"SearchAction\",\"target\":{\"@type\":\"EntryPoint\",\"urlTemplate\":\"https:\\\/\\\/inclusivenews.com.br\\\/?s={search_term_string}\"},\"query-input\":{\"@type\":\"PropertyValueSpecification\",\"valueRequired\":true,\"valueName\":\"search_term_string\"}}],\"inLanguage\":\"pt-PT\"},{\"@type\":\"Organization\",\"@id\":\"https:\\\/\\\/inclusivenews.com.br\\\/#organization\",\"name\":\"Inclusive - inclus\u00e3o e cidadania\",\"url\":\"https:\\\/\\\/inclusivenews.com.br\\\/\",\"logo\":{\"@type\":\"ImageObject\",\"inLanguage\":\"pt-PT\",\"@id\":\"https:\\\/\\\/inclusivenews.com.br\\\/#\\\/schema\\\/logo\\\/image\\\/\",\"url\":\"https:\\\/\\\/inclusivenews.com.br\\\/wp-content\\\/uploads\\\/2024\\\/03\\\/@grandesite.png\",\"contentUrl\":\"https:\\\/\\\/inclusivenews.com.br\\\/wp-content\\\/uploads\\\/2024\\\/03\\\/@grandesite.png\",\"width\":1080,\"height\":1080,\"caption\":\"Inclusive - inclus\u00e3o e cidadania\"},\"image\":{\"@id\":\"https:\\\/\\\/inclusivenews.com.br\\\/#\\\/schema\\\/logo\\\/image\\\/\"},\"sameAs\":[\"https:\\\/\\\/www.facebook.com\\\/agenciainclusive\\\/\",\"https:\\\/\\\/www.instagram.com\\\/newsinclusive\\\/\"]},{\"@type\":\"Person\",\"@id\":\"https:\\\/\\\/inclusivenews.com.br\\\/#\\\/schema\\\/person\\\/0dab492019871b94abb65fa8ee7c8c44\",\"name\":\"Inclusive\",\"image\":{\"@type\":\"ImageObject\",\"inLanguage\":\"pt-PT\",\"@id\":\"https:\\\/\\\/secure.gravatar.com\\\/avatar\\\/?s=96&d=mm&r=g\",\"url\":\"https:\\\/\\\/secure.gravatar.com\\\/avatar\\\/?s=96&d=mm&r=g\",\"contentUrl\":\"https:\\\/\\\/secure.gravatar.com\\\/avatar\\\/?s=96&d=mm&r=g\",\"caption\":\"Inclusive\"},\"url\":\"https:\\\/\\\/inclusivenews.com.br\\\/?author=2\"}]}<\/script>\n<!-- \/ Yoast SEO plugin. -->","yoast_head_json":{"title":"MPC-MT quer acessibilidade como ponto de auditoria do Tribunal de Contas -","robots":{"index":"index","follow":"follow","max-snippet":"max-snippet:-1","max-image-preview":"max-image-preview:large","max-video-preview":"max-video-preview:-1"},"canonical":"https:\/\/inclusivenews.com.br\/?p=8392","og_locale":"pt_PT","og_type":"article","og_title":"MPC-MT quer acessibilidade como ponto de auditoria do Tribunal de Contas -","og_description":"Da Assessoria As condi\u00e7\u00f5es de acessibilidade dos portadores de necessidades especiais aos pr\u00e9dios de \u00f3rg\u00e3os p\u00fablicos dever\u00e3o ser verificadas pelos t\u00e9cnicos do Tribunal de Contas de Mato Grosso durante as auditorias. Essa \u00e9 a inten\u00e7\u00e3o do Minist\u00e9rio P\u00fablico de Contas do Estado, que vai apresentar proposta nesse sentido ao Pleno do TCE-MT, segundo informa o [&hellip;]","og_url":"https:\/\/inclusivenews.com.br\/?p=8392","article_publisher":"https:\/\/www.facebook.com\/agenciainclusive\/","article_published_time":"2009-06-18T11:11:44+00:00","author":"Inclusive","twitter_card":"summary_large_image","twitter_misc":{"Escrito por":"Inclusive","Tempo estimado de leitura":"1 minuto"},"schema":{"@context":"https:\/\/schema.org","@graph":[{"@type":"Article","@id":"https:\/\/inclusivenews.com.br\/?p=8392#article","isPartOf":{"@id":"https:\/\/inclusivenews.com.br\/?p=8392"},"author":{"name":"Inclusive","@id":"https:\/\/inclusivenews.com.br\/#\/schema\/person\/0dab492019871b94abb65fa8ee7c8c44"},"headline":"MPC-MT quer acessibilidade como ponto de auditoria do Tribunal de Contas","datePublished":"2009-06-18T11:11:44+00:00","mainEntityOfPage":{"@id":"https:\/\/inclusivenews.com.br\/?p=8392"},"wordCount":274,"commentCount":0,"publisher":{"@id":"https:\/\/inclusivenews.com.br\/#organization"},"articleSection":["NOT\u00cdCIAS"],"inLanguage":"pt-PT","potentialAction":[{"@type":"CommentAction","name":"Comment","target":["https:\/\/inclusivenews.com.br\/?p=8392#respond"]}]},{"@type":"WebPage","@id":"https:\/\/inclusivenews.com.br\/?p=8392","url":"https:\/\/inclusivenews.com.br\/?p=8392","name":"MPC-MT quer acessibilidade como ponto de auditoria do Tribunal de Contas -","isPartOf":{"@id":"https:\/\/inclusivenews.com.br\/#website"},"datePublished":"2009-06-18T11:11:44+00:00","breadcrumb":{"@id":"https:\/\/inclusivenews.com.br\/?p=8392#breadcrumb"},"inLanguage":"pt-PT","potentialAction":[{"@type":"ReadAction","target":["https:\/\/inclusivenews.com.br\/?p=8392"]}]},{"@type":"BreadcrumbList","@id":"https:\/\/inclusivenews.com.br\/?p=8392#breadcrumb","itemListElement":[{"@type":"ListItem","position":1,"name":"In\u00edcio","item":"https:\/\/inclusivenews.com.br\/"},{"@type":"ListItem","position":2,"name":"MPC-MT quer acessibilidade como ponto de auditoria do Tribunal de Contas"}]},{"@type":"WebSite","@id":"https:\/\/inclusivenews.com.br\/#website","url":"https:\/\/inclusivenews.com.br\/","name":"Inclusive News","description":"Inclusive News","publisher":{"@id":"https:\/\/inclusivenews.com.br\/#organization"},"potentialAction":[{"@type":"SearchAction","target":{"@type":"EntryPoint","urlTemplate":"https:\/\/inclusivenews.com.br\/?s={search_term_string}"},"query-input":{"@type":"PropertyValueSpecification","valueRequired":true,"valueName":"search_term_string"}}],"inLanguage":"pt-PT"},{"@type":"Organization","@id":"https:\/\/inclusivenews.com.br\/#organization","name":"Inclusive - inclus\u00e3o e cidadania","url":"https:\/\/inclusivenews.com.br\/","logo":{"@type":"ImageObject","inLanguage":"pt-PT","@id":"https:\/\/inclusivenews.com.br\/#\/schema\/logo\/image\/","url":"https:\/\/inclusivenews.com.br\/wp-content\/uploads\/2024\/03\/@grandesite.png","contentUrl":"https:\/\/inclusivenews.com.br\/wp-content\/uploads\/2024\/03\/@grandesite.png","width":1080,"height":1080,"caption":"Inclusive - inclus\u00e3o e cidadania"},"image":{"@id":"https:\/\/inclusivenews.com.br\/#\/schema\/logo\/image\/"},"sameAs":["https:\/\/www.facebook.com\/agenciainclusive\/","https:\/\/www.instagram.com\/newsinclusive\/"]},{"@type":"Person","@id":"https:\/\/inclusivenews.com.br\/#\/schema\/person\/0dab492019871b94abb65fa8ee7c8c44","name":"Inclusive","image":{"@type":"ImageObject","inLanguage":"pt-PT","@id":"https:\/\/secure.gravatar.com\/avatar\/?s=96&d=mm&r=g","url":"https:\/\/secure.gravatar.com\/avatar\/?s=96&d=mm&r=g","contentUrl":"https:\/\/secure.gravatar.com\/avatar\/?s=96&d=mm&r=g","caption":"Inclusive"},"url":"https:\/\/inclusivenews.com.br\/?author=2"}]}},"_links":{"self":[{"href":"https:\/\/inclusivenews.com.br\/index.php?rest_route=\/wp\/v2\/posts\/8392","targetHints":{"allow":["GET"]}}],"collection":[{"href":"https:\/\/inclusivenews.com.br\/index.php?rest_route=\/wp\/v2\/posts"}],"about":[{"href":"https:\/\/inclusivenews.com.br\/index.php?rest_route=\/wp\/v2\/types\/post"}],"author":[{"embeddable":true,"href":"https:\/\/inclusivenews.com.br\/index.php?rest_route=\/wp\/v2\/users\/2"}],"replies":[{"embeddable":true,"href":"https:\/\/inclusivenews.com.br\/index.php?rest_route=%2Fwp%2Fv2%2Fcomments&post=8392"}],"version-history":[{"count":0,"href":"https:\/\/inclusivenews.com.br\/index.php?rest_route=\/wp\/v2\/posts\/8392\/revisions"}],"wp:attachment":[{"href":"https:\/\/inclusivenews.com.br\/index.php?rest_route=%2Fwp%2Fv2%2Fmedia&parent=8392"}],"wp:term":[{"taxonomy":"category","embeddable":true,"href":"https:\/\/inclusivenews.com.br\/index.php?rest_route=%2Fwp%2Fv2%2Fcategories&post=8392"},{"taxonomy":"post_tag","embeddable":true,"href":"https:\/\/inclusivenews.com.br\/index.php?rest_route=%2Fwp%2Fv2%2Ftags&post=8392"}],"curies":[{"name":"wp","href":"https:\/\/api.w.org\/{rel}","templated":true}]}}