{"id":8401,"date":"2009-06-18T11:46:00","date_gmt":"2009-06-18T11:46:00","guid":{"rendered":"http:\/\/agenciainclusive.wordpress.com\/?p=8401"},"modified":"2009-06-18T11:46:00","modified_gmt":"2009-06-18T11:46:00","slug":"a-intolerancia-e-a-omissao-ii","status":"publish","type":"post","link":"https:\/\/inclusivenews.com.br\/?p=8401","title":{"rendered":"A intoler\u00e2ncia e a omiss\u00e3o II"},"content":{"rendered":"<figure id=\"attachment_8402\" aria-describedby=\"caption-attachment-8402\" style=\"width: 214px\" class=\"wp-caption alignnone\"><a href=\"http:\/\/agenciainclusive.files.wordpress.com\/2009\/06\/logoemdia.jpg\"><img loading=\"lazy\" decoding=\"async\" class=\"size-full wp-image-8402 \" title=\"logoemdia\" src=\"http:\/\/agenciainclusive.files.wordpress.com\/2009\/06\/logoemdia.jpg\" alt=\"logoemdia\" width=\"214\" height=\"71\" \/><\/a><figcaption id=\"caption-attachment-8402\" class=\"wp-caption-text\">Descri\u00e7\u00e3o do logotipo: impress\u00e3o digital e o texto &quot;em dia com a cidadania&quot;, atravessados por uma linha horizontal.<\/figcaption><\/figure>\n<p>Editorial do <a href=\"http:\/\/www.emdiacomacidadania.com.br\/\" target=\"_blank\" rel=\"noopener\">Em Dia Com A Cidadania<\/a><\/p>\n<p>______________________________<\/p>\n<p>Morreu ontem \u00e0 noite, Marcelo Campos Barros, 35 anos, que sofreu traumatismo craniano ao ser espancado por 5 marginais homof\u00f3bicos, logo depois da Parada Gay de S\u00e3o Paulo, no \u00faltimo domingo.<\/p>\n<p>A m\u00eddia raticamente ignorou a agress\u00e3o sofrida por Marcelo, e a sua morte.<\/p>\n<p>No mesmo dia, foi atirada uma bomba sobre um grupo de 30 homos e simpatizantes, no Largo do Arouche, ferindo mais de 20 pessoas.<\/p>\n<p>Infelizmente, nenhuma fez exame de corpo delito, portanto, fica imposs\u00edvel, quase, punir seus autores.<\/p>\n<p>Ontem, no Rio, outra bomba atingiu um clube priv\u00e9 LGBT que est\u00e1 para ser inaugurado, na Ilha da Gig\u00f3ia, Barra da Tijuca, no pr\u00f3ximo domingo. O port\u00e3o foi destru\u00eddo.<\/p>\n<p>O clube j\u00e1 tem 2500 s\u00f3cios. E domingo, vai rolar o qu\u00ea? Vai se deixar que uma bomba atinja o local com seus 2500 homossexuais l\u00e1 dentro?<\/p>\n<p>Bombas espalhadas por a\u00ed configuram terrorismo, n\u00e3o h\u00e1 outro nome. E o qu\u00ea a PF est\u00e1 fazendo, al\u00e9m de ficar grampeando telefones?<\/p>\n<p>Vamos deixar que o segmento LGBT seja espancado e morto e ficar de bra\u00e7os cruzados?<\/p>\n<p>O governo do Rio de Janeiro tem feito boas e importantes pol\u00edticas para o segmento LGBT do estado.<\/p>\n<p>Espera-se que sua pol\u00edcia, perita em matar inocentes nos tiroteios com bandidos, saiba agir com efici\u00eancia e rigor e coiba, definitivamente, com puni\u00e7\u00f5es pesadas, aqueles que insistem em perseguir e, agora, em atentar contra a vida e o direito constitucional de ir-e-vir, daqueles que s\u00e3o diferentes do formato imposto, inicialmente, pela Igreja Cat\u00f3lica.<\/p>\n<p>Hoje, o Estad\u00e3o publica, e n\u00f3s reproduzimos aqui, uma pesquisa feita pelo MEC que aponta para um amplo preconceito nas escolas, especialmente com negros e crian\u00e7as com defici\u00eancia.<\/p>\n<p>\u00c9 este o pa\u00eds que queremos perpetuar?<\/p>\n","protected":false},"excerpt":{"rendered":"<p>Editorial do Em Dia Com A Cidadania ______________________________ Morreu ontem \u00e0 noite, Marcelo Campos Barros, 35 anos, que sofreu traumatismo craniano ao ser espancado por 5 marginais homof\u00f3bicos, logo depois da Parada Gay de S\u00e3o Paulo, no \u00faltimo domingo. A m\u00eddia raticamente ignorou a agress\u00e3o sofrida por Marcelo, e a sua morte. No mesmo dia, [&hellip;]<\/p>\n","protected":false},"author":2,"featured_media":0,"comment_status":"open","ping_status":"open","sticky":false,"template":"","format":"standard","meta":{"site-container-style":"default","site-container-layout":"default","site-sidebar-layout":"default","disable-article-header":"default","disable-site-header":"default","disable-site-footer":"default","disable-content-area-spacing":"default","footnotes":""},"categories":[4],"tags":[],"class_list":["post-8401","post","type-post","status-publish","format-standard","hentry","category-noticias"],"yoast_head":"<!-- This site is optimized with the Yoast SEO plugin v27.4 - https:\/\/yoast.com\/product\/yoast-seo-wordpress\/ -->\n<title>A intoler\u00e2ncia e a omiss\u00e3o II -<\/title>\n<meta name=\"robots\" content=\"index, follow, max-snippet:-1, max-image-preview:large, max-video-preview:-1\" \/>\n<link rel=\"canonical\" href=\"https:\/\/inclusivenews.com.br\/?p=8401\" \/>\n<meta property=\"og:locale\" content=\"pt_PT\" \/>\n<meta property=\"og:type\" content=\"article\" \/>\n<meta property=\"og:title\" content=\"A intoler\u00e2ncia e a omiss\u00e3o II -\" \/>\n<meta property=\"og:description\" content=\"Editorial do Em Dia Com A Cidadania ______________________________ Morreu ontem \u00e0 noite, Marcelo Campos Barros, 35 anos, que sofreu traumatismo craniano ao ser espancado por 5 marginais homof\u00f3bicos, logo depois da Parada Gay de S\u00e3o Paulo, no \u00faltimo domingo. A m\u00eddia raticamente ignorou a agress\u00e3o sofrida por Marcelo, e a sua morte. No mesmo dia, [&hellip;]\" \/>\n<meta property=\"og:url\" content=\"https:\/\/inclusivenews.com.br\/?p=8401\" \/>\n<meta property=\"article:publisher\" content=\"https:\/\/www.facebook.com\/agenciainclusive\/\" \/>\n<meta property=\"article:published_time\" content=\"2009-06-18T11:46:00+00:00\" \/>\n<meta property=\"og:image\" content=\"http:\/\/agenciainclusive.files.wordpress.com\/2009\/06\/logoemdia.jpg\" \/>\n<meta name=\"author\" content=\"Inclusive\" \/>\n<meta name=\"twitter:card\" content=\"summary_large_image\" \/>\n<meta name=\"twitter:label1\" content=\"Escrito por\" \/>\n\t<meta name=\"twitter:data1\" content=\"Inclusive\" \/>\n\t<meta name=\"twitter:label2\" content=\"Tempo estimado de leitura\" \/>\n\t<meta name=\"twitter:data2\" content=\"2 minutos\" \/>\n<script type=\"application\/ld+json\" class=\"yoast-schema-graph\">{\"@context\":\"https:\\\/\\\/schema.org\",\"@graph\":[{\"@type\":\"Article\",\"@id\":\"https:\\\/\\\/inclusivenews.com.br\\\/?p=8401#article\",\"isPartOf\":{\"@id\":\"https:\\\/\\\/inclusivenews.com.br\\\/?p=8401\"},\"author\":{\"name\":\"Inclusive\",\"@id\":\"https:\\\/\\\/inclusivenews.com.br\\\/#\\\/schema\\\/person\\\/0dab492019871b94abb65fa8ee7c8c44\"},\"headline\":\"A intoler\u00e2ncia e a omiss\u00e3o II\",\"datePublished\":\"2009-06-18T11:46:00+00:00\",\"mainEntityOfPage\":{\"@id\":\"https:\\\/\\\/inclusivenews.com.br\\\/?p=8401\"},\"wordCount\":342,\"commentCount\":0,\"publisher\":{\"@id\":\"https:\\\/\\\/inclusivenews.com.br\\\/#organization\"},\"image\":{\"@id\":\"https:\\\/\\\/inclusivenews.com.br\\\/?p=8401#primaryimage\"},\"thumbnailUrl\":\"http:\\\/\\\/agenciainclusive.files.wordpress.com\\\/2009\\\/06\\\/logoemdia.jpg\",\"articleSection\":[\"NOT\u00cdCIAS\"],\"inLanguage\":\"pt-PT\",\"potentialAction\":[{\"@type\":\"CommentAction\",\"name\":\"Comment\",\"target\":[\"https:\\\/\\\/inclusivenews.com.br\\\/?p=8401#respond\"]}]},{\"@type\":\"WebPage\",\"@id\":\"https:\\\/\\\/inclusivenews.com.br\\\/?p=8401\",\"url\":\"https:\\\/\\\/inclusivenews.com.br\\\/?p=8401\",\"name\":\"A intoler\u00e2ncia e a omiss\u00e3o II -\",\"isPartOf\":{\"@id\":\"https:\\\/\\\/inclusivenews.com.br\\\/#website\"},\"primaryImageOfPage\":{\"@id\":\"https:\\\/\\\/inclusivenews.com.br\\\/?p=8401#primaryimage\"},\"image\":{\"@id\":\"https:\\\/\\\/inclusivenews.com.br\\\/?p=8401#primaryimage\"},\"thumbnailUrl\":\"http:\\\/\\\/agenciainclusive.files.wordpress.com\\\/2009\\\/06\\\/logoemdia.jpg\",\"datePublished\":\"2009-06-18T11:46:00+00:00\",\"breadcrumb\":{\"@id\":\"https:\\\/\\\/inclusivenews.com.br\\\/?p=8401#breadcrumb\"},\"inLanguage\":\"pt-PT\",\"potentialAction\":[{\"@type\":\"ReadAction\",\"target\":[\"https:\\\/\\\/inclusivenews.com.br\\\/?p=8401\"]}]},{\"@type\":\"ImageObject\",\"inLanguage\":\"pt-PT\",\"@id\":\"https:\\\/\\\/inclusivenews.com.br\\\/?p=8401#primaryimage\",\"url\":\"http:\\\/\\\/agenciainclusive.files.wordpress.com\\\/2009\\\/06\\\/logoemdia.jpg\",\"contentUrl\":\"http:\\\/\\\/agenciainclusive.files.wordpress.com\\\/2009\\\/06\\\/logoemdia.jpg\"},{\"@type\":\"BreadcrumbList\",\"@id\":\"https:\\\/\\\/inclusivenews.com.br\\\/?p=8401#breadcrumb\",\"itemListElement\":[{\"@type\":\"ListItem\",\"position\":1,\"name\":\"In\u00edcio\",\"item\":\"https:\\\/\\\/inclusivenews.com.br\\\/\"},{\"@type\":\"ListItem\",\"position\":2,\"name\":\"A intoler\u00e2ncia e a omiss\u00e3o II\"}]},{\"@type\":\"WebSite\",\"@id\":\"https:\\\/\\\/inclusivenews.com.br\\\/#website\",\"url\":\"https:\\\/\\\/inclusivenews.com.br\\\/\",\"name\":\"Inclusive News\",\"description\":\"Inclusive News\",\"publisher\":{\"@id\":\"https:\\\/\\\/inclusivenews.com.br\\\/#organization\"},\"potentialAction\":[{\"@type\":\"SearchAction\",\"target\":{\"@type\":\"EntryPoint\",\"urlTemplate\":\"https:\\\/\\\/inclusivenews.com.br\\\/?s={search_term_string}\"},\"query-input\":{\"@type\":\"PropertyValueSpecification\",\"valueRequired\":true,\"valueName\":\"search_term_string\"}}],\"inLanguage\":\"pt-PT\"},{\"@type\":\"Organization\",\"@id\":\"https:\\\/\\\/inclusivenews.com.br\\\/#organization\",\"name\":\"Inclusive - inclus\u00e3o e cidadania\",\"url\":\"https:\\\/\\\/inclusivenews.com.br\\\/\",\"logo\":{\"@type\":\"ImageObject\",\"inLanguage\":\"pt-PT\",\"@id\":\"https:\\\/\\\/inclusivenews.com.br\\\/#\\\/schema\\\/logo\\\/image\\\/\",\"url\":\"https:\\\/\\\/inclusivenews.com.br\\\/wp-content\\\/uploads\\\/2024\\\/03\\\/@grandesite.png\",\"contentUrl\":\"https:\\\/\\\/inclusivenews.com.br\\\/wp-content\\\/uploads\\\/2024\\\/03\\\/@grandesite.png\",\"width\":1080,\"height\":1080,\"caption\":\"Inclusive - inclus\u00e3o e cidadania\"},\"image\":{\"@id\":\"https:\\\/\\\/inclusivenews.com.br\\\/#\\\/schema\\\/logo\\\/image\\\/\"},\"sameAs\":[\"https:\\\/\\\/www.facebook.com\\\/agenciainclusive\\\/\",\"https:\\\/\\\/www.instagram.com\\\/newsinclusive\\\/\"]},{\"@type\":\"Person\",\"@id\":\"https:\\\/\\\/inclusivenews.com.br\\\/#\\\/schema\\\/person\\\/0dab492019871b94abb65fa8ee7c8c44\",\"name\":\"Inclusive\",\"image\":{\"@type\":\"ImageObject\",\"inLanguage\":\"pt-PT\",\"@id\":\"https:\\\/\\\/secure.gravatar.com\\\/avatar\\\/?s=96&d=mm&r=g\",\"url\":\"https:\\\/\\\/secure.gravatar.com\\\/avatar\\\/?s=96&d=mm&r=g\",\"contentUrl\":\"https:\\\/\\\/secure.gravatar.com\\\/avatar\\\/?s=96&d=mm&r=g\",\"caption\":\"Inclusive\"},\"url\":\"https:\\\/\\\/inclusivenews.com.br\\\/?author=2\"}]}<\/script>\n<!-- \/ Yoast SEO plugin. -->","yoast_head_json":{"title":"A intoler\u00e2ncia e a omiss\u00e3o II -","robots":{"index":"index","follow":"follow","max-snippet":"max-snippet:-1","max-image-preview":"max-image-preview:large","max-video-preview":"max-video-preview:-1"},"canonical":"https:\/\/inclusivenews.com.br\/?p=8401","og_locale":"pt_PT","og_type":"article","og_title":"A intoler\u00e2ncia e a omiss\u00e3o II -","og_description":"Editorial do Em Dia Com A Cidadania ______________________________ Morreu ontem \u00e0 noite, Marcelo Campos Barros, 35 anos, que sofreu traumatismo craniano ao ser espancado por 5 marginais homof\u00f3bicos, logo depois da Parada Gay de S\u00e3o Paulo, no \u00faltimo domingo. A m\u00eddia raticamente ignorou a agress\u00e3o sofrida por Marcelo, e a sua morte. No mesmo dia, [&hellip;]","og_url":"https:\/\/inclusivenews.com.br\/?p=8401","article_publisher":"https:\/\/www.facebook.com\/agenciainclusive\/","article_published_time":"2009-06-18T11:46:00+00:00","og_image":[{"url":"http:\/\/agenciainclusive.files.wordpress.com\/2009\/06\/logoemdia.jpg","type":"","width":"","height":""}],"author":"Inclusive","twitter_card":"summary_large_image","twitter_misc":{"Escrito por":"Inclusive","Tempo estimado de leitura":"2 minutos"},"schema":{"@context":"https:\/\/schema.org","@graph":[{"@type":"Article","@id":"https:\/\/inclusivenews.com.br\/?p=8401#article","isPartOf":{"@id":"https:\/\/inclusivenews.com.br\/?p=8401"},"author":{"name":"Inclusive","@id":"https:\/\/inclusivenews.com.br\/#\/schema\/person\/0dab492019871b94abb65fa8ee7c8c44"},"headline":"A intoler\u00e2ncia e a omiss\u00e3o II","datePublished":"2009-06-18T11:46:00+00:00","mainEntityOfPage":{"@id":"https:\/\/inclusivenews.com.br\/?p=8401"},"wordCount":342,"commentCount":0,"publisher":{"@id":"https:\/\/inclusivenews.com.br\/#organization"},"image":{"@id":"https:\/\/inclusivenews.com.br\/?p=8401#primaryimage"},"thumbnailUrl":"http:\/\/agenciainclusive.files.wordpress.com\/2009\/06\/logoemdia.jpg","articleSection":["NOT\u00cdCIAS"],"inLanguage":"pt-PT","potentialAction":[{"@type":"CommentAction","name":"Comment","target":["https:\/\/inclusivenews.com.br\/?p=8401#respond"]}]},{"@type":"WebPage","@id":"https:\/\/inclusivenews.com.br\/?p=8401","url":"https:\/\/inclusivenews.com.br\/?p=8401","name":"A intoler\u00e2ncia e a omiss\u00e3o II -","isPartOf":{"@id":"https:\/\/inclusivenews.com.br\/#website"},"primaryImageOfPage":{"@id":"https:\/\/inclusivenews.com.br\/?p=8401#primaryimage"},"image":{"@id":"https:\/\/inclusivenews.com.br\/?p=8401#primaryimage"},"thumbnailUrl":"http:\/\/agenciainclusive.files.wordpress.com\/2009\/06\/logoemdia.jpg","datePublished":"2009-06-18T11:46:00+00:00","breadcrumb":{"@id":"https:\/\/inclusivenews.com.br\/?p=8401#breadcrumb"},"inLanguage":"pt-PT","potentialAction":[{"@type":"ReadAction","target":["https:\/\/inclusivenews.com.br\/?p=8401"]}]},{"@type":"ImageObject","inLanguage":"pt-PT","@id":"https:\/\/inclusivenews.com.br\/?p=8401#primaryimage","url":"http:\/\/agenciainclusive.files.wordpress.com\/2009\/06\/logoemdia.jpg","contentUrl":"http:\/\/agenciainclusive.files.wordpress.com\/2009\/06\/logoemdia.jpg"},{"@type":"BreadcrumbList","@id":"https:\/\/inclusivenews.com.br\/?p=8401#breadcrumb","itemListElement":[{"@type":"ListItem","position":1,"name":"In\u00edcio","item":"https:\/\/inclusivenews.com.br\/"},{"@type":"ListItem","position":2,"name":"A intoler\u00e2ncia e a omiss\u00e3o II"}]},{"@type":"WebSite","@id":"https:\/\/inclusivenews.com.br\/#website","url":"https:\/\/inclusivenews.com.br\/","name":"Inclusive News","description":"Inclusive News","publisher":{"@id":"https:\/\/inclusivenews.com.br\/#organization"},"potentialAction":[{"@type":"SearchAction","target":{"@type":"EntryPoint","urlTemplate":"https:\/\/inclusivenews.com.br\/?s={search_term_string}"},"query-input":{"@type":"PropertyValueSpecification","valueRequired":true,"valueName":"search_term_string"}}],"inLanguage":"pt-PT"},{"@type":"Organization","@id":"https:\/\/inclusivenews.com.br\/#organization","name":"Inclusive - inclus\u00e3o e cidadania","url":"https:\/\/inclusivenews.com.br\/","logo":{"@type":"ImageObject","inLanguage":"pt-PT","@id":"https:\/\/inclusivenews.com.br\/#\/schema\/logo\/image\/","url":"https:\/\/inclusivenews.com.br\/wp-content\/uploads\/2024\/03\/@grandesite.png","contentUrl":"https:\/\/inclusivenews.com.br\/wp-content\/uploads\/2024\/03\/@grandesite.png","width":1080,"height":1080,"caption":"Inclusive - inclus\u00e3o e cidadania"},"image":{"@id":"https:\/\/inclusivenews.com.br\/#\/schema\/logo\/image\/"},"sameAs":["https:\/\/www.facebook.com\/agenciainclusive\/","https:\/\/www.instagram.com\/newsinclusive\/"]},{"@type":"Person","@id":"https:\/\/inclusivenews.com.br\/#\/schema\/person\/0dab492019871b94abb65fa8ee7c8c44","name":"Inclusive","image":{"@type":"ImageObject","inLanguage":"pt-PT","@id":"https:\/\/secure.gravatar.com\/avatar\/?s=96&d=mm&r=g","url":"https:\/\/secure.gravatar.com\/avatar\/?s=96&d=mm&r=g","contentUrl":"https:\/\/secure.gravatar.com\/avatar\/?s=96&d=mm&r=g","caption":"Inclusive"},"url":"https:\/\/inclusivenews.com.br\/?author=2"}]}},"_links":{"self":[{"href":"https:\/\/inclusivenews.com.br\/index.php?rest_route=\/wp\/v2\/posts\/8401","targetHints":{"allow":["GET"]}}],"collection":[{"href":"https:\/\/inclusivenews.com.br\/index.php?rest_route=\/wp\/v2\/posts"}],"about":[{"href":"https:\/\/inclusivenews.com.br\/index.php?rest_route=\/wp\/v2\/types\/post"}],"author":[{"embeddable":true,"href":"https:\/\/inclusivenews.com.br\/index.php?rest_route=\/wp\/v2\/users\/2"}],"replies":[{"embeddable":true,"href":"https:\/\/inclusivenews.com.br\/index.php?rest_route=%2Fwp%2Fv2%2Fcomments&post=8401"}],"version-history":[{"count":0,"href":"https:\/\/inclusivenews.com.br\/index.php?rest_route=\/wp\/v2\/posts\/8401\/revisions"}],"wp:attachment":[{"href":"https:\/\/inclusivenews.com.br\/index.php?rest_route=%2Fwp%2Fv2%2Fmedia&parent=8401"}],"wp:term":[{"taxonomy":"category","embeddable":true,"href":"https:\/\/inclusivenews.com.br\/index.php?rest_route=%2Fwp%2Fv2%2Fcategories&post=8401"},{"taxonomy":"post_tag","embeddable":true,"href":"https:\/\/inclusivenews.com.br\/index.php?rest_route=%2Fwp%2Fv2%2Ftags&post=8401"}],"curies":[{"name":"wp","href":"https:\/\/api.w.org\/{rel}","templated":true}]}}