{"id":8407,"date":"2009-06-18T15:46:19","date_gmt":"2009-06-18T15:46:19","guid":{"rendered":"http:\/\/agenciainclusive.wordpress.com\/?p=8407"},"modified":"2009-06-18T15:46:19","modified_gmt":"2009-06-18T15:46:19","slug":"pesquisa-indica-que-ha-993-de-preconceito-no-ambiente-escolar","status":"publish","type":"post","link":"https:\/\/inclusivenews.com.br\/?p=8407","title":{"rendered":"Pesquisa indica que h\u00e1 99,3% de preconceito no ambiente escolar"},"content":{"rendered":"<p>Fl\u00e1via Albuquerque<br \/>\nRep\u00f3rter da Ag\u00eancia Brasil<\/p>\n<p>S\u00e3o Paulo &#8211; Pesquisa realizada em 501 escolas p\u00fablicas de todo o pa\u00eds, baseada em entrevistas com mais de 18,5 mil alunos, pais e m\u00e3es, diretores, professores e funcion\u00e1rios, revelou que 99,3% dessas pessoas demonstram algum tipo de preconceito etnorracial, socioecon\u00f4mico, com rela\u00e7\u00e3o a portadores de necessidades especiais, g\u00eanero, gera\u00e7\u00e3o, orienta\u00e7\u00e3o sexual ou territorial. O estudo, divulgado hoje (17), em S\u00e3o Paulo, e pioneiro no Brasil, foi realizado com o objetivo de dar subs\u00eddios para a cria\u00e7\u00e3o de a\u00e7\u00f5es que transformem a escola em um ambiente de promo\u00e7\u00e3o da diversidade e do respeito \u00e0s diferen\u00e7as.<\/p>\n<p>De acordo com a pesquisa Preconceito e Discrimina\u00e7\u00e3o no Ambiente Escolar, realizada pela Funda\u00e7\u00e3o Instituto de Pesquisas Econ\u00f4micas (Fipe) a pedido do Instituto Nacional de Estudos e Pesquisas Educacionais An\u00edsio Teixeira (Inep), 96,5% dos entrevistados t\u00eam preconceito com rela\u00e7\u00e3o a portadores de necessidades especiais, 94,2% t\u00eam preconceito etnorracial, 93,5% de g\u00eanero, 91% de gera\u00e7\u00e3o, 87,5% socioecon\u00f4mico, 87,3% com rela\u00e7\u00e3o \u00e0 orienta\u00e7\u00e3o sexual e 75,95% t\u00eam preconceito territorial.<\/p>\n<p>Segundo o coordenador do trabalho, Jos\u00e9 Afonso Mazzon, professor da Faculdade de Economia, Administra\u00e7\u00e3o e Contabilidade da Universidade de S\u00e3o Paulo (FEA-USP), a pesquisa conclui que as escolas s\u00e3o ambientes onde o preconceito \u00e9 bastante disseminado entre todos os atores. \u201cN\u00e3o existe algu\u00e9m que tenha preconceito em rela\u00e7\u00e3o a uma \u00e1rea e n\u00e3o tenha em rela\u00e7\u00e3o a outra. A maior parte das pessoas tem de tr\u00eas a cinco \u00e1reas de preconceito. O fato de todo indiv\u00edduo ser preconceituoso \u00e9 generalizada e preocupante\u201d, disse.<\/p>\n<p>Com rela\u00e7\u00e3o \u00e0 intensidade do preconceito, o estudo avaliou que 38,2% t\u00eam mais preconceito com rela\u00e7\u00e3o ao g\u00eanero e que isso parte do homem com rela\u00e7\u00e3o \u00e0 mulher. Com rela\u00e7\u00e3o \u00e0 gera\u00e7\u00e3o (idade), 37,9% t\u00eam preconceito principalmente com rela\u00e7\u00e3o aos idosos. A intensidade da atitude preconceituosa chega a 32,4% quando se trata de portadores de necessidades especiais e fica em 26,1% com rela\u00e7\u00e3o \u00e0 orienta\u00e7\u00e3o sexual, 25,1% quando se trata de diferen\u00e7a socioecon\u00f4mica, 22,9% etnorracial e 20,65% territorial.<\/p>\n<p>O estudo indica ainda que 99,9% dos entrevistados desejam manter dist\u00e2ncia de algum grupo social. Os deficientes mentais s\u00e3o os que sofrem maior preconceito com 98,9% das pessoas com algum n\u00edvel de dist\u00e2ncia social, seguido pelos homossexuais com 98,9%, ciganos (97,3%), deficientes f\u00edsicos (96,2%), \u00edndios (95,3%), pobres (94,9%), moradores da periferia ou de favelas (94,6%), moradores da \u00e1rea rural (91,1%) e negros (90,9%).<\/p>\n<p>De acordo com o diretor de Estudos e Acompanhamentos da Secretaria de Educa\u00e7\u00e3o Continuada, Alfabetiza\u00e7\u00e3o e Diversidade (Secad) do Minist\u00e9rio da Educa\u00e7\u00e3o (MEC), Daniel Chimenez, o resultado desse estudo ser\u00e1 analisado detalhadamente uma vez que o MEC j\u00e1 demonstrou preocupa\u00e7\u00e3o com o tema e com a necessidade de melhorar o ambiente escolar e de ampliar a\u00e7\u00f5es de respeito \u00e0 diversidade.<\/p>\n<p>\u201cNo MEC j\u00e1 existem iniciativas nesse sentido [de respeito \u00e0 diversidade], o que precisa \u00e9 melhorar, aprofundar, alargar esse tipo de abordagem, talvez at\u00e9 para a cria\u00e7\u00e3o de um poss\u00edvel curso de ambiente escolar que reflita todas essas tem\u00e1ticas em uma abordagem integrada\u201d, disse.<\/p>\n<p>Edi\u00e7\u00e3o: L\u00edlian Beraldo<\/p>\n<p>Fonte: <a href=\"http:\/\/www.agenciabrasil.gov.br\/noticias\/2009\/06\/17\/materia.2009-06-17.8057908621\/view\" target=\"_blank\" rel=\"noopener\">http:\/\/www.agenciabrasil.gov.br\/noticias\/2009\/06\/17\/materia.2009-06-17.8057908621\/view <\/a><\/p>\n<p><a href=\"portal.mec.gov.br\/dmdocuments\/relatoriofinal.pdf\">Integra da Pesquisa<\/a><\/p>\n","protected":false},"excerpt":{"rendered":"<p>Fl\u00e1via Albuquerque Rep\u00f3rter da Ag\u00eancia Brasil S\u00e3o Paulo &#8211; Pesquisa realizada em 501 escolas p\u00fablicas de todo o pa\u00eds, baseada em entrevistas com mais de 18,5 mil alunos, pais e m\u00e3es, diretores, professores e funcion\u00e1rios, revelou que 99,3% dessas pessoas demonstram algum tipo de preconceito etnorracial, socioecon\u00f4mico, com rela\u00e7\u00e3o a portadores de necessidades especiais, g\u00eanero, [&hellip;]<\/p>\n","protected":false},"author":2,"featured_media":0,"comment_status":"open","ping_status":"open","sticky":false,"template":"","format":"standard","meta":{"site-container-style":"default","site-container-layout":"default","site-sidebar-layout":"default","disable-article-header":"default","disable-site-header":"default","disable-site-footer":"default","disable-content-area-spacing":"default","footnotes":""},"categories":[38,39,40,6,4],"tags":[],"class_list":["post-8407","post","type-post","status-publish","format-standard","hentry","category-deficiencia","category-discriminacao","category-diversidade","category-educacao","category-noticias"],"yoast_head":"<!-- This site is optimized with the Yoast SEO plugin v27.4 - https:\/\/yoast.com\/product\/yoast-seo-wordpress\/ -->\n<title>Pesquisa indica que h\u00e1 99,3% de preconceito no ambiente escolar -<\/title>\n<meta name=\"robots\" content=\"index, follow, max-snippet:-1, max-image-preview:large, max-video-preview:-1\" \/>\n<link rel=\"canonical\" href=\"https:\/\/inclusivenews.com.br\/?p=8407\" \/>\n<meta property=\"og:locale\" content=\"pt_PT\" \/>\n<meta property=\"og:type\" content=\"article\" \/>\n<meta property=\"og:title\" content=\"Pesquisa indica que h\u00e1 99,3% de preconceito no ambiente escolar -\" \/>\n<meta property=\"og:description\" content=\"Fl\u00e1via Albuquerque Rep\u00f3rter da Ag\u00eancia Brasil S\u00e3o Paulo &#8211; Pesquisa realizada em 501 escolas p\u00fablicas de todo o pa\u00eds, baseada em entrevistas com mais de 18,5 mil alunos, pais e m\u00e3es, diretores, professores e funcion\u00e1rios, revelou que 99,3% dessas pessoas demonstram algum tipo de preconceito etnorracial, socioecon\u00f4mico, com rela\u00e7\u00e3o a portadores de necessidades especiais, g\u00eanero, [&hellip;]\" \/>\n<meta property=\"og:url\" content=\"https:\/\/inclusivenews.com.br\/?p=8407\" \/>\n<meta property=\"article:publisher\" content=\"https:\/\/www.facebook.com\/agenciainclusive\/\" \/>\n<meta property=\"article:published_time\" content=\"2009-06-18T15:46:19+00:00\" \/>\n<meta name=\"author\" content=\"Inclusive\" \/>\n<meta name=\"twitter:card\" content=\"summary_large_image\" \/>\n<meta name=\"twitter:label1\" content=\"Escrito por\" \/>\n\t<meta name=\"twitter:data1\" content=\"Inclusive\" \/>\n\t<meta name=\"twitter:label2\" content=\"Tempo estimado de leitura\" \/>\n\t<meta name=\"twitter:data2\" content=\"3 minutos\" \/>\n<script type=\"application\/ld+json\" class=\"yoast-schema-graph\">{\"@context\":\"https:\\\/\\\/schema.org\",\"@graph\":[{\"@type\":\"Article\",\"@id\":\"https:\\\/\\\/inclusivenews.com.br\\\/?p=8407#article\",\"isPartOf\":{\"@id\":\"https:\\\/\\\/inclusivenews.com.br\\\/?p=8407\"},\"author\":{\"name\":\"Inclusive\",\"@id\":\"https:\\\/\\\/inclusivenews.com.br\\\/#\\\/schema\\\/person\\\/0dab492019871b94abb65fa8ee7c8c44\"},\"headline\":\"Pesquisa indica que h\u00e1 99,3% de preconceito no ambiente escolar\",\"datePublished\":\"2009-06-18T15:46:19+00:00\",\"mainEntityOfPage\":{\"@id\":\"https:\\\/\\\/inclusivenews.com.br\\\/?p=8407\"},\"wordCount\":555,\"commentCount\":0,\"publisher\":{\"@id\":\"https:\\\/\\\/inclusivenews.com.br\\\/#organization\"},\"articleSection\":[\"Defici\u00eancia\",\"Discrimina\u00e7\u00e3o\",\"Diversidade\",\"EDUCA\u00c7\u00c3O\",\"NOT\u00cdCIAS\"],\"inLanguage\":\"pt-PT\",\"potentialAction\":[{\"@type\":\"CommentAction\",\"name\":\"Comment\",\"target\":[\"https:\\\/\\\/inclusivenews.com.br\\\/?p=8407#respond\"]}]},{\"@type\":\"WebPage\",\"@id\":\"https:\\\/\\\/inclusivenews.com.br\\\/?p=8407\",\"url\":\"https:\\\/\\\/inclusivenews.com.br\\\/?p=8407\",\"name\":\"Pesquisa indica que h\u00e1 99,3% de preconceito no ambiente escolar -\",\"isPartOf\":{\"@id\":\"https:\\\/\\\/inclusivenews.com.br\\\/#website\"},\"datePublished\":\"2009-06-18T15:46:19+00:00\",\"breadcrumb\":{\"@id\":\"https:\\\/\\\/inclusivenews.com.br\\\/?p=8407#breadcrumb\"},\"inLanguage\":\"pt-PT\",\"potentialAction\":[{\"@type\":\"ReadAction\",\"target\":[\"https:\\\/\\\/inclusivenews.com.br\\\/?p=8407\"]}]},{\"@type\":\"BreadcrumbList\",\"@id\":\"https:\\\/\\\/inclusivenews.com.br\\\/?p=8407#breadcrumb\",\"itemListElement\":[{\"@type\":\"ListItem\",\"position\":1,\"name\":\"In\u00edcio\",\"item\":\"https:\\\/\\\/inclusivenews.com.br\\\/\"},{\"@type\":\"ListItem\",\"position\":2,\"name\":\"Pesquisa indica que h\u00e1 99,3% de preconceito no ambiente escolar\"}]},{\"@type\":\"WebSite\",\"@id\":\"https:\\\/\\\/inclusivenews.com.br\\\/#website\",\"url\":\"https:\\\/\\\/inclusivenews.com.br\\\/\",\"name\":\"Inclusive News\",\"description\":\"Inclusive News\",\"publisher\":{\"@id\":\"https:\\\/\\\/inclusivenews.com.br\\\/#organization\"},\"potentialAction\":[{\"@type\":\"SearchAction\",\"target\":{\"@type\":\"EntryPoint\",\"urlTemplate\":\"https:\\\/\\\/inclusivenews.com.br\\\/?s={search_term_string}\"},\"query-input\":{\"@type\":\"PropertyValueSpecification\",\"valueRequired\":true,\"valueName\":\"search_term_string\"}}],\"inLanguage\":\"pt-PT\"},{\"@type\":\"Organization\",\"@id\":\"https:\\\/\\\/inclusivenews.com.br\\\/#organization\",\"name\":\"Inclusive - inclus\u00e3o e cidadania\",\"url\":\"https:\\\/\\\/inclusivenews.com.br\\\/\",\"logo\":{\"@type\":\"ImageObject\",\"inLanguage\":\"pt-PT\",\"@id\":\"https:\\\/\\\/inclusivenews.com.br\\\/#\\\/schema\\\/logo\\\/image\\\/\",\"url\":\"https:\\\/\\\/inclusivenews.com.br\\\/wp-content\\\/uploads\\\/2024\\\/03\\\/@grandesite.png\",\"contentUrl\":\"https:\\\/\\\/inclusivenews.com.br\\\/wp-content\\\/uploads\\\/2024\\\/03\\\/@grandesite.png\",\"width\":1080,\"height\":1080,\"caption\":\"Inclusive - inclus\u00e3o e cidadania\"},\"image\":{\"@id\":\"https:\\\/\\\/inclusivenews.com.br\\\/#\\\/schema\\\/logo\\\/image\\\/\"},\"sameAs\":[\"https:\\\/\\\/www.facebook.com\\\/agenciainclusive\\\/\",\"https:\\\/\\\/www.instagram.com\\\/newsinclusive\\\/\"]},{\"@type\":\"Person\",\"@id\":\"https:\\\/\\\/inclusivenews.com.br\\\/#\\\/schema\\\/person\\\/0dab492019871b94abb65fa8ee7c8c44\",\"name\":\"Inclusive\",\"image\":{\"@type\":\"ImageObject\",\"inLanguage\":\"pt-PT\",\"@id\":\"https:\\\/\\\/secure.gravatar.com\\\/avatar\\\/?s=96&d=mm&r=g\",\"url\":\"https:\\\/\\\/secure.gravatar.com\\\/avatar\\\/?s=96&d=mm&r=g\",\"contentUrl\":\"https:\\\/\\\/secure.gravatar.com\\\/avatar\\\/?s=96&d=mm&r=g\",\"caption\":\"Inclusive\"},\"url\":\"https:\\\/\\\/inclusivenews.com.br\\\/?author=2\"}]}<\/script>\n<!-- \/ Yoast SEO plugin. -->","yoast_head_json":{"title":"Pesquisa indica que h\u00e1 99,3% de preconceito no ambiente escolar -","robots":{"index":"index","follow":"follow","max-snippet":"max-snippet:-1","max-image-preview":"max-image-preview:large","max-video-preview":"max-video-preview:-1"},"canonical":"https:\/\/inclusivenews.com.br\/?p=8407","og_locale":"pt_PT","og_type":"article","og_title":"Pesquisa indica que h\u00e1 99,3% de preconceito no ambiente escolar -","og_description":"Fl\u00e1via Albuquerque Rep\u00f3rter da Ag\u00eancia Brasil S\u00e3o Paulo &#8211; Pesquisa realizada em 501 escolas p\u00fablicas de todo o pa\u00eds, baseada em entrevistas com mais de 18,5 mil alunos, pais e m\u00e3es, diretores, professores e funcion\u00e1rios, revelou que 99,3% dessas pessoas demonstram algum tipo de preconceito etnorracial, socioecon\u00f4mico, com rela\u00e7\u00e3o a portadores de necessidades especiais, g\u00eanero, [&hellip;]","og_url":"https:\/\/inclusivenews.com.br\/?p=8407","article_publisher":"https:\/\/www.facebook.com\/agenciainclusive\/","article_published_time":"2009-06-18T15:46:19+00:00","author":"Inclusive","twitter_card":"summary_large_image","twitter_misc":{"Escrito por":"Inclusive","Tempo estimado de leitura":"3 minutos"},"schema":{"@context":"https:\/\/schema.org","@graph":[{"@type":"Article","@id":"https:\/\/inclusivenews.com.br\/?p=8407#article","isPartOf":{"@id":"https:\/\/inclusivenews.com.br\/?p=8407"},"author":{"name":"Inclusive","@id":"https:\/\/inclusivenews.com.br\/#\/schema\/person\/0dab492019871b94abb65fa8ee7c8c44"},"headline":"Pesquisa indica que h\u00e1 99,3% de preconceito no ambiente escolar","datePublished":"2009-06-18T15:46:19+00:00","mainEntityOfPage":{"@id":"https:\/\/inclusivenews.com.br\/?p=8407"},"wordCount":555,"commentCount":0,"publisher":{"@id":"https:\/\/inclusivenews.com.br\/#organization"},"articleSection":["Defici\u00eancia","Discrimina\u00e7\u00e3o","Diversidade","EDUCA\u00c7\u00c3O","NOT\u00cdCIAS"],"inLanguage":"pt-PT","potentialAction":[{"@type":"CommentAction","name":"Comment","target":["https:\/\/inclusivenews.com.br\/?p=8407#respond"]}]},{"@type":"WebPage","@id":"https:\/\/inclusivenews.com.br\/?p=8407","url":"https:\/\/inclusivenews.com.br\/?p=8407","name":"Pesquisa indica que h\u00e1 99,3% de preconceito no ambiente escolar -","isPartOf":{"@id":"https:\/\/inclusivenews.com.br\/#website"},"datePublished":"2009-06-18T15:46:19+00:00","breadcrumb":{"@id":"https:\/\/inclusivenews.com.br\/?p=8407#breadcrumb"},"inLanguage":"pt-PT","potentialAction":[{"@type":"ReadAction","target":["https:\/\/inclusivenews.com.br\/?p=8407"]}]},{"@type":"BreadcrumbList","@id":"https:\/\/inclusivenews.com.br\/?p=8407#breadcrumb","itemListElement":[{"@type":"ListItem","position":1,"name":"In\u00edcio","item":"https:\/\/inclusivenews.com.br\/"},{"@type":"ListItem","position":2,"name":"Pesquisa indica que h\u00e1 99,3% de preconceito no ambiente escolar"}]},{"@type":"WebSite","@id":"https:\/\/inclusivenews.com.br\/#website","url":"https:\/\/inclusivenews.com.br\/","name":"Inclusive News","description":"Inclusive News","publisher":{"@id":"https:\/\/inclusivenews.com.br\/#organization"},"potentialAction":[{"@type":"SearchAction","target":{"@type":"EntryPoint","urlTemplate":"https:\/\/inclusivenews.com.br\/?s={search_term_string}"},"query-input":{"@type":"PropertyValueSpecification","valueRequired":true,"valueName":"search_term_string"}}],"inLanguage":"pt-PT"},{"@type":"Organization","@id":"https:\/\/inclusivenews.com.br\/#organization","name":"Inclusive - inclus\u00e3o e cidadania","url":"https:\/\/inclusivenews.com.br\/","logo":{"@type":"ImageObject","inLanguage":"pt-PT","@id":"https:\/\/inclusivenews.com.br\/#\/schema\/logo\/image\/","url":"https:\/\/inclusivenews.com.br\/wp-content\/uploads\/2024\/03\/@grandesite.png","contentUrl":"https:\/\/inclusivenews.com.br\/wp-content\/uploads\/2024\/03\/@grandesite.png","width":1080,"height":1080,"caption":"Inclusive - inclus\u00e3o e cidadania"},"image":{"@id":"https:\/\/inclusivenews.com.br\/#\/schema\/logo\/image\/"},"sameAs":["https:\/\/www.facebook.com\/agenciainclusive\/","https:\/\/www.instagram.com\/newsinclusive\/"]},{"@type":"Person","@id":"https:\/\/inclusivenews.com.br\/#\/schema\/person\/0dab492019871b94abb65fa8ee7c8c44","name":"Inclusive","image":{"@type":"ImageObject","inLanguage":"pt-PT","@id":"https:\/\/secure.gravatar.com\/avatar\/?s=96&d=mm&r=g","url":"https:\/\/secure.gravatar.com\/avatar\/?s=96&d=mm&r=g","contentUrl":"https:\/\/secure.gravatar.com\/avatar\/?s=96&d=mm&r=g","caption":"Inclusive"},"url":"https:\/\/inclusivenews.com.br\/?author=2"}]}},"_links":{"self":[{"href":"https:\/\/inclusivenews.com.br\/index.php?rest_route=\/wp\/v2\/posts\/8407","targetHints":{"allow":["GET"]}}],"collection":[{"href":"https:\/\/inclusivenews.com.br\/index.php?rest_route=\/wp\/v2\/posts"}],"about":[{"href":"https:\/\/inclusivenews.com.br\/index.php?rest_route=\/wp\/v2\/types\/post"}],"author":[{"embeddable":true,"href":"https:\/\/inclusivenews.com.br\/index.php?rest_route=\/wp\/v2\/users\/2"}],"replies":[{"embeddable":true,"href":"https:\/\/inclusivenews.com.br\/index.php?rest_route=%2Fwp%2Fv2%2Fcomments&post=8407"}],"version-history":[{"count":0,"href":"https:\/\/inclusivenews.com.br\/index.php?rest_route=\/wp\/v2\/posts\/8407\/revisions"}],"wp:attachment":[{"href":"https:\/\/inclusivenews.com.br\/index.php?rest_route=%2Fwp%2Fv2%2Fmedia&parent=8407"}],"wp:term":[{"taxonomy":"category","embeddable":true,"href":"https:\/\/inclusivenews.com.br\/index.php?rest_route=%2Fwp%2Fv2%2Fcategories&post=8407"},{"taxonomy":"post_tag","embeddable":true,"href":"https:\/\/inclusivenews.com.br\/index.php?rest_route=%2Fwp%2Fv2%2Ftags&post=8407"}],"curies":[{"name":"wp","href":"https:\/\/api.w.org\/{rel}","templated":true}]}}