{"id":8419,"date":"2009-06-19T09:55:59","date_gmt":"2009-06-19T09:55:59","guid":{"rendered":"http:\/\/agenciainclusive.wordpress.com\/?p=8419"},"modified":"2009-06-19T09:55:59","modified_gmt":"2009-06-19T09:55:59","slug":"o-emaranhado-da-macaroca","status":"publish","type":"post","link":"https:\/\/inclusivenews.com.br\/?p=8419","title":{"rendered":"O Emaranhado da Ma\u00e7aroca"},"content":{"rendered":"<p><img decoding=\"async\" class=\"alignleft\" src=\"http:\/\/agenciainclusive.files.wordpress.com\/2009\/06\/aberto.jpg\" border=\"0\" alt=\"Descri\u00e7\u00e3o da imagem: dois livros abertos sobrepostos.\" \/>Falar com as crian\u00e7as sobre as diferen\u00e7as \u00e9 fundamental. E leituras que tratem destes temas podem servir de incentivo para um olhar mais humano sobre o mundo. O Emaranhado da Ma\u00e7aroca, por exemplo, mostra a inf\u00e2ncia de um deficiente visual, sua percep\u00e7\u00e3o de mundo e a import\u00e2ncia da amizade e do respeito ao pr\u00f3ximo. Desembara\u00e7ando suas ma\u00e7arocas, dois meninos, Pedro e Paulo, descobrem juntos um pouco mais do mundo ao redor e de seus pr\u00f3prios mundos. Fica a\u00ed a dica do Crian\u00e7ada!<\/p>\n<figure id=\"attachment_8420\" aria-describedby=\"caption-attachment-8420\" style=\"width: 179px\" class=\"wp-caption alignleft\"><a href=\"http:\/\/agenciainclusive.files.wordpress.com\/2009\/06\/emaranhado.jpg\"><img loading=\"lazy\" decoding=\"async\" class=\"size-full wp-image-8420\" title=\"emaranhado\" src=\"http:\/\/agenciainclusive.files.wordpress.com\/2009\/06\/emaranhado.jpg\" alt=\"emaranhado\" width=\"179\" height=\"206\" \/><\/a><figcaption id=\"caption-attachment-8420\" class=\"wp-caption-text\">Na imagem, a capa do livro - onde um menino segura fios com as m\u00e3os.<\/figcaption><\/figure>\n<p>Servi\u00e7o:<br \/>\nO Emaranhado da Ma\u00e7aroca<br \/>\nAutor: Hermes Bernardi Jr.<br \/>\nIlustra\u00e7\u00f5es: Renan Santos<br \/>\nEditora: Larousse do Brasil<br \/>\nP\u00e1ginas: 32<br \/>\nPre\u00e7o: R$ 21,50<\/p>\n<p>Fonte: <a href=\"http:\/\/www.clicrbs.com.br\/blog\/jsp\/default.jsp?source=DYNAMIC,blog.BlogDataServer,getBlog&amp;template=3948.dwt&amp;section=Blogs&amp;post=193467&amp;blog=117&amp;coldir=1&amp;topo=4254.dwt&amp;espname=vidafeminina\">http:\/\/www.clicrbs.com.br\/blog\/jsp\/default.jsp?source=DYNAMIC,blog.BlogDataServer,getBlog&amp;template=3948.dwt&amp;section=Blogs&amp;post=193467&amp;blog=117&amp;coldir=1&amp;topo=4254.dwt&amp;espname=vidafeminina<\/a><\/p>\n","protected":false},"excerpt":{"rendered":"<p>Falar com as crian\u00e7as sobre as diferen\u00e7as \u00e9 fundamental. E leituras que tratem destes temas podem servir de incentivo para um olhar mais humano sobre o mundo. O Emaranhado da Ma\u00e7aroca, por exemplo, mostra a inf\u00e2ncia de um deficiente visual, sua percep\u00e7\u00e3o de mundo e a import\u00e2ncia da amizade e do respeito ao pr\u00f3ximo. Desembara\u00e7ando [&hellip;]<\/p>\n","protected":false},"author":2,"featured_media":0,"comment_status":"open","ping_status":"open","sticky":false,"template":"","format":"standard","meta":{"site-container-style":"default","site-container-layout":"default","site-sidebar-layout":"default","disable-article-header":"default","disable-site-header":"default","disable-site-footer":"default","disable-content-area-spacing":"default","footnotes":""},"categories":[10],"tags":[],"class_list":["post-8419","post","type-post","status-publish","format-standard","hentry","category-publicacoes"],"yoast_head":"<!-- This site is optimized with the Yoast SEO plugin v27.4 - https:\/\/yoast.com\/product\/yoast-seo-wordpress\/ -->\n<title>O Emaranhado da Ma\u00e7aroca -<\/title>\n<meta name=\"robots\" content=\"index, follow, max-snippet:-1, max-image-preview:large, max-video-preview:-1\" \/>\n<link rel=\"canonical\" href=\"https:\/\/inclusivenews.com.br\/?p=8419\" \/>\n<meta property=\"og:locale\" content=\"pt_PT\" \/>\n<meta property=\"og:type\" content=\"article\" \/>\n<meta property=\"og:title\" content=\"O Emaranhado da Ma\u00e7aroca -\" \/>\n<meta property=\"og:description\" content=\"Falar com as crian\u00e7as sobre as diferen\u00e7as \u00e9 fundamental. E leituras que tratem destes temas podem servir de incentivo para um olhar mais humano sobre o mundo. O Emaranhado da Ma\u00e7aroca, por exemplo, mostra a inf\u00e2ncia de um deficiente visual, sua percep\u00e7\u00e3o de mundo e a import\u00e2ncia da amizade e do respeito ao pr\u00f3ximo. Desembara\u00e7ando [&hellip;]\" \/>\n<meta property=\"og:url\" content=\"https:\/\/inclusivenews.com.br\/?p=8419\" \/>\n<meta property=\"article:publisher\" content=\"https:\/\/www.facebook.com\/agenciainclusive\/\" \/>\n<meta property=\"article:published_time\" content=\"2009-06-19T09:55:59+00:00\" \/>\n<meta property=\"og:image\" content=\"http:\/\/agenciainclusive.files.wordpress.com\/2009\/06\/aberto.jpg\" \/>\n<meta name=\"author\" content=\"Inclusive\" \/>\n<meta name=\"twitter:card\" content=\"summary_large_image\" \/>\n<meta name=\"twitter:label1\" content=\"Escrito por\" \/>\n\t<meta name=\"twitter:data1\" content=\"Inclusive\" \/>\n\t<meta name=\"twitter:label2\" content=\"Tempo estimado de leitura\" \/>\n\t<meta name=\"twitter:data2\" content=\"1 minuto\" \/>\n<script type=\"application\/ld+json\" class=\"yoast-schema-graph\">{\"@context\":\"https:\\\/\\\/schema.org\",\"@graph\":[{\"@type\":\"Article\",\"@id\":\"https:\\\/\\\/inclusivenews.com.br\\\/?p=8419#article\",\"isPartOf\":{\"@id\":\"https:\\\/\\\/inclusivenews.com.br\\\/?p=8419\"},\"author\":{\"name\":\"Inclusive\",\"@id\":\"https:\\\/\\\/inclusivenews.com.br\\\/#\\\/schema\\\/person\\\/0dab492019871b94abb65fa8ee7c8c44\"},\"headline\":\"O Emaranhado da Ma\u00e7aroca\",\"datePublished\":\"2009-06-19T09:55:59+00:00\",\"mainEntityOfPage\":{\"@id\":\"https:\\\/\\\/inclusivenews.com.br\\\/?p=8419\"},\"wordCount\":178,\"commentCount\":0,\"publisher\":{\"@id\":\"https:\\\/\\\/inclusivenews.com.br\\\/#organization\"},\"image\":{\"@id\":\"https:\\\/\\\/inclusivenews.com.br\\\/?p=8419#primaryimage\"},\"thumbnailUrl\":\"http:\\\/\\\/agenciainclusive.files.wordpress.com\\\/2009\\\/06\\\/aberto.jpg\",\"articleSection\":[\"PUBLICA\u00c7\u00d5ES\"],\"inLanguage\":\"pt-PT\",\"potentialAction\":[{\"@type\":\"CommentAction\",\"name\":\"Comment\",\"target\":[\"https:\\\/\\\/inclusivenews.com.br\\\/?p=8419#respond\"]}]},{\"@type\":\"WebPage\",\"@id\":\"https:\\\/\\\/inclusivenews.com.br\\\/?p=8419\",\"url\":\"https:\\\/\\\/inclusivenews.com.br\\\/?p=8419\",\"name\":\"O Emaranhado da Ma\u00e7aroca -\",\"isPartOf\":{\"@id\":\"https:\\\/\\\/inclusivenews.com.br\\\/#website\"},\"primaryImageOfPage\":{\"@id\":\"https:\\\/\\\/inclusivenews.com.br\\\/?p=8419#primaryimage\"},\"image\":{\"@id\":\"https:\\\/\\\/inclusivenews.com.br\\\/?p=8419#primaryimage\"},\"thumbnailUrl\":\"http:\\\/\\\/agenciainclusive.files.wordpress.com\\\/2009\\\/06\\\/aberto.jpg\",\"datePublished\":\"2009-06-19T09:55:59+00:00\",\"breadcrumb\":{\"@id\":\"https:\\\/\\\/inclusivenews.com.br\\\/?p=8419#breadcrumb\"},\"inLanguage\":\"pt-PT\",\"potentialAction\":[{\"@type\":\"ReadAction\",\"target\":[\"https:\\\/\\\/inclusivenews.com.br\\\/?p=8419\"]}]},{\"@type\":\"ImageObject\",\"inLanguage\":\"pt-PT\",\"@id\":\"https:\\\/\\\/inclusivenews.com.br\\\/?p=8419#primaryimage\",\"url\":\"http:\\\/\\\/agenciainclusive.files.wordpress.com\\\/2009\\\/06\\\/aberto.jpg\",\"contentUrl\":\"http:\\\/\\\/agenciainclusive.files.wordpress.com\\\/2009\\\/06\\\/aberto.jpg\"},{\"@type\":\"BreadcrumbList\",\"@id\":\"https:\\\/\\\/inclusivenews.com.br\\\/?p=8419#breadcrumb\",\"itemListElement\":[{\"@type\":\"ListItem\",\"position\":1,\"name\":\"In\u00edcio\",\"item\":\"https:\\\/\\\/inclusivenews.com.br\\\/\"},{\"@type\":\"ListItem\",\"position\":2,\"name\":\"O Emaranhado da Ma\u00e7aroca\"}]},{\"@type\":\"WebSite\",\"@id\":\"https:\\\/\\\/inclusivenews.com.br\\\/#website\",\"url\":\"https:\\\/\\\/inclusivenews.com.br\\\/\",\"name\":\"Inclusive News\",\"description\":\"Inclusive News\",\"publisher\":{\"@id\":\"https:\\\/\\\/inclusivenews.com.br\\\/#organization\"},\"potentialAction\":[{\"@type\":\"SearchAction\",\"target\":{\"@type\":\"EntryPoint\",\"urlTemplate\":\"https:\\\/\\\/inclusivenews.com.br\\\/?s={search_term_string}\"},\"query-input\":{\"@type\":\"PropertyValueSpecification\",\"valueRequired\":true,\"valueName\":\"search_term_string\"}}],\"inLanguage\":\"pt-PT\"},{\"@type\":\"Organization\",\"@id\":\"https:\\\/\\\/inclusivenews.com.br\\\/#organization\",\"name\":\"Inclusive - inclus\u00e3o e cidadania\",\"url\":\"https:\\\/\\\/inclusivenews.com.br\\\/\",\"logo\":{\"@type\":\"ImageObject\",\"inLanguage\":\"pt-PT\",\"@id\":\"https:\\\/\\\/inclusivenews.com.br\\\/#\\\/schema\\\/logo\\\/image\\\/\",\"url\":\"https:\\\/\\\/inclusivenews.com.br\\\/wp-content\\\/uploads\\\/2024\\\/03\\\/@grandesite.png\",\"contentUrl\":\"https:\\\/\\\/inclusivenews.com.br\\\/wp-content\\\/uploads\\\/2024\\\/03\\\/@grandesite.png\",\"width\":1080,\"height\":1080,\"caption\":\"Inclusive - inclus\u00e3o e cidadania\"},\"image\":{\"@id\":\"https:\\\/\\\/inclusivenews.com.br\\\/#\\\/schema\\\/logo\\\/image\\\/\"},\"sameAs\":[\"https:\\\/\\\/www.facebook.com\\\/agenciainclusive\\\/\",\"https:\\\/\\\/www.instagram.com\\\/newsinclusive\\\/\"]},{\"@type\":\"Person\",\"@id\":\"https:\\\/\\\/inclusivenews.com.br\\\/#\\\/schema\\\/person\\\/0dab492019871b94abb65fa8ee7c8c44\",\"name\":\"Inclusive\",\"image\":{\"@type\":\"ImageObject\",\"inLanguage\":\"pt-PT\",\"@id\":\"https:\\\/\\\/secure.gravatar.com\\\/avatar\\\/?s=96&d=mm&r=g\",\"url\":\"https:\\\/\\\/secure.gravatar.com\\\/avatar\\\/?s=96&d=mm&r=g\",\"contentUrl\":\"https:\\\/\\\/secure.gravatar.com\\\/avatar\\\/?s=96&d=mm&r=g\",\"caption\":\"Inclusive\"},\"url\":\"https:\\\/\\\/inclusivenews.com.br\\\/?author=2\"}]}<\/script>\n<!-- \/ Yoast SEO plugin. -->","yoast_head_json":{"title":"O Emaranhado da Ma\u00e7aroca -","robots":{"index":"index","follow":"follow","max-snippet":"max-snippet:-1","max-image-preview":"max-image-preview:large","max-video-preview":"max-video-preview:-1"},"canonical":"https:\/\/inclusivenews.com.br\/?p=8419","og_locale":"pt_PT","og_type":"article","og_title":"O Emaranhado da Ma\u00e7aroca -","og_description":"Falar com as crian\u00e7as sobre as diferen\u00e7as \u00e9 fundamental. E leituras que tratem destes temas podem servir de incentivo para um olhar mais humano sobre o mundo. O Emaranhado da Ma\u00e7aroca, por exemplo, mostra a inf\u00e2ncia de um deficiente visual, sua percep\u00e7\u00e3o de mundo e a import\u00e2ncia da amizade e do respeito ao pr\u00f3ximo. Desembara\u00e7ando [&hellip;]","og_url":"https:\/\/inclusivenews.com.br\/?p=8419","article_publisher":"https:\/\/www.facebook.com\/agenciainclusive\/","article_published_time":"2009-06-19T09:55:59+00:00","og_image":[{"url":"http:\/\/agenciainclusive.files.wordpress.com\/2009\/06\/aberto.jpg","type":"","width":"","height":""}],"author":"Inclusive","twitter_card":"summary_large_image","twitter_misc":{"Escrito por":"Inclusive","Tempo estimado de leitura":"1 minuto"},"schema":{"@context":"https:\/\/schema.org","@graph":[{"@type":"Article","@id":"https:\/\/inclusivenews.com.br\/?p=8419#article","isPartOf":{"@id":"https:\/\/inclusivenews.com.br\/?p=8419"},"author":{"name":"Inclusive","@id":"https:\/\/inclusivenews.com.br\/#\/schema\/person\/0dab492019871b94abb65fa8ee7c8c44"},"headline":"O Emaranhado da Ma\u00e7aroca","datePublished":"2009-06-19T09:55:59+00:00","mainEntityOfPage":{"@id":"https:\/\/inclusivenews.com.br\/?p=8419"},"wordCount":178,"commentCount":0,"publisher":{"@id":"https:\/\/inclusivenews.com.br\/#organization"},"image":{"@id":"https:\/\/inclusivenews.com.br\/?p=8419#primaryimage"},"thumbnailUrl":"http:\/\/agenciainclusive.files.wordpress.com\/2009\/06\/aberto.jpg","articleSection":["PUBLICA\u00c7\u00d5ES"],"inLanguage":"pt-PT","potentialAction":[{"@type":"CommentAction","name":"Comment","target":["https:\/\/inclusivenews.com.br\/?p=8419#respond"]}]},{"@type":"WebPage","@id":"https:\/\/inclusivenews.com.br\/?p=8419","url":"https:\/\/inclusivenews.com.br\/?p=8419","name":"O Emaranhado da Ma\u00e7aroca -","isPartOf":{"@id":"https:\/\/inclusivenews.com.br\/#website"},"primaryImageOfPage":{"@id":"https:\/\/inclusivenews.com.br\/?p=8419#primaryimage"},"image":{"@id":"https:\/\/inclusivenews.com.br\/?p=8419#primaryimage"},"thumbnailUrl":"http:\/\/agenciainclusive.files.wordpress.com\/2009\/06\/aberto.jpg","datePublished":"2009-06-19T09:55:59+00:00","breadcrumb":{"@id":"https:\/\/inclusivenews.com.br\/?p=8419#breadcrumb"},"inLanguage":"pt-PT","potentialAction":[{"@type":"ReadAction","target":["https:\/\/inclusivenews.com.br\/?p=8419"]}]},{"@type":"ImageObject","inLanguage":"pt-PT","@id":"https:\/\/inclusivenews.com.br\/?p=8419#primaryimage","url":"http:\/\/agenciainclusive.files.wordpress.com\/2009\/06\/aberto.jpg","contentUrl":"http:\/\/agenciainclusive.files.wordpress.com\/2009\/06\/aberto.jpg"},{"@type":"BreadcrumbList","@id":"https:\/\/inclusivenews.com.br\/?p=8419#breadcrumb","itemListElement":[{"@type":"ListItem","position":1,"name":"In\u00edcio","item":"https:\/\/inclusivenews.com.br\/"},{"@type":"ListItem","position":2,"name":"O Emaranhado da Ma\u00e7aroca"}]},{"@type":"WebSite","@id":"https:\/\/inclusivenews.com.br\/#website","url":"https:\/\/inclusivenews.com.br\/","name":"Inclusive News","description":"Inclusive News","publisher":{"@id":"https:\/\/inclusivenews.com.br\/#organization"},"potentialAction":[{"@type":"SearchAction","target":{"@type":"EntryPoint","urlTemplate":"https:\/\/inclusivenews.com.br\/?s={search_term_string}"},"query-input":{"@type":"PropertyValueSpecification","valueRequired":true,"valueName":"search_term_string"}}],"inLanguage":"pt-PT"},{"@type":"Organization","@id":"https:\/\/inclusivenews.com.br\/#organization","name":"Inclusive - inclus\u00e3o e cidadania","url":"https:\/\/inclusivenews.com.br\/","logo":{"@type":"ImageObject","inLanguage":"pt-PT","@id":"https:\/\/inclusivenews.com.br\/#\/schema\/logo\/image\/","url":"https:\/\/inclusivenews.com.br\/wp-content\/uploads\/2024\/03\/@grandesite.png","contentUrl":"https:\/\/inclusivenews.com.br\/wp-content\/uploads\/2024\/03\/@grandesite.png","width":1080,"height":1080,"caption":"Inclusive - inclus\u00e3o e cidadania"},"image":{"@id":"https:\/\/inclusivenews.com.br\/#\/schema\/logo\/image\/"},"sameAs":["https:\/\/www.facebook.com\/agenciainclusive\/","https:\/\/www.instagram.com\/newsinclusive\/"]},{"@type":"Person","@id":"https:\/\/inclusivenews.com.br\/#\/schema\/person\/0dab492019871b94abb65fa8ee7c8c44","name":"Inclusive","image":{"@type":"ImageObject","inLanguage":"pt-PT","@id":"https:\/\/secure.gravatar.com\/avatar\/?s=96&d=mm&r=g","url":"https:\/\/secure.gravatar.com\/avatar\/?s=96&d=mm&r=g","contentUrl":"https:\/\/secure.gravatar.com\/avatar\/?s=96&d=mm&r=g","caption":"Inclusive"},"url":"https:\/\/inclusivenews.com.br\/?author=2"}]}},"_links":{"self":[{"href":"https:\/\/inclusivenews.com.br\/index.php?rest_route=\/wp\/v2\/posts\/8419","targetHints":{"allow":["GET"]}}],"collection":[{"href":"https:\/\/inclusivenews.com.br\/index.php?rest_route=\/wp\/v2\/posts"}],"about":[{"href":"https:\/\/inclusivenews.com.br\/index.php?rest_route=\/wp\/v2\/types\/post"}],"author":[{"embeddable":true,"href":"https:\/\/inclusivenews.com.br\/index.php?rest_route=\/wp\/v2\/users\/2"}],"replies":[{"embeddable":true,"href":"https:\/\/inclusivenews.com.br\/index.php?rest_route=%2Fwp%2Fv2%2Fcomments&post=8419"}],"version-history":[{"count":0,"href":"https:\/\/inclusivenews.com.br\/index.php?rest_route=\/wp\/v2\/posts\/8419\/revisions"}],"wp:attachment":[{"href":"https:\/\/inclusivenews.com.br\/index.php?rest_route=%2Fwp%2Fv2%2Fmedia&parent=8419"}],"wp:term":[{"taxonomy":"category","embeddable":true,"href":"https:\/\/inclusivenews.com.br\/index.php?rest_route=%2Fwp%2Fv2%2Fcategories&post=8419"},{"taxonomy":"post_tag","embeddable":true,"href":"https:\/\/inclusivenews.com.br\/index.php?rest_route=%2Fwp%2Fv2%2Ftags&post=8419"}],"curies":[{"name":"wp","href":"https:\/\/api.w.org\/{rel}","templated":true}]}}