{"id":8439,"date":"2009-06-19T18:37:26","date_gmt":"2009-06-19T18:37:26","guid":{"rendered":"http:\/\/agenciainclusive.wordpress.com\/?p=8439"},"modified":"2009-06-19T18:37:26","modified_gmt":"2009-06-19T18:37:26","slug":"impetrado-mandado-de-seguranca-contra-o-ministro-das-comunicacoes","status":"publish","type":"post","link":"https:\/\/inclusivenews.com.br\/?p=8439","title":{"rendered":"Impetrado Mandado de Seguran\u00e7a contra o Ministro das Comunica\u00e7\u00f5es"},"content":{"rendered":"<p>A ORGANIZA\u00c7\u00c3O NACIONAL De CEGOS DO BRASIL, ONCB, junto com o CONSELHO NACIONAL DOS CENTROS DE VIDA INDEPENDENTE \u2013 CVI-BRASIL e a FEDERA\u00c7\u00c3O BRASILEIRA DAS ASSOCIA\u00c7\u00d5ES DE S\u00cdNDROME DE DOWN &#8211; FBASD, impetraram nesta sexta-feira, 19 de junho, Mandado de Seguran\u00e7a contra o Ministro das Comunica\u00e7\u00f5es, H\u00e9lio Costa, requerendo a suspens\u00e3o da terceira consulta p\u00fablica sobre a audiodescri\u00e7\u00e3o por falta de acessibilidade nos documentos disponibilizados e pelo uso de outros idiomas que n\u00e3o o portugu\u00eas. Isso impede a participa\u00e7\u00e3o plena das pessoas com defici\u00eancia as quais acham-se exclu\u00eddas da possibilidade de opinar sobre esse direito que lhes diz respeito, diretamente.<\/p>\n<p>A consulta p\u00fablica, que estar\u00e1 dispon\u00edvel no portal do MC, at\u00e9 o dia 30 de junho, comp\u00f5e-se de oito arquivos, que foram \u201cescaneados\u201d no formato de imagem, fato que impede a sua decodifica\u00e7\u00e3o atrav\u00e9s de leitores de tela, ferramenta usada por usu\u00e1rios cegos e com outras defici\u00eancias, para a intera\u00e7\u00e3o com o computador.<\/p>\n<p>A medida do Mc, segundo reconhece o texto do mandado de seguran\u00e7a, fere os direitos humanos l\u00edquidos e certos desse segmento social integrante da popula\u00e7\u00e3o brasileira e de todas as pessoas com defici\u00eancia que utilizam leitores de telas para sua comunica\u00e7\u00e3o, entre elas as pessoas com defici\u00eancia f\u00edsica e intelectual.<\/p>\n<p>Ressalte-se que a publica\u00e7\u00e3o de documentos em formatos inacess\u00edveis fere ainda a equidade e a ampla participa\u00e7\u00e3o com equipara\u00e7\u00e3o de oportunidades previstas n\u00e3o apenas no ordenamento jur\u00eddico brasileiro, notadamente nas Leis n\u00ba 7.853\/1989 e 10.098\/200, mas principalmente na Conven\u00e7\u00e3o sobre os Direitos da Pessoa com Defici\u00eancia, aprovada pela ONU e ratificada no Brasil com equival\u00eancia de emenda constitucional atrav\u00e9s do Decreto Legislativo n\u00ba 186\/2008.<\/p>\n<p>A consulta fere ainda, a Constitui\u00e7\u00e3o Federal Brasileira, em seu artigo 13, na medida em que publica os documentos de acesso em idiomas estrangeiros, como o alem\u00e3o, ingl\u00eas e franc\u00eas, configurando-se numa clara discrimina\u00e7\u00e3o contra aqueles que n\u00e3o dominam tais idiomas.<\/p>\n<p>Desde que foi disponibilizada, no \u00faltimo dia 15 de maio, a consulta tem suscitado in\u00fameros protestos, dirigidos diretamente ao Ministro H\u00e9lio Costa, por pessoas, ou por organismos de defesa de direitos, a exemplo do Conselho Nacional da Pessoa com Defici\u00eancia, Conade. At\u00e9 o momento, o ministro n\u00e3o se posicionou oficialmente sobre a quest\u00e3o.<\/p>\n<p>Para maiores informa\u00e7\u00f5es<\/p>\n<p>Ana Paula de Crosara de Resende: <a href=\"mailto:anapaula@cataniecrosara.com.br\">anapaula@cataniecrosara.com.br<\/a> (34) 32123866 advogada respons\u00e1vel pelo processo<\/p>\n<p>ONCB contatos:<\/p>\n<p><a href=\"mailto:Bras\u00edlia@oncb.org.br\">Bras\u00edlia@oncb.org.br<\/a><\/p>\n<p>Fone: 61 3041-8288 (Escrit\u00f3rio de Bras\u00edlia)<\/p>\n","protected":false},"excerpt":{"rendered":"<p>A ORGANIZA\u00c7\u00c3O NACIONAL De CEGOS DO BRASIL, ONCB, junto com o CONSELHO NACIONAL DOS CENTROS DE VIDA INDEPENDENTE \u2013 CVI-BRASIL e a FEDERA\u00c7\u00c3O BRASILEIRA DAS ASSOCIA\u00c7\u00d5ES DE S\u00cdNDROME DE DOWN &#8211; FBASD, impetraram nesta sexta-feira, 19 de junho, Mandado de Seguran\u00e7a contra o Ministro das Comunica\u00e7\u00f5es, H\u00e9lio Costa, requerendo a suspens\u00e3o da terceira consulta p\u00fablica [&hellip;]<\/p>\n","protected":false},"author":2,"featured_media":0,"comment_status":"open","ping_status":"open","sticky":false,"template":"","format":"standard","meta":{"site-container-style":"default","site-container-layout":"default","site-sidebar-layout":"default","disable-article-header":"default","disable-site-header":"default","disable-site-footer":"default","disable-content-area-spacing":"default","footnotes":""},"categories":[13],"tags":[],"class_list":["post-8439","post","type-post","status-publish","format-standard","hentry","category-denuncias"],"yoast_head":"<!-- This site is optimized with the Yoast SEO plugin v27.4 - https:\/\/yoast.com\/product\/yoast-seo-wordpress\/ -->\n<title>Impetrado Mandado de Seguran\u00e7a contra o Ministro das Comunica\u00e7\u00f5es -<\/title>\n<meta name=\"robots\" content=\"index, follow, max-snippet:-1, max-image-preview:large, max-video-preview:-1\" \/>\n<link rel=\"canonical\" href=\"https:\/\/inclusivenews.com.br\/?p=8439\" \/>\n<meta property=\"og:locale\" content=\"pt_PT\" \/>\n<meta property=\"og:type\" content=\"article\" \/>\n<meta property=\"og:title\" content=\"Impetrado Mandado de Seguran\u00e7a contra o Ministro das Comunica\u00e7\u00f5es -\" \/>\n<meta property=\"og:description\" content=\"A ORGANIZA\u00c7\u00c3O NACIONAL De CEGOS DO BRASIL, ONCB, junto com o CONSELHO NACIONAL DOS CENTROS DE VIDA INDEPENDENTE \u2013 CVI-BRASIL e a FEDERA\u00c7\u00c3O BRASILEIRA DAS ASSOCIA\u00c7\u00d5ES DE S\u00cdNDROME DE DOWN &#8211; FBASD, impetraram nesta sexta-feira, 19 de junho, Mandado de Seguran\u00e7a contra o Ministro das Comunica\u00e7\u00f5es, H\u00e9lio Costa, requerendo a suspens\u00e3o da terceira consulta p\u00fablica [&hellip;]\" \/>\n<meta property=\"og:url\" content=\"https:\/\/inclusivenews.com.br\/?p=8439\" \/>\n<meta property=\"article:publisher\" content=\"https:\/\/www.facebook.com\/agenciainclusive\/\" \/>\n<meta property=\"article:published_time\" content=\"2009-06-19T18:37:26+00:00\" \/>\n<meta name=\"author\" content=\"Inclusive\" \/>\n<meta name=\"twitter:card\" content=\"summary_large_image\" \/>\n<meta name=\"twitter:label1\" content=\"Escrito por\" \/>\n\t<meta name=\"twitter:data1\" content=\"Inclusive\" \/>\n\t<meta name=\"twitter:label2\" content=\"Tempo estimado de leitura\" \/>\n\t<meta name=\"twitter:data2\" content=\"2 minutos\" \/>\n<script type=\"application\/ld+json\" class=\"yoast-schema-graph\">{\"@context\":\"https:\\\/\\\/schema.org\",\"@graph\":[{\"@type\":\"Article\",\"@id\":\"https:\\\/\\\/inclusivenews.com.br\\\/?p=8439#article\",\"isPartOf\":{\"@id\":\"https:\\\/\\\/inclusivenews.com.br\\\/?p=8439\"},\"author\":{\"name\":\"Inclusive\",\"@id\":\"https:\\\/\\\/inclusivenews.com.br\\\/#\\\/schema\\\/person\\\/0dab492019871b94abb65fa8ee7c8c44\"},\"headline\":\"Impetrado Mandado de Seguran\u00e7a contra o Ministro das Comunica\u00e7\u00f5es\",\"datePublished\":\"2009-06-19T18:37:26+00:00\",\"mainEntityOfPage\":{\"@id\":\"https:\\\/\\\/inclusivenews.com.br\\\/?p=8439\"},\"wordCount\":448,\"commentCount\":1,\"publisher\":{\"@id\":\"https:\\\/\\\/inclusivenews.com.br\\\/#organization\"},\"articleSection\":[\"Den\u00fancias\"],\"inLanguage\":\"pt-PT\",\"potentialAction\":[{\"@type\":\"CommentAction\",\"name\":\"Comment\",\"target\":[\"https:\\\/\\\/inclusivenews.com.br\\\/?p=8439#respond\"]}]},{\"@type\":\"WebPage\",\"@id\":\"https:\\\/\\\/inclusivenews.com.br\\\/?p=8439\",\"url\":\"https:\\\/\\\/inclusivenews.com.br\\\/?p=8439\",\"name\":\"Impetrado Mandado de Seguran\u00e7a contra o Ministro das Comunica\u00e7\u00f5es -\",\"isPartOf\":{\"@id\":\"https:\\\/\\\/inclusivenews.com.br\\\/#website\"},\"datePublished\":\"2009-06-19T18:37:26+00:00\",\"breadcrumb\":{\"@id\":\"https:\\\/\\\/inclusivenews.com.br\\\/?p=8439#breadcrumb\"},\"inLanguage\":\"pt-PT\",\"potentialAction\":[{\"@type\":\"ReadAction\",\"target\":[\"https:\\\/\\\/inclusivenews.com.br\\\/?p=8439\"]}]},{\"@type\":\"BreadcrumbList\",\"@id\":\"https:\\\/\\\/inclusivenews.com.br\\\/?p=8439#breadcrumb\",\"itemListElement\":[{\"@type\":\"ListItem\",\"position\":1,\"name\":\"In\u00edcio\",\"item\":\"https:\\\/\\\/inclusivenews.com.br\\\/\"},{\"@type\":\"ListItem\",\"position\":2,\"name\":\"Impetrado Mandado de Seguran\u00e7a contra o Ministro das Comunica\u00e7\u00f5es\"}]},{\"@type\":\"WebSite\",\"@id\":\"https:\\\/\\\/inclusivenews.com.br\\\/#website\",\"url\":\"https:\\\/\\\/inclusivenews.com.br\\\/\",\"name\":\"Inclusive News\",\"description\":\"Inclusive News\",\"publisher\":{\"@id\":\"https:\\\/\\\/inclusivenews.com.br\\\/#organization\"},\"potentialAction\":[{\"@type\":\"SearchAction\",\"target\":{\"@type\":\"EntryPoint\",\"urlTemplate\":\"https:\\\/\\\/inclusivenews.com.br\\\/?s={search_term_string}\"},\"query-input\":{\"@type\":\"PropertyValueSpecification\",\"valueRequired\":true,\"valueName\":\"search_term_string\"}}],\"inLanguage\":\"pt-PT\"},{\"@type\":\"Organization\",\"@id\":\"https:\\\/\\\/inclusivenews.com.br\\\/#organization\",\"name\":\"Inclusive - inclus\u00e3o e cidadania\",\"url\":\"https:\\\/\\\/inclusivenews.com.br\\\/\",\"logo\":{\"@type\":\"ImageObject\",\"inLanguage\":\"pt-PT\",\"@id\":\"https:\\\/\\\/inclusivenews.com.br\\\/#\\\/schema\\\/logo\\\/image\\\/\",\"url\":\"https:\\\/\\\/inclusivenews.com.br\\\/wp-content\\\/uploads\\\/2024\\\/03\\\/@grandesite.png\",\"contentUrl\":\"https:\\\/\\\/inclusivenews.com.br\\\/wp-content\\\/uploads\\\/2024\\\/03\\\/@grandesite.png\",\"width\":1080,\"height\":1080,\"caption\":\"Inclusive - inclus\u00e3o e cidadania\"},\"image\":{\"@id\":\"https:\\\/\\\/inclusivenews.com.br\\\/#\\\/schema\\\/logo\\\/image\\\/\"},\"sameAs\":[\"https:\\\/\\\/www.facebook.com\\\/agenciainclusive\\\/\",\"https:\\\/\\\/www.instagram.com\\\/newsinclusive\\\/\"]},{\"@type\":\"Person\",\"@id\":\"https:\\\/\\\/inclusivenews.com.br\\\/#\\\/schema\\\/person\\\/0dab492019871b94abb65fa8ee7c8c44\",\"name\":\"Inclusive\",\"image\":{\"@type\":\"ImageObject\",\"inLanguage\":\"pt-PT\",\"@id\":\"https:\\\/\\\/secure.gravatar.com\\\/avatar\\\/?s=96&d=mm&r=g\",\"url\":\"https:\\\/\\\/secure.gravatar.com\\\/avatar\\\/?s=96&d=mm&r=g\",\"contentUrl\":\"https:\\\/\\\/secure.gravatar.com\\\/avatar\\\/?s=96&d=mm&r=g\",\"caption\":\"Inclusive\"},\"url\":\"https:\\\/\\\/inclusivenews.com.br\\\/?author=2\"}]}<\/script>\n<!-- \/ Yoast SEO plugin. -->","yoast_head_json":{"title":"Impetrado Mandado de Seguran\u00e7a contra o Ministro das Comunica\u00e7\u00f5es -","robots":{"index":"index","follow":"follow","max-snippet":"max-snippet:-1","max-image-preview":"max-image-preview:large","max-video-preview":"max-video-preview:-1"},"canonical":"https:\/\/inclusivenews.com.br\/?p=8439","og_locale":"pt_PT","og_type":"article","og_title":"Impetrado Mandado de Seguran\u00e7a contra o Ministro das Comunica\u00e7\u00f5es -","og_description":"A ORGANIZA\u00c7\u00c3O NACIONAL De CEGOS DO BRASIL, ONCB, junto com o CONSELHO NACIONAL DOS CENTROS DE VIDA INDEPENDENTE \u2013 CVI-BRASIL e a FEDERA\u00c7\u00c3O BRASILEIRA DAS ASSOCIA\u00c7\u00d5ES DE S\u00cdNDROME DE DOWN &#8211; FBASD, impetraram nesta sexta-feira, 19 de junho, Mandado de Seguran\u00e7a contra o Ministro das Comunica\u00e7\u00f5es, H\u00e9lio Costa, requerendo a suspens\u00e3o da terceira consulta p\u00fablica [&hellip;]","og_url":"https:\/\/inclusivenews.com.br\/?p=8439","article_publisher":"https:\/\/www.facebook.com\/agenciainclusive\/","article_published_time":"2009-06-19T18:37:26+00:00","author":"Inclusive","twitter_card":"summary_large_image","twitter_misc":{"Escrito por":"Inclusive","Tempo estimado de leitura":"2 minutos"},"schema":{"@context":"https:\/\/schema.org","@graph":[{"@type":"Article","@id":"https:\/\/inclusivenews.com.br\/?p=8439#article","isPartOf":{"@id":"https:\/\/inclusivenews.com.br\/?p=8439"},"author":{"name":"Inclusive","@id":"https:\/\/inclusivenews.com.br\/#\/schema\/person\/0dab492019871b94abb65fa8ee7c8c44"},"headline":"Impetrado Mandado de Seguran\u00e7a contra o Ministro das Comunica\u00e7\u00f5es","datePublished":"2009-06-19T18:37:26+00:00","mainEntityOfPage":{"@id":"https:\/\/inclusivenews.com.br\/?p=8439"},"wordCount":448,"commentCount":1,"publisher":{"@id":"https:\/\/inclusivenews.com.br\/#organization"},"articleSection":["Den\u00fancias"],"inLanguage":"pt-PT","potentialAction":[{"@type":"CommentAction","name":"Comment","target":["https:\/\/inclusivenews.com.br\/?p=8439#respond"]}]},{"@type":"WebPage","@id":"https:\/\/inclusivenews.com.br\/?p=8439","url":"https:\/\/inclusivenews.com.br\/?p=8439","name":"Impetrado Mandado de Seguran\u00e7a contra o Ministro das Comunica\u00e7\u00f5es -","isPartOf":{"@id":"https:\/\/inclusivenews.com.br\/#website"},"datePublished":"2009-06-19T18:37:26+00:00","breadcrumb":{"@id":"https:\/\/inclusivenews.com.br\/?p=8439#breadcrumb"},"inLanguage":"pt-PT","potentialAction":[{"@type":"ReadAction","target":["https:\/\/inclusivenews.com.br\/?p=8439"]}]},{"@type":"BreadcrumbList","@id":"https:\/\/inclusivenews.com.br\/?p=8439#breadcrumb","itemListElement":[{"@type":"ListItem","position":1,"name":"In\u00edcio","item":"https:\/\/inclusivenews.com.br\/"},{"@type":"ListItem","position":2,"name":"Impetrado Mandado de Seguran\u00e7a contra o Ministro das Comunica\u00e7\u00f5es"}]},{"@type":"WebSite","@id":"https:\/\/inclusivenews.com.br\/#website","url":"https:\/\/inclusivenews.com.br\/","name":"Inclusive News","description":"Inclusive News","publisher":{"@id":"https:\/\/inclusivenews.com.br\/#organization"},"potentialAction":[{"@type":"SearchAction","target":{"@type":"EntryPoint","urlTemplate":"https:\/\/inclusivenews.com.br\/?s={search_term_string}"},"query-input":{"@type":"PropertyValueSpecification","valueRequired":true,"valueName":"search_term_string"}}],"inLanguage":"pt-PT"},{"@type":"Organization","@id":"https:\/\/inclusivenews.com.br\/#organization","name":"Inclusive - inclus\u00e3o e cidadania","url":"https:\/\/inclusivenews.com.br\/","logo":{"@type":"ImageObject","inLanguage":"pt-PT","@id":"https:\/\/inclusivenews.com.br\/#\/schema\/logo\/image\/","url":"https:\/\/inclusivenews.com.br\/wp-content\/uploads\/2024\/03\/@grandesite.png","contentUrl":"https:\/\/inclusivenews.com.br\/wp-content\/uploads\/2024\/03\/@grandesite.png","width":1080,"height":1080,"caption":"Inclusive - inclus\u00e3o e cidadania"},"image":{"@id":"https:\/\/inclusivenews.com.br\/#\/schema\/logo\/image\/"},"sameAs":["https:\/\/www.facebook.com\/agenciainclusive\/","https:\/\/www.instagram.com\/newsinclusive\/"]},{"@type":"Person","@id":"https:\/\/inclusivenews.com.br\/#\/schema\/person\/0dab492019871b94abb65fa8ee7c8c44","name":"Inclusive","image":{"@type":"ImageObject","inLanguage":"pt-PT","@id":"https:\/\/secure.gravatar.com\/avatar\/?s=96&d=mm&r=g","url":"https:\/\/secure.gravatar.com\/avatar\/?s=96&d=mm&r=g","contentUrl":"https:\/\/secure.gravatar.com\/avatar\/?s=96&d=mm&r=g","caption":"Inclusive"},"url":"https:\/\/inclusivenews.com.br\/?author=2"}]}},"_links":{"self":[{"href":"https:\/\/inclusivenews.com.br\/index.php?rest_route=\/wp\/v2\/posts\/8439","targetHints":{"allow":["GET"]}}],"collection":[{"href":"https:\/\/inclusivenews.com.br\/index.php?rest_route=\/wp\/v2\/posts"}],"about":[{"href":"https:\/\/inclusivenews.com.br\/index.php?rest_route=\/wp\/v2\/types\/post"}],"author":[{"embeddable":true,"href":"https:\/\/inclusivenews.com.br\/index.php?rest_route=\/wp\/v2\/users\/2"}],"replies":[{"embeddable":true,"href":"https:\/\/inclusivenews.com.br\/index.php?rest_route=%2Fwp%2Fv2%2Fcomments&post=8439"}],"version-history":[{"count":0,"href":"https:\/\/inclusivenews.com.br\/index.php?rest_route=\/wp\/v2\/posts\/8439\/revisions"}],"wp:attachment":[{"href":"https:\/\/inclusivenews.com.br\/index.php?rest_route=%2Fwp%2Fv2%2Fmedia&parent=8439"}],"wp:term":[{"taxonomy":"category","embeddable":true,"href":"https:\/\/inclusivenews.com.br\/index.php?rest_route=%2Fwp%2Fv2%2Fcategories&post=8439"},{"taxonomy":"post_tag","embeddable":true,"href":"https:\/\/inclusivenews.com.br\/index.php?rest_route=%2Fwp%2Fv2%2Ftags&post=8439"}],"curies":[{"name":"wp","href":"https:\/\/api.w.org\/{rel}","templated":true}]}}