{"id":8463,"date":"2009-06-22T10:59:13","date_gmt":"2009-06-22T10:59:13","guid":{"rendered":"http:\/\/agenciainclusive.wordpress.com\/?p=8463"},"modified":"2009-06-22T10:59:13","modified_gmt":"2009-06-22T10:59:13","slug":"sem-volta-ao-cuidado-institucional-para-as-pessoas-com-deficiencia-grave","status":"publish","type":"post","link":"https:\/\/inclusivenews.com.br\/?p=8463","title":{"rendered":"&#034;Sem volta&#034; ao cuidado institucional para as pessoas com defici\u00eancia grave"},"content":{"rendered":"<p>BORBASI, S. et al. &#8216;No going back&#8217; to institutional care for people with severe disability: reflections on practice through an interpretive study. Disability &amp; Rehabilitation. 2008, Vol. 30 Issue 11, p.837<\/p>\n<p><a href=\"http:\/\/search.ebscohost.com\/login.aspx?direct=true&amp;db=s3h&amp;AN=31899049&amp;site=ehost-live\" target=\"_blank\" rel=\"noopener\">Link para download.<\/a><\/p>\n<p><strong>RESUMO\/ABSTRACT<\/strong><\/p>\n<p>Este artigo avaliou a qualidade de vida de pessoas com defici\u00eancia e altas necessidades de sa\u00fade e suporte ap\u00f3s uma mudan\u00e7a de uma institui\u00e7\u00e3o assistencial de cuidados, para Community Housing [uma pol\u00edtica social participativa implementada na Austr\u00e1lia, que subsidia o aluguel a baixo custo para popula\u00e7\u00f5es de baixa renda cf. <a href=\"http:\/\/www.nchf.org.au\/housing.html\">http:\/\/www.nchf.org.au\/housing.html<\/a>, N.T]. O estudo explorou a percep\u00e7\u00e3o dos residentes usu\u00e1rios do servi\u00e7o, o n\u00edvel de envolvimento da comunidade, a escolha de estilos de vida, e os pressupostos das decis\u00f5es tomadas. M\u00e9todo. Um estudo interpretativo explorat\u00f3rio foi conduzido usando entrevistas semi-estruturadas com nove residentes usu\u00e1rios do servi\u00e7o, dez membros da equipe de funcion\u00e1rios e cinco familiares. Resultados. Os participantes foram claros, eles definitivamente n\u00e3o voltariam \u00e0 institui\u00e7\u00e3o, mas a experi\u00eancia de reloca\u00e7\u00e3o n\u00e3o ocorreu sem dificuldades. Estas quest\u00f5es se relacionam ao &#8220;lugar&#8221;, \u00e0 &#8220;equipe de funcion\u00e1rios&#8221; e &#8220;habilidades&#8221;. Conclus\u00f5es. A equipe de funcion\u00e1rios detem um poder consider\u00e1vel para incrementar ou diminuir a qualidade de vida dos usu\u00e1rios residentes. Um programa focalizado dirigido especificamente a quest\u00f5es de &#8220;lugar&#8221;, &#8220;equipe de funcion\u00e1rios&#8221; e &#8220;habilidades&#8221; poderiam fortalecer a qualidade de vida para estes residentes bastante dependentes.<\/p>\n","protected":false},"excerpt":{"rendered":"<p>BORBASI, S. et al. &#8216;No going back&#8217; to institutional care for people with severe disability: reflections on practice through an interpretive study. Disability &amp; Rehabilitation. 2008, Vol. 30 Issue 11, p.837 Link para download. RESUMO\/ABSTRACT Este artigo avaliou a qualidade de vida de pessoas com defici\u00eancia e altas necessidades de sa\u00fade e suporte ap\u00f3s uma [&hellip;]<\/p>\n","protected":false},"author":2,"featured_media":0,"comment_status":"open","ping_status":"open","sticky":false,"template":"","format":"standard","meta":{"site-container-style":"default","site-container-layout":"default","site-sidebar-layout":"default","disable-article-header":"default","disable-site-header":"default","disable-site-footer":"default","disable-content-area-spacing":"default","footnotes":""},"categories":[4,24],"tags":[],"class_list":["post-8463","post","type-post","status-publish","format-standard","hentry","category-noticias","category-producao-academica"],"yoast_head":"<!-- This site is optimized with the Yoast SEO plugin v27.4 - https:\/\/yoast.com\/product\/yoast-seo-wordpress\/ -->\n<title>&#034;Sem volta&#034; ao cuidado institucional para as pessoas com defici\u00eancia grave -<\/title>\n<meta name=\"robots\" content=\"index, follow, max-snippet:-1, max-image-preview:large, max-video-preview:-1\" \/>\n<link rel=\"canonical\" href=\"https:\/\/inclusivenews.com.br\/?p=8463\" \/>\n<meta property=\"og:locale\" content=\"pt_PT\" \/>\n<meta property=\"og:type\" content=\"article\" \/>\n<meta property=\"og:title\" content=\"&#034;Sem volta&#034; ao cuidado institucional para as pessoas com defici\u00eancia grave -\" \/>\n<meta property=\"og:description\" content=\"BORBASI, S. et al. &#8216;No going back&#8217; to institutional care for people with severe disability: reflections on practice through an interpretive study. Disability &amp; Rehabilitation. 2008, Vol. 30 Issue 11, p.837 Link para download. RESUMO\/ABSTRACT Este artigo avaliou a qualidade de vida de pessoas com defici\u00eancia e altas necessidades de sa\u00fade e suporte ap\u00f3s uma [&hellip;]\" \/>\n<meta property=\"og:url\" content=\"https:\/\/inclusivenews.com.br\/?p=8463\" \/>\n<meta property=\"article:publisher\" content=\"https:\/\/www.facebook.com\/agenciainclusive\/\" \/>\n<meta property=\"article:published_time\" content=\"2009-06-22T10:59:13+00:00\" \/>\n<meta name=\"author\" content=\"Inclusive\" \/>\n<meta name=\"twitter:card\" content=\"summary_large_image\" \/>\n<meta name=\"twitter:label1\" content=\"Escrito por\" \/>\n\t<meta name=\"twitter:data1\" content=\"Inclusive\" \/>\n\t<meta name=\"twitter:label2\" content=\"Tempo estimado de leitura\" \/>\n\t<meta name=\"twitter:data2\" content=\"1 minuto\" \/>\n<script type=\"application\/ld+json\" class=\"yoast-schema-graph\">{\"@context\":\"https:\\\/\\\/schema.org\",\"@graph\":[{\"@type\":\"Article\",\"@id\":\"https:\\\/\\\/inclusivenews.com.br\\\/?p=8463#article\",\"isPartOf\":{\"@id\":\"https:\\\/\\\/inclusivenews.com.br\\\/?p=8463\"},\"author\":{\"name\":\"Inclusive\",\"@id\":\"https:\\\/\\\/inclusivenews.com.br\\\/#\\\/schema\\\/person\\\/0dab492019871b94abb65fa8ee7c8c44\"},\"headline\":\"&#034;Sem volta&#034; ao cuidado institucional para as pessoas com defici\u00eancia grave\",\"datePublished\":\"2009-06-22T10:59:13+00:00\",\"mainEntityOfPage\":{\"@id\":\"https:\\\/\\\/inclusivenews.com.br\\\/?p=8463\"},\"wordCount\":263,\"commentCount\":0,\"publisher\":{\"@id\":\"https:\\\/\\\/inclusivenews.com.br\\\/#organization\"},\"articleSection\":[\"NOT\u00cdCIAS\",\"Produ\u00e7\u00e3o acad\u00eamica\"],\"inLanguage\":\"pt-PT\",\"potentialAction\":[{\"@type\":\"CommentAction\",\"name\":\"Comment\",\"target\":[\"https:\\\/\\\/inclusivenews.com.br\\\/?p=8463#respond\"]}]},{\"@type\":\"WebPage\",\"@id\":\"https:\\\/\\\/inclusivenews.com.br\\\/?p=8463\",\"url\":\"https:\\\/\\\/inclusivenews.com.br\\\/?p=8463\",\"name\":\"&#034;Sem volta&#034; ao cuidado institucional para as pessoas com defici\u00eancia grave -\",\"isPartOf\":{\"@id\":\"https:\\\/\\\/inclusivenews.com.br\\\/#website\"},\"datePublished\":\"2009-06-22T10:59:13+00:00\",\"breadcrumb\":{\"@id\":\"https:\\\/\\\/inclusivenews.com.br\\\/?p=8463#breadcrumb\"},\"inLanguage\":\"pt-PT\",\"potentialAction\":[{\"@type\":\"ReadAction\",\"target\":[\"https:\\\/\\\/inclusivenews.com.br\\\/?p=8463\"]}]},{\"@type\":\"BreadcrumbList\",\"@id\":\"https:\\\/\\\/inclusivenews.com.br\\\/?p=8463#breadcrumb\",\"itemListElement\":[{\"@type\":\"ListItem\",\"position\":1,\"name\":\"In\u00edcio\",\"item\":\"https:\\\/\\\/inclusivenews.com.br\\\/\"},{\"@type\":\"ListItem\",\"position\":2,\"name\":\"&#034;Sem volta&#034; ao cuidado institucional para as pessoas com defici\u00eancia grave\"}]},{\"@type\":\"WebSite\",\"@id\":\"https:\\\/\\\/inclusivenews.com.br\\\/#website\",\"url\":\"https:\\\/\\\/inclusivenews.com.br\\\/\",\"name\":\"Inclusive News\",\"description\":\"Inclusive News\",\"publisher\":{\"@id\":\"https:\\\/\\\/inclusivenews.com.br\\\/#organization\"},\"potentialAction\":[{\"@type\":\"SearchAction\",\"target\":{\"@type\":\"EntryPoint\",\"urlTemplate\":\"https:\\\/\\\/inclusivenews.com.br\\\/?s={search_term_string}\"},\"query-input\":{\"@type\":\"PropertyValueSpecification\",\"valueRequired\":true,\"valueName\":\"search_term_string\"}}],\"inLanguage\":\"pt-PT\"},{\"@type\":\"Organization\",\"@id\":\"https:\\\/\\\/inclusivenews.com.br\\\/#organization\",\"name\":\"Inclusive - inclus\u00e3o e cidadania\",\"url\":\"https:\\\/\\\/inclusivenews.com.br\\\/\",\"logo\":{\"@type\":\"ImageObject\",\"inLanguage\":\"pt-PT\",\"@id\":\"https:\\\/\\\/inclusivenews.com.br\\\/#\\\/schema\\\/logo\\\/image\\\/\",\"url\":\"https:\\\/\\\/inclusivenews.com.br\\\/wp-content\\\/uploads\\\/2024\\\/03\\\/@grandesite.png\",\"contentUrl\":\"https:\\\/\\\/inclusivenews.com.br\\\/wp-content\\\/uploads\\\/2024\\\/03\\\/@grandesite.png\",\"width\":1080,\"height\":1080,\"caption\":\"Inclusive - inclus\u00e3o e cidadania\"},\"image\":{\"@id\":\"https:\\\/\\\/inclusivenews.com.br\\\/#\\\/schema\\\/logo\\\/image\\\/\"},\"sameAs\":[\"https:\\\/\\\/www.facebook.com\\\/agenciainclusive\\\/\",\"https:\\\/\\\/www.instagram.com\\\/newsinclusive\\\/\"]},{\"@type\":\"Person\",\"@id\":\"https:\\\/\\\/inclusivenews.com.br\\\/#\\\/schema\\\/person\\\/0dab492019871b94abb65fa8ee7c8c44\",\"name\":\"Inclusive\",\"image\":{\"@type\":\"ImageObject\",\"inLanguage\":\"pt-PT\",\"@id\":\"https:\\\/\\\/secure.gravatar.com\\\/avatar\\\/?s=96&d=mm&r=g\",\"url\":\"https:\\\/\\\/secure.gravatar.com\\\/avatar\\\/?s=96&d=mm&r=g\",\"contentUrl\":\"https:\\\/\\\/secure.gravatar.com\\\/avatar\\\/?s=96&d=mm&r=g\",\"caption\":\"Inclusive\"},\"url\":\"https:\\\/\\\/inclusivenews.com.br\\\/?author=2\"}]}<\/script>\n<!-- \/ Yoast SEO plugin. -->","yoast_head_json":{"title":"&#034;Sem volta&#034; ao cuidado institucional para as pessoas com defici\u00eancia grave -","robots":{"index":"index","follow":"follow","max-snippet":"max-snippet:-1","max-image-preview":"max-image-preview:large","max-video-preview":"max-video-preview:-1"},"canonical":"https:\/\/inclusivenews.com.br\/?p=8463","og_locale":"pt_PT","og_type":"article","og_title":"&#034;Sem volta&#034; ao cuidado institucional para as pessoas com defici\u00eancia grave -","og_description":"BORBASI, S. et al. &#8216;No going back&#8217; to institutional care for people with severe disability: reflections on practice through an interpretive study. Disability &amp; Rehabilitation. 2008, Vol. 30 Issue 11, p.837 Link para download. RESUMO\/ABSTRACT Este artigo avaliou a qualidade de vida de pessoas com defici\u00eancia e altas necessidades de sa\u00fade e suporte ap\u00f3s uma [&hellip;]","og_url":"https:\/\/inclusivenews.com.br\/?p=8463","article_publisher":"https:\/\/www.facebook.com\/agenciainclusive\/","article_published_time":"2009-06-22T10:59:13+00:00","author":"Inclusive","twitter_card":"summary_large_image","twitter_misc":{"Escrito por":"Inclusive","Tempo estimado de leitura":"1 minuto"},"schema":{"@context":"https:\/\/schema.org","@graph":[{"@type":"Article","@id":"https:\/\/inclusivenews.com.br\/?p=8463#article","isPartOf":{"@id":"https:\/\/inclusivenews.com.br\/?p=8463"},"author":{"name":"Inclusive","@id":"https:\/\/inclusivenews.com.br\/#\/schema\/person\/0dab492019871b94abb65fa8ee7c8c44"},"headline":"&#034;Sem volta&#034; ao cuidado institucional para as pessoas com defici\u00eancia grave","datePublished":"2009-06-22T10:59:13+00:00","mainEntityOfPage":{"@id":"https:\/\/inclusivenews.com.br\/?p=8463"},"wordCount":263,"commentCount":0,"publisher":{"@id":"https:\/\/inclusivenews.com.br\/#organization"},"articleSection":["NOT\u00cdCIAS","Produ\u00e7\u00e3o acad\u00eamica"],"inLanguage":"pt-PT","potentialAction":[{"@type":"CommentAction","name":"Comment","target":["https:\/\/inclusivenews.com.br\/?p=8463#respond"]}]},{"@type":"WebPage","@id":"https:\/\/inclusivenews.com.br\/?p=8463","url":"https:\/\/inclusivenews.com.br\/?p=8463","name":"&#034;Sem volta&#034; ao cuidado institucional para as pessoas com defici\u00eancia grave -","isPartOf":{"@id":"https:\/\/inclusivenews.com.br\/#website"},"datePublished":"2009-06-22T10:59:13+00:00","breadcrumb":{"@id":"https:\/\/inclusivenews.com.br\/?p=8463#breadcrumb"},"inLanguage":"pt-PT","potentialAction":[{"@type":"ReadAction","target":["https:\/\/inclusivenews.com.br\/?p=8463"]}]},{"@type":"BreadcrumbList","@id":"https:\/\/inclusivenews.com.br\/?p=8463#breadcrumb","itemListElement":[{"@type":"ListItem","position":1,"name":"In\u00edcio","item":"https:\/\/inclusivenews.com.br\/"},{"@type":"ListItem","position":2,"name":"&#034;Sem volta&#034; ao cuidado institucional para as pessoas com defici\u00eancia grave"}]},{"@type":"WebSite","@id":"https:\/\/inclusivenews.com.br\/#website","url":"https:\/\/inclusivenews.com.br\/","name":"Inclusive News","description":"Inclusive News","publisher":{"@id":"https:\/\/inclusivenews.com.br\/#organization"},"potentialAction":[{"@type":"SearchAction","target":{"@type":"EntryPoint","urlTemplate":"https:\/\/inclusivenews.com.br\/?s={search_term_string}"},"query-input":{"@type":"PropertyValueSpecification","valueRequired":true,"valueName":"search_term_string"}}],"inLanguage":"pt-PT"},{"@type":"Organization","@id":"https:\/\/inclusivenews.com.br\/#organization","name":"Inclusive - inclus\u00e3o e cidadania","url":"https:\/\/inclusivenews.com.br\/","logo":{"@type":"ImageObject","inLanguage":"pt-PT","@id":"https:\/\/inclusivenews.com.br\/#\/schema\/logo\/image\/","url":"https:\/\/inclusivenews.com.br\/wp-content\/uploads\/2024\/03\/@grandesite.png","contentUrl":"https:\/\/inclusivenews.com.br\/wp-content\/uploads\/2024\/03\/@grandesite.png","width":1080,"height":1080,"caption":"Inclusive - inclus\u00e3o e cidadania"},"image":{"@id":"https:\/\/inclusivenews.com.br\/#\/schema\/logo\/image\/"},"sameAs":["https:\/\/www.facebook.com\/agenciainclusive\/","https:\/\/www.instagram.com\/newsinclusive\/"]},{"@type":"Person","@id":"https:\/\/inclusivenews.com.br\/#\/schema\/person\/0dab492019871b94abb65fa8ee7c8c44","name":"Inclusive","image":{"@type":"ImageObject","inLanguage":"pt-PT","@id":"https:\/\/secure.gravatar.com\/avatar\/?s=96&d=mm&r=g","url":"https:\/\/secure.gravatar.com\/avatar\/?s=96&d=mm&r=g","contentUrl":"https:\/\/secure.gravatar.com\/avatar\/?s=96&d=mm&r=g","caption":"Inclusive"},"url":"https:\/\/inclusivenews.com.br\/?author=2"}]}},"_links":{"self":[{"href":"https:\/\/inclusivenews.com.br\/index.php?rest_route=\/wp\/v2\/posts\/8463","targetHints":{"allow":["GET"]}}],"collection":[{"href":"https:\/\/inclusivenews.com.br\/index.php?rest_route=\/wp\/v2\/posts"}],"about":[{"href":"https:\/\/inclusivenews.com.br\/index.php?rest_route=\/wp\/v2\/types\/post"}],"author":[{"embeddable":true,"href":"https:\/\/inclusivenews.com.br\/index.php?rest_route=\/wp\/v2\/users\/2"}],"replies":[{"embeddable":true,"href":"https:\/\/inclusivenews.com.br\/index.php?rest_route=%2Fwp%2Fv2%2Fcomments&post=8463"}],"version-history":[{"count":0,"href":"https:\/\/inclusivenews.com.br\/index.php?rest_route=\/wp\/v2\/posts\/8463\/revisions"}],"wp:attachment":[{"href":"https:\/\/inclusivenews.com.br\/index.php?rest_route=%2Fwp%2Fv2%2Fmedia&parent=8463"}],"wp:term":[{"taxonomy":"category","embeddable":true,"href":"https:\/\/inclusivenews.com.br\/index.php?rest_route=%2Fwp%2Fv2%2Fcategories&post=8463"},{"taxonomy":"post_tag","embeddable":true,"href":"https:\/\/inclusivenews.com.br\/index.php?rest_route=%2Fwp%2Fv2%2Ftags&post=8463"}],"curies":[{"name":"wp","href":"https:\/\/api.w.org\/{rel}","templated":true}]}}