{"id":8472,"date":"2009-06-22T11:08:42","date_gmt":"2009-06-22T11:08:42","guid":{"rendered":"http:\/\/agenciainclusive.wordpress.com\/?p=8472"},"modified":"2009-06-22T11:08:42","modified_gmt":"2009-06-22T11:08:42","slug":"xii-congresso-da-aric-association-internationale-pour-la-reserche-interculturelle","status":"publish","type":"post","link":"https:\/\/inclusivenews.com.br\/?p=8472","title":{"rendered":"XII Congresso da ARIC (Association Internationale pour la Reserche Interculturelle)"},"content":{"rendered":"<p>Em 29 de junho come\u00e7a na UFSC o XII Congresso da ARIC (Association Internationale pour la Reserche Interculturelle), encerrando-se em 03 de julho.<\/p>\n<p>H\u00e1 v\u00e1rios papers relacionados \u00e0s pessoas com defici\u00eancia que podem ser baixados nos ANAIS do site do evento:<\/p>\n<p><a href=\"http:\/\/aric.edugraf.ufsc.br\/congrio\/html\/anais\/anais.html\">http:\/\/aric.edugraf.ufsc.br\/congrio\/html\/anais\/anais.html<\/a><\/p>\n<p>Em 30 de junho, das 10 \u00e0s 12 hs estarei no GT 12a (Interculturalidade e Educa\u00e7\u00e3o Inclusiva), apresentando oralmente meu paper &#8220;O Modelo Social da Surdez: dilemas e desafios para a educa\u00e7\u00e3o inclusiva&#8221;, o qual pode ser baixado em duas l\u00ednguas:<\/p>\n<p><a href=\"http:\/\/aric.edugraf.ufsc.br\/congrio\/artigo\/499\/textoCompleto\">http:\/\/aric.edugraf.ufsc.br\/congrio\/artigo\/499\/textoCompleto<\/a> (em portugu\u00eas)<\/p>\n<p><a href=\"http:\/\/aric.edugraf.ufsc.br\/congrio\/artigo\/499\/textosCompletos\/idioma\/52\">http:\/\/aric.edugraf.ufsc.br\/congrio\/artigo\/499\/textosCompletos\/idioma\/52<\/a> (em franc\u00eas)<\/p>\n<p>Lembro-lhes que v\u00e1rios papers na \u00e1rea dos Estudos Surdos ser\u00e3o apresentados neste evento, o que \u00e9 interessante como um contraponto ao meu trabalho, pois ele n\u00e3o segue a &#8220;filosofia&#8221; desta \u00e1rea.\u00a0\u00a0<\/p>\n<p>Sauda\u00e7\u00f5es,<\/p>\n<p>Anahi GM<br \/>\nLaborat\u00f3rio de Antropologia Social &#8211; LAS<br \/>\nN\u00facleo de Estudos de Modos de Subjetiva\u00e7\u00e3o e Movimentos Contempor\u00e2neos &#8211; NUR<br \/>\nANT &#8211; CFH &#8211; UFSC<br \/>\n<a href=\"http:\/\/www.las.ufsc.br\/\">http:\/\/www.las.ufsc.br\/<\/a><br \/>\n<a href=\"mailto:anahi@grad.ufsc.br\">anahi@grad.ufsc.br<\/a><br \/>\n__________________________________________<br \/>\nLaborat\u00f3rio de Experimenta\u00e7\u00e3o Remota &#8211; RExLab<br \/>\nGrupo de Acessibilidade e Tecnologias &#8211; A&amp;T<br \/>\nEGC &#8211; CTC &#8211; UFSC<br \/>\n<a href=\"http:\/\/www.rexlab.ufsc.br\/\">http:\/\/www.rexlab.ufsc.br<\/a><br \/>\n__________________________________________<br \/>\nDeaf Awareness Video<br \/>\n&#8220;(&#8230;) Imagine um mundo de sil\u00eancio.\u00a0<br \/>\nImagine lutar contra falsos estere\u00f3tipos todos os dias (&#8230;).&#8221;<br \/>\n<a href=\"http:\/\/www.youtube.com\/watch?v=a8CCZJ_dwdI\">http:\/\/www.youtube.com\/watch?v=a8CCZJ_dwdI<\/a><br \/>\n__________________________________________<br \/>\nDisability means possibility<br \/>\n&#8220;See the person, not the disability.&#8221;<br \/>\n&#8220;Veja a pessoa, n\u00e3o a defici\u00eancia.&#8221;<br \/>\n<a href=\"http:\/\/www.youtube.com\/watch?v=uhKMouRaWcY\">http:\/\/www.youtube.com\/watch?v=uhKMouRaWcY<\/a><br \/>\n__________________________________________<\/p>\n","protected":false},"excerpt":{"rendered":"<p>Em 29 de junho come\u00e7a na UFSC o XII Congresso da ARIC (Association Internationale pour la Reserche Interculturelle), encerrando-se em 03 de julho. H\u00e1 v\u00e1rios papers relacionados \u00e0s pessoas com defici\u00eancia que podem ser baixados nos ANAIS do site do evento: http:\/\/aric.edugraf.ufsc.br\/congrio\/html\/anais\/anais.html Em 30 de junho, das 10 \u00e0s 12 hs estarei no GT 12a [&hellip;]<\/p>\n","protected":false},"author":2,"featured_media":0,"comment_status":"open","ping_status":"open","sticky":false,"template":"","format":"standard","meta":{"site-container-style":"default","site-container-layout":"default","site-sidebar-layout":"default","disable-article-header":"default","disable-site-header":"default","disable-site-footer":"default","disable-content-area-spacing":"default","footnotes":""},"categories":[12,24],"tags":[],"class_list":["post-8472","post","type-post","status-publish","format-standard","hentry","category-cursos-e-eventos","category-producao-academica"],"yoast_head":"<!-- This site is optimized with the Yoast SEO plugin v27.4 - https:\/\/yoast.com\/product\/yoast-seo-wordpress\/ -->\n<title>XII Congresso da ARIC (Association Internationale pour la Reserche Interculturelle) -<\/title>\n<meta name=\"robots\" content=\"index, follow, max-snippet:-1, max-image-preview:large, max-video-preview:-1\" \/>\n<link rel=\"canonical\" href=\"https:\/\/inclusivenews.com.br\/?p=8472\" \/>\n<meta property=\"og:locale\" content=\"pt_PT\" \/>\n<meta property=\"og:type\" content=\"article\" \/>\n<meta property=\"og:title\" content=\"XII Congresso da ARIC (Association Internationale pour la Reserche Interculturelle) -\" \/>\n<meta property=\"og:description\" content=\"Em 29 de junho come\u00e7a na UFSC o XII Congresso da ARIC (Association Internationale pour la Reserche Interculturelle), encerrando-se em 03 de julho. H\u00e1 v\u00e1rios papers relacionados \u00e0s pessoas com defici\u00eancia que podem ser baixados nos ANAIS do site do evento: http:\/\/aric.edugraf.ufsc.br\/congrio\/html\/anais\/anais.html Em 30 de junho, das 10 \u00e0s 12 hs estarei no GT 12a [&hellip;]\" \/>\n<meta property=\"og:url\" content=\"https:\/\/inclusivenews.com.br\/?p=8472\" \/>\n<meta property=\"article:publisher\" content=\"https:\/\/www.facebook.com\/agenciainclusive\/\" \/>\n<meta property=\"article:published_time\" content=\"2009-06-22T11:08:42+00:00\" \/>\n<meta name=\"author\" content=\"Inclusive\" \/>\n<meta name=\"twitter:card\" content=\"summary_large_image\" \/>\n<meta name=\"twitter:label1\" content=\"Escrito por\" \/>\n\t<meta name=\"twitter:data1\" content=\"Inclusive\" \/>\n\t<meta name=\"twitter:label2\" content=\"Tempo estimado de leitura\" \/>\n\t<meta name=\"twitter:data2\" content=\"1 minuto\" \/>\n<script type=\"application\/ld+json\" class=\"yoast-schema-graph\">{\"@context\":\"https:\\\/\\\/schema.org\",\"@graph\":[{\"@type\":\"Article\",\"@id\":\"https:\\\/\\\/inclusivenews.com.br\\\/?p=8472#article\",\"isPartOf\":{\"@id\":\"https:\\\/\\\/inclusivenews.com.br\\\/?p=8472\"},\"author\":{\"name\":\"Inclusive\",\"@id\":\"https:\\\/\\\/inclusivenews.com.br\\\/#\\\/schema\\\/person\\\/0dab492019871b94abb65fa8ee7c8c44\"},\"headline\":\"XII Congresso da ARIC (Association Internationale pour la Reserche Interculturelle)\",\"datePublished\":\"2009-06-22T11:08:42+00:00\",\"mainEntityOfPage\":{\"@id\":\"https:\\\/\\\/inclusivenews.com.br\\\/?p=8472\"},\"wordCount\":277,\"commentCount\":0,\"publisher\":{\"@id\":\"https:\\\/\\\/inclusivenews.com.br\\\/#organization\"},\"articleSection\":[\"Cursos e eventos\",\"Produ\u00e7\u00e3o acad\u00eamica\"],\"inLanguage\":\"pt-PT\",\"potentialAction\":[{\"@type\":\"CommentAction\",\"name\":\"Comment\",\"target\":[\"https:\\\/\\\/inclusivenews.com.br\\\/?p=8472#respond\"]}]},{\"@type\":\"WebPage\",\"@id\":\"https:\\\/\\\/inclusivenews.com.br\\\/?p=8472\",\"url\":\"https:\\\/\\\/inclusivenews.com.br\\\/?p=8472\",\"name\":\"XII Congresso da ARIC (Association Internationale pour la Reserche Interculturelle) -\",\"isPartOf\":{\"@id\":\"https:\\\/\\\/inclusivenews.com.br\\\/#website\"},\"datePublished\":\"2009-06-22T11:08:42+00:00\",\"breadcrumb\":{\"@id\":\"https:\\\/\\\/inclusivenews.com.br\\\/?p=8472#breadcrumb\"},\"inLanguage\":\"pt-PT\",\"potentialAction\":[{\"@type\":\"ReadAction\",\"target\":[\"https:\\\/\\\/inclusivenews.com.br\\\/?p=8472\"]}]},{\"@type\":\"BreadcrumbList\",\"@id\":\"https:\\\/\\\/inclusivenews.com.br\\\/?p=8472#breadcrumb\",\"itemListElement\":[{\"@type\":\"ListItem\",\"position\":1,\"name\":\"In\u00edcio\",\"item\":\"https:\\\/\\\/inclusivenews.com.br\\\/\"},{\"@type\":\"ListItem\",\"position\":2,\"name\":\"XII Congresso da ARIC (Association Internationale pour la Reserche Interculturelle)\"}]},{\"@type\":\"WebSite\",\"@id\":\"https:\\\/\\\/inclusivenews.com.br\\\/#website\",\"url\":\"https:\\\/\\\/inclusivenews.com.br\\\/\",\"name\":\"Inclusive News\",\"description\":\"Inclusive News\",\"publisher\":{\"@id\":\"https:\\\/\\\/inclusivenews.com.br\\\/#organization\"},\"potentialAction\":[{\"@type\":\"SearchAction\",\"target\":{\"@type\":\"EntryPoint\",\"urlTemplate\":\"https:\\\/\\\/inclusivenews.com.br\\\/?s={search_term_string}\"},\"query-input\":{\"@type\":\"PropertyValueSpecification\",\"valueRequired\":true,\"valueName\":\"search_term_string\"}}],\"inLanguage\":\"pt-PT\"},{\"@type\":\"Organization\",\"@id\":\"https:\\\/\\\/inclusivenews.com.br\\\/#organization\",\"name\":\"Inclusive - inclus\u00e3o e cidadania\",\"url\":\"https:\\\/\\\/inclusivenews.com.br\\\/\",\"logo\":{\"@type\":\"ImageObject\",\"inLanguage\":\"pt-PT\",\"@id\":\"https:\\\/\\\/inclusivenews.com.br\\\/#\\\/schema\\\/logo\\\/image\\\/\",\"url\":\"https:\\\/\\\/inclusivenews.com.br\\\/wp-content\\\/uploads\\\/2024\\\/03\\\/@grandesite.png\",\"contentUrl\":\"https:\\\/\\\/inclusivenews.com.br\\\/wp-content\\\/uploads\\\/2024\\\/03\\\/@grandesite.png\",\"width\":1080,\"height\":1080,\"caption\":\"Inclusive - inclus\u00e3o e cidadania\"},\"image\":{\"@id\":\"https:\\\/\\\/inclusivenews.com.br\\\/#\\\/schema\\\/logo\\\/image\\\/\"},\"sameAs\":[\"https:\\\/\\\/www.facebook.com\\\/agenciainclusive\\\/\",\"https:\\\/\\\/www.instagram.com\\\/newsinclusive\\\/\"]},{\"@type\":\"Person\",\"@id\":\"https:\\\/\\\/inclusivenews.com.br\\\/#\\\/schema\\\/person\\\/0dab492019871b94abb65fa8ee7c8c44\",\"name\":\"Inclusive\",\"image\":{\"@type\":\"ImageObject\",\"inLanguage\":\"pt-PT\",\"@id\":\"https:\\\/\\\/secure.gravatar.com\\\/avatar\\\/?s=96&d=mm&r=g\",\"url\":\"https:\\\/\\\/secure.gravatar.com\\\/avatar\\\/?s=96&d=mm&r=g\",\"contentUrl\":\"https:\\\/\\\/secure.gravatar.com\\\/avatar\\\/?s=96&d=mm&r=g\",\"caption\":\"Inclusive\"},\"url\":\"https:\\\/\\\/inclusivenews.com.br\\\/?author=2\"}]}<\/script>\n<!-- \/ Yoast SEO plugin. -->","yoast_head_json":{"title":"XII Congresso da ARIC (Association Internationale pour la Reserche Interculturelle) -","robots":{"index":"index","follow":"follow","max-snippet":"max-snippet:-1","max-image-preview":"max-image-preview:large","max-video-preview":"max-video-preview:-1"},"canonical":"https:\/\/inclusivenews.com.br\/?p=8472","og_locale":"pt_PT","og_type":"article","og_title":"XII Congresso da ARIC (Association Internationale pour la Reserche Interculturelle) -","og_description":"Em 29 de junho come\u00e7a na UFSC o XII Congresso da ARIC (Association Internationale pour la Reserche Interculturelle), encerrando-se em 03 de julho. H\u00e1 v\u00e1rios papers relacionados \u00e0s pessoas com defici\u00eancia que podem ser baixados nos ANAIS do site do evento: http:\/\/aric.edugraf.ufsc.br\/congrio\/html\/anais\/anais.html Em 30 de junho, das 10 \u00e0s 12 hs estarei no GT 12a [&hellip;]","og_url":"https:\/\/inclusivenews.com.br\/?p=8472","article_publisher":"https:\/\/www.facebook.com\/agenciainclusive\/","article_published_time":"2009-06-22T11:08:42+00:00","author":"Inclusive","twitter_card":"summary_large_image","twitter_misc":{"Escrito por":"Inclusive","Tempo estimado de leitura":"1 minuto"},"schema":{"@context":"https:\/\/schema.org","@graph":[{"@type":"Article","@id":"https:\/\/inclusivenews.com.br\/?p=8472#article","isPartOf":{"@id":"https:\/\/inclusivenews.com.br\/?p=8472"},"author":{"name":"Inclusive","@id":"https:\/\/inclusivenews.com.br\/#\/schema\/person\/0dab492019871b94abb65fa8ee7c8c44"},"headline":"XII Congresso da ARIC (Association Internationale pour la Reserche Interculturelle)","datePublished":"2009-06-22T11:08:42+00:00","mainEntityOfPage":{"@id":"https:\/\/inclusivenews.com.br\/?p=8472"},"wordCount":277,"commentCount":0,"publisher":{"@id":"https:\/\/inclusivenews.com.br\/#organization"},"articleSection":["Cursos e eventos","Produ\u00e7\u00e3o acad\u00eamica"],"inLanguage":"pt-PT","potentialAction":[{"@type":"CommentAction","name":"Comment","target":["https:\/\/inclusivenews.com.br\/?p=8472#respond"]}]},{"@type":"WebPage","@id":"https:\/\/inclusivenews.com.br\/?p=8472","url":"https:\/\/inclusivenews.com.br\/?p=8472","name":"XII Congresso da ARIC (Association Internationale pour la Reserche Interculturelle) -","isPartOf":{"@id":"https:\/\/inclusivenews.com.br\/#website"},"datePublished":"2009-06-22T11:08:42+00:00","breadcrumb":{"@id":"https:\/\/inclusivenews.com.br\/?p=8472#breadcrumb"},"inLanguage":"pt-PT","potentialAction":[{"@type":"ReadAction","target":["https:\/\/inclusivenews.com.br\/?p=8472"]}]},{"@type":"BreadcrumbList","@id":"https:\/\/inclusivenews.com.br\/?p=8472#breadcrumb","itemListElement":[{"@type":"ListItem","position":1,"name":"In\u00edcio","item":"https:\/\/inclusivenews.com.br\/"},{"@type":"ListItem","position":2,"name":"XII Congresso da ARIC (Association Internationale pour la Reserche Interculturelle)"}]},{"@type":"WebSite","@id":"https:\/\/inclusivenews.com.br\/#website","url":"https:\/\/inclusivenews.com.br\/","name":"Inclusive News","description":"Inclusive News","publisher":{"@id":"https:\/\/inclusivenews.com.br\/#organization"},"potentialAction":[{"@type":"SearchAction","target":{"@type":"EntryPoint","urlTemplate":"https:\/\/inclusivenews.com.br\/?s={search_term_string}"},"query-input":{"@type":"PropertyValueSpecification","valueRequired":true,"valueName":"search_term_string"}}],"inLanguage":"pt-PT"},{"@type":"Organization","@id":"https:\/\/inclusivenews.com.br\/#organization","name":"Inclusive - inclus\u00e3o e cidadania","url":"https:\/\/inclusivenews.com.br\/","logo":{"@type":"ImageObject","inLanguage":"pt-PT","@id":"https:\/\/inclusivenews.com.br\/#\/schema\/logo\/image\/","url":"https:\/\/inclusivenews.com.br\/wp-content\/uploads\/2024\/03\/@grandesite.png","contentUrl":"https:\/\/inclusivenews.com.br\/wp-content\/uploads\/2024\/03\/@grandesite.png","width":1080,"height":1080,"caption":"Inclusive - inclus\u00e3o e cidadania"},"image":{"@id":"https:\/\/inclusivenews.com.br\/#\/schema\/logo\/image\/"},"sameAs":["https:\/\/www.facebook.com\/agenciainclusive\/","https:\/\/www.instagram.com\/newsinclusive\/"]},{"@type":"Person","@id":"https:\/\/inclusivenews.com.br\/#\/schema\/person\/0dab492019871b94abb65fa8ee7c8c44","name":"Inclusive","image":{"@type":"ImageObject","inLanguage":"pt-PT","@id":"https:\/\/secure.gravatar.com\/avatar\/?s=96&d=mm&r=g","url":"https:\/\/secure.gravatar.com\/avatar\/?s=96&d=mm&r=g","contentUrl":"https:\/\/secure.gravatar.com\/avatar\/?s=96&d=mm&r=g","caption":"Inclusive"},"url":"https:\/\/inclusivenews.com.br\/?author=2"}]}},"_links":{"self":[{"href":"https:\/\/inclusivenews.com.br\/index.php?rest_route=\/wp\/v2\/posts\/8472","targetHints":{"allow":["GET"]}}],"collection":[{"href":"https:\/\/inclusivenews.com.br\/index.php?rest_route=\/wp\/v2\/posts"}],"about":[{"href":"https:\/\/inclusivenews.com.br\/index.php?rest_route=\/wp\/v2\/types\/post"}],"author":[{"embeddable":true,"href":"https:\/\/inclusivenews.com.br\/index.php?rest_route=\/wp\/v2\/users\/2"}],"replies":[{"embeddable":true,"href":"https:\/\/inclusivenews.com.br\/index.php?rest_route=%2Fwp%2Fv2%2Fcomments&post=8472"}],"version-history":[{"count":0,"href":"https:\/\/inclusivenews.com.br\/index.php?rest_route=\/wp\/v2\/posts\/8472\/revisions"}],"wp:attachment":[{"href":"https:\/\/inclusivenews.com.br\/index.php?rest_route=%2Fwp%2Fv2%2Fmedia&parent=8472"}],"wp:term":[{"taxonomy":"category","embeddable":true,"href":"https:\/\/inclusivenews.com.br\/index.php?rest_route=%2Fwp%2Fv2%2Fcategories&post=8472"},{"taxonomy":"post_tag","embeddable":true,"href":"https:\/\/inclusivenews.com.br\/index.php?rest_route=%2Fwp%2Fv2%2Ftags&post=8472"}],"curies":[{"name":"wp","href":"https:\/\/api.w.org\/{rel}","templated":true}]}}