{"id":8477,"date":"2009-06-21T17:58:30","date_gmt":"2009-06-21T17:58:30","guid":{"rendered":"http:\/\/agenciainclusive.wordpress.com\/?p=8477"},"modified":"2009-06-21T17:58:30","modified_gmt":"2009-06-21T17:58:30","slug":"como-incluir-o-debate-sobre-o-preconceito-e-o-estigma","status":"publish","type":"post","link":"https:\/\/inclusivenews.com.br\/?p=8477","title":{"rendered":"Como incluir? O debate sobre o preconceito e o estigma"},"content":{"rendered":"<p>Como incluir? O debate sobre o preconceito e o estigma, por Flavia Schilling e Sandra Galdino\u00a0Miyashiro. S\u00e3o Paulo. Educa\u00e7\u00e3o e Pesquisa, S\u00e3o Paulo, v.34, n.2, p. 243-254, maio\/ago. 2008<\/p>\n<p><a href=\"http:\/\/www.scielo.br\/pdf\/ep\/v34n2\/03.pdf\">Link para download.<\/a><\/p>\n<p><strong>RESUMO\/ABSTRACT<\/strong><\/p>\n<p>O objetivo deste artigo \u00e9 provocar um debate que amplie os termos habituais da discuss\u00e3o sobre a Educa\u00e7\u00e3o Inclusiva. Essa discuss\u00e3o tem como um dos seus eixos a quest\u00e3o do preconceito que cerca aquele considerado \u201cdiferente\u201d. Prop\u00f5e-se, no presente\u00a0 rtigo, que, al\u00e9m do preconceito, h\u00e1 de se considerar as formas atuais do estigma. O ponto de partida \u00e9 dado pela an\u00e1lise j\u00e1 cl\u00e1ssica\u00a0 de Goffman, atualizada pelas propostas de Zygmunt Bauman. m grupo \u201cinvis\u00edvel\u201d \u2014 pois cercado pelo segredo \u2014 que freq\u00fcenta as salas escolares, \u00e9 aquele formado por crian\u00e7as e jovens que vivem \u2014 ou viveram \u2014 o encarceramento de um dos progenitores. No Brasil, o \u201cestigma\u201d, associado aos filhos de presidi\u00e1rios, tem origem no s\u00e9culo XIX, por meio da penetra\u00e7\u00e3o de teorias criminais, origin\u00e1rias em grande parte da Europa, das pol\u00edticas eugenista e higienista. O discurso educacional se apropriou dessas concep\u00e7\u00f5es e, ao longo de d\u00e9cadas, despendeu esfor\u00e7os no sentido de tentar recuperar indiv\u00edduos j\u00e1 \u201cviciados geneticamente\u201d ou influenciados pelo meio familiar e social. Esse foi o grupo estudado para compreender como operam com o estigma que os cerca e que se concretiza na maneira como suas imagens s\u00e3o fixadas e amalgamadas \u00e0s figuras criminosas de seus pais. Como resultado, v\u00eam-se vidas marcadas pela ambival\u00eancia: emergem as figuras dos \u201cindefin\u00edveis\u201d, dos \u201cestranhos\u201d. Como lidar com esse grupo em uma proposta inclusiva? Quais s\u00e3o as possibilidades e os limites da a\u00e7\u00e3o educativa em uma sociedade na qual o estigma parece se reatualizar? Essas s\u00e3o algumas reflex\u00f5es que este artigo pretende introduzir.<\/p>\n","protected":false},"excerpt":{"rendered":"<p>Como incluir? O debate sobre o preconceito e o estigma, por Flavia Schilling e Sandra Galdino\u00a0Miyashiro. S\u00e3o Paulo. Educa\u00e7\u00e3o e Pesquisa, S\u00e3o Paulo, v.34, n.2, p. 243-254, maio\/ago. 2008 Link para download. RESUMO\/ABSTRACT O objetivo deste artigo \u00e9 provocar um debate que amplie os termos habituais da discuss\u00e3o sobre a Educa\u00e7\u00e3o Inclusiva. Essa discuss\u00e3o tem [&hellip;]<\/p>\n","protected":false},"author":2,"featured_media":0,"comment_status":"open","ping_status":"open","sticky":false,"template":"","format":"standard","meta":{"site-container-style":"default","site-container-layout":"default","site-sidebar-layout":"default","disable-article-header":"default","disable-site-header":"default","disable-site-footer":"default","disable-content-area-spacing":"default","footnotes":""},"categories":[4,24],"tags":[],"class_list":["post-8477","post","type-post","status-publish","format-standard","hentry","category-noticias","category-producao-academica"],"yoast_head":"<!-- This site is optimized with the Yoast SEO plugin v27.4 - https:\/\/yoast.com\/product\/yoast-seo-wordpress\/ -->\n<title>Como incluir? O debate sobre o preconceito e o estigma -<\/title>\n<meta name=\"robots\" content=\"index, follow, max-snippet:-1, max-image-preview:large, max-video-preview:-1\" \/>\n<link rel=\"canonical\" href=\"https:\/\/inclusivenews.com.br\/?p=8477\" \/>\n<meta property=\"og:locale\" content=\"pt_PT\" \/>\n<meta property=\"og:type\" content=\"article\" \/>\n<meta property=\"og:title\" content=\"Como incluir? O debate sobre o preconceito e o estigma -\" \/>\n<meta property=\"og:description\" content=\"Como incluir? O debate sobre o preconceito e o estigma, por Flavia Schilling e Sandra Galdino\u00a0Miyashiro. S\u00e3o Paulo. Educa\u00e7\u00e3o e Pesquisa, S\u00e3o Paulo, v.34, n.2, p. 243-254, maio\/ago. 2008 Link para download. RESUMO\/ABSTRACT O objetivo deste artigo \u00e9 provocar um debate que amplie os termos habituais da discuss\u00e3o sobre a Educa\u00e7\u00e3o Inclusiva. Essa discuss\u00e3o tem [&hellip;]\" \/>\n<meta property=\"og:url\" content=\"https:\/\/inclusivenews.com.br\/?p=8477\" \/>\n<meta property=\"article:publisher\" content=\"https:\/\/www.facebook.com\/agenciainclusive\/\" \/>\n<meta property=\"article:published_time\" content=\"2009-06-21T17:58:30+00:00\" \/>\n<meta name=\"author\" content=\"Inclusive\" \/>\n<meta name=\"twitter:card\" content=\"summary_large_image\" \/>\n<meta name=\"twitter:label1\" content=\"Escrito por\" \/>\n\t<meta name=\"twitter:data1\" content=\"Inclusive\" \/>\n\t<meta name=\"twitter:label2\" content=\"Tempo estimado de leitura\" \/>\n\t<meta name=\"twitter:data2\" content=\"2 minutos\" \/>\n<script type=\"application\/ld+json\" class=\"yoast-schema-graph\">{\"@context\":\"https:\\\/\\\/schema.org\",\"@graph\":[{\"@type\":\"Article\",\"@id\":\"https:\\\/\\\/inclusivenews.com.br\\\/?p=8477#article\",\"isPartOf\":{\"@id\":\"https:\\\/\\\/inclusivenews.com.br\\\/?p=8477\"},\"author\":{\"name\":\"Inclusive\",\"@id\":\"https:\\\/\\\/inclusivenews.com.br\\\/#\\\/schema\\\/person\\\/0dab492019871b94abb65fa8ee7c8c44\"},\"headline\":\"Como incluir? O debate sobre o preconceito e o estigma\",\"datePublished\":\"2009-06-21T17:58:30+00:00\",\"mainEntityOfPage\":{\"@id\":\"https:\\\/\\\/inclusivenews.com.br\\\/?p=8477\"},\"wordCount\":321,\"commentCount\":1,\"publisher\":{\"@id\":\"https:\\\/\\\/inclusivenews.com.br\\\/#organization\"},\"articleSection\":[\"NOT\u00cdCIAS\",\"Produ\u00e7\u00e3o acad\u00eamica\"],\"inLanguage\":\"pt-PT\",\"potentialAction\":[{\"@type\":\"CommentAction\",\"name\":\"Comment\",\"target\":[\"https:\\\/\\\/inclusivenews.com.br\\\/?p=8477#respond\"]}]},{\"@type\":\"WebPage\",\"@id\":\"https:\\\/\\\/inclusivenews.com.br\\\/?p=8477\",\"url\":\"https:\\\/\\\/inclusivenews.com.br\\\/?p=8477\",\"name\":\"Como incluir? O debate sobre o preconceito e o estigma -\",\"isPartOf\":{\"@id\":\"https:\\\/\\\/inclusivenews.com.br\\\/#website\"},\"datePublished\":\"2009-06-21T17:58:30+00:00\",\"breadcrumb\":{\"@id\":\"https:\\\/\\\/inclusivenews.com.br\\\/?p=8477#breadcrumb\"},\"inLanguage\":\"pt-PT\",\"potentialAction\":[{\"@type\":\"ReadAction\",\"target\":[\"https:\\\/\\\/inclusivenews.com.br\\\/?p=8477\"]}]},{\"@type\":\"BreadcrumbList\",\"@id\":\"https:\\\/\\\/inclusivenews.com.br\\\/?p=8477#breadcrumb\",\"itemListElement\":[{\"@type\":\"ListItem\",\"position\":1,\"name\":\"In\u00edcio\",\"item\":\"https:\\\/\\\/inclusivenews.com.br\\\/\"},{\"@type\":\"ListItem\",\"position\":2,\"name\":\"Como incluir? O debate sobre o preconceito e o estigma\"}]},{\"@type\":\"WebSite\",\"@id\":\"https:\\\/\\\/inclusivenews.com.br\\\/#website\",\"url\":\"https:\\\/\\\/inclusivenews.com.br\\\/\",\"name\":\"Inclusive News\",\"description\":\"Inclusive News\",\"publisher\":{\"@id\":\"https:\\\/\\\/inclusivenews.com.br\\\/#organization\"},\"potentialAction\":[{\"@type\":\"SearchAction\",\"target\":{\"@type\":\"EntryPoint\",\"urlTemplate\":\"https:\\\/\\\/inclusivenews.com.br\\\/?s={search_term_string}\"},\"query-input\":{\"@type\":\"PropertyValueSpecification\",\"valueRequired\":true,\"valueName\":\"search_term_string\"}}],\"inLanguage\":\"pt-PT\"},{\"@type\":\"Organization\",\"@id\":\"https:\\\/\\\/inclusivenews.com.br\\\/#organization\",\"name\":\"Inclusive - inclus\u00e3o e cidadania\",\"url\":\"https:\\\/\\\/inclusivenews.com.br\\\/\",\"logo\":{\"@type\":\"ImageObject\",\"inLanguage\":\"pt-PT\",\"@id\":\"https:\\\/\\\/inclusivenews.com.br\\\/#\\\/schema\\\/logo\\\/image\\\/\",\"url\":\"https:\\\/\\\/inclusivenews.com.br\\\/wp-content\\\/uploads\\\/2024\\\/03\\\/@grandesite.png\",\"contentUrl\":\"https:\\\/\\\/inclusivenews.com.br\\\/wp-content\\\/uploads\\\/2024\\\/03\\\/@grandesite.png\",\"width\":1080,\"height\":1080,\"caption\":\"Inclusive - inclus\u00e3o e cidadania\"},\"image\":{\"@id\":\"https:\\\/\\\/inclusivenews.com.br\\\/#\\\/schema\\\/logo\\\/image\\\/\"},\"sameAs\":[\"https:\\\/\\\/www.facebook.com\\\/agenciainclusive\\\/\",\"https:\\\/\\\/www.instagram.com\\\/newsinclusive\\\/\"]},{\"@type\":\"Person\",\"@id\":\"https:\\\/\\\/inclusivenews.com.br\\\/#\\\/schema\\\/person\\\/0dab492019871b94abb65fa8ee7c8c44\",\"name\":\"Inclusive\",\"image\":{\"@type\":\"ImageObject\",\"inLanguage\":\"pt-PT\",\"@id\":\"https:\\\/\\\/secure.gravatar.com\\\/avatar\\\/?s=96&d=mm&r=g\",\"url\":\"https:\\\/\\\/secure.gravatar.com\\\/avatar\\\/?s=96&d=mm&r=g\",\"contentUrl\":\"https:\\\/\\\/secure.gravatar.com\\\/avatar\\\/?s=96&d=mm&r=g\",\"caption\":\"Inclusive\"},\"url\":\"https:\\\/\\\/inclusivenews.com.br\\\/?author=2\"}]}<\/script>\n<!-- \/ Yoast SEO plugin. -->","yoast_head_json":{"title":"Como incluir? O debate sobre o preconceito e o estigma -","robots":{"index":"index","follow":"follow","max-snippet":"max-snippet:-1","max-image-preview":"max-image-preview:large","max-video-preview":"max-video-preview:-1"},"canonical":"https:\/\/inclusivenews.com.br\/?p=8477","og_locale":"pt_PT","og_type":"article","og_title":"Como incluir? O debate sobre o preconceito e o estigma -","og_description":"Como incluir? O debate sobre o preconceito e o estigma, por Flavia Schilling e Sandra Galdino\u00a0Miyashiro. S\u00e3o Paulo. Educa\u00e7\u00e3o e Pesquisa, S\u00e3o Paulo, v.34, n.2, p. 243-254, maio\/ago. 2008 Link para download. RESUMO\/ABSTRACT O objetivo deste artigo \u00e9 provocar um debate que amplie os termos habituais da discuss\u00e3o sobre a Educa\u00e7\u00e3o Inclusiva. Essa discuss\u00e3o tem [&hellip;]","og_url":"https:\/\/inclusivenews.com.br\/?p=8477","article_publisher":"https:\/\/www.facebook.com\/agenciainclusive\/","article_published_time":"2009-06-21T17:58:30+00:00","author":"Inclusive","twitter_card":"summary_large_image","twitter_misc":{"Escrito por":"Inclusive","Tempo estimado de leitura":"2 minutos"},"schema":{"@context":"https:\/\/schema.org","@graph":[{"@type":"Article","@id":"https:\/\/inclusivenews.com.br\/?p=8477#article","isPartOf":{"@id":"https:\/\/inclusivenews.com.br\/?p=8477"},"author":{"name":"Inclusive","@id":"https:\/\/inclusivenews.com.br\/#\/schema\/person\/0dab492019871b94abb65fa8ee7c8c44"},"headline":"Como incluir? O debate sobre o preconceito e o estigma","datePublished":"2009-06-21T17:58:30+00:00","mainEntityOfPage":{"@id":"https:\/\/inclusivenews.com.br\/?p=8477"},"wordCount":321,"commentCount":1,"publisher":{"@id":"https:\/\/inclusivenews.com.br\/#organization"},"articleSection":["NOT\u00cdCIAS","Produ\u00e7\u00e3o acad\u00eamica"],"inLanguage":"pt-PT","potentialAction":[{"@type":"CommentAction","name":"Comment","target":["https:\/\/inclusivenews.com.br\/?p=8477#respond"]}]},{"@type":"WebPage","@id":"https:\/\/inclusivenews.com.br\/?p=8477","url":"https:\/\/inclusivenews.com.br\/?p=8477","name":"Como incluir? O debate sobre o preconceito e o estigma -","isPartOf":{"@id":"https:\/\/inclusivenews.com.br\/#website"},"datePublished":"2009-06-21T17:58:30+00:00","breadcrumb":{"@id":"https:\/\/inclusivenews.com.br\/?p=8477#breadcrumb"},"inLanguage":"pt-PT","potentialAction":[{"@type":"ReadAction","target":["https:\/\/inclusivenews.com.br\/?p=8477"]}]},{"@type":"BreadcrumbList","@id":"https:\/\/inclusivenews.com.br\/?p=8477#breadcrumb","itemListElement":[{"@type":"ListItem","position":1,"name":"In\u00edcio","item":"https:\/\/inclusivenews.com.br\/"},{"@type":"ListItem","position":2,"name":"Como incluir? O debate sobre o preconceito e o estigma"}]},{"@type":"WebSite","@id":"https:\/\/inclusivenews.com.br\/#website","url":"https:\/\/inclusivenews.com.br\/","name":"Inclusive News","description":"Inclusive News","publisher":{"@id":"https:\/\/inclusivenews.com.br\/#organization"},"potentialAction":[{"@type":"SearchAction","target":{"@type":"EntryPoint","urlTemplate":"https:\/\/inclusivenews.com.br\/?s={search_term_string}"},"query-input":{"@type":"PropertyValueSpecification","valueRequired":true,"valueName":"search_term_string"}}],"inLanguage":"pt-PT"},{"@type":"Organization","@id":"https:\/\/inclusivenews.com.br\/#organization","name":"Inclusive - inclus\u00e3o e cidadania","url":"https:\/\/inclusivenews.com.br\/","logo":{"@type":"ImageObject","inLanguage":"pt-PT","@id":"https:\/\/inclusivenews.com.br\/#\/schema\/logo\/image\/","url":"https:\/\/inclusivenews.com.br\/wp-content\/uploads\/2024\/03\/@grandesite.png","contentUrl":"https:\/\/inclusivenews.com.br\/wp-content\/uploads\/2024\/03\/@grandesite.png","width":1080,"height":1080,"caption":"Inclusive - inclus\u00e3o e cidadania"},"image":{"@id":"https:\/\/inclusivenews.com.br\/#\/schema\/logo\/image\/"},"sameAs":["https:\/\/www.facebook.com\/agenciainclusive\/","https:\/\/www.instagram.com\/newsinclusive\/"]},{"@type":"Person","@id":"https:\/\/inclusivenews.com.br\/#\/schema\/person\/0dab492019871b94abb65fa8ee7c8c44","name":"Inclusive","image":{"@type":"ImageObject","inLanguage":"pt-PT","@id":"https:\/\/secure.gravatar.com\/avatar\/?s=96&d=mm&r=g","url":"https:\/\/secure.gravatar.com\/avatar\/?s=96&d=mm&r=g","contentUrl":"https:\/\/secure.gravatar.com\/avatar\/?s=96&d=mm&r=g","caption":"Inclusive"},"url":"https:\/\/inclusivenews.com.br\/?author=2"}]}},"_links":{"self":[{"href":"https:\/\/inclusivenews.com.br\/index.php?rest_route=\/wp\/v2\/posts\/8477","targetHints":{"allow":["GET"]}}],"collection":[{"href":"https:\/\/inclusivenews.com.br\/index.php?rest_route=\/wp\/v2\/posts"}],"about":[{"href":"https:\/\/inclusivenews.com.br\/index.php?rest_route=\/wp\/v2\/types\/post"}],"author":[{"embeddable":true,"href":"https:\/\/inclusivenews.com.br\/index.php?rest_route=\/wp\/v2\/users\/2"}],"replies":[{"embeddable":true,"href":"https:\/\/inclusivenews.com.br\/index.php?rest_route=%2Fwp%2Fv2%2Fcomments&post=8477"}],"version-history":[{"count":0,"href":"https:\/\/inclusivenews.com.br\/index.php?rest_route=\/wp\/v2\/posts\/8477\/revisions"}],"wp:attachment":[{"href":"https:\/\/inclusivenews.com.br\/index.php?rest_route=%2Fwp%2Fv2%2Fmedia&parent=8477"}],"wp:term":[{"taxonomy":"category","embeddable":true,"href":"https:\/\/inclusivenews.com.br\/index.php?rest_route=%2Fwp%2Fv2%2Fcategories&post=8477"},{"taxonomy":"post_tag","embeddable":true,"href":"https:\/\/inclusivenews.com.br\/index.php?rest_route=%2Fwp%2Fv2%2Ftags&post=8477"}],"curies":[{"name":"wp","href":"https:\/\/api.w.org\/{rel}","templated":true}]}}