{"id":8480,"date":"2009-06-21T21:11:26","date_gmt":"2009-06-21T21:11:26","guid":{"rendered":"http:\/\/agenciainclusive.wordpress.com\/?p=8480"},"modified":"2009-06-21T21:11:26","modified_gmt":"2009-06-21T21:11:26","slug":"itzhak-perlman-fala-sobre-o-facil-e-o-dificil-na-sesame-street","status":"publish","type":"post","link":"https:\/\/inclusivenews.com.br\/?p=8480","title":{"rendered":"Itzhak Perlman fala sobre o f\u00e1cil e o dif\u00edcil na Sesame Street"},"content":{"rendered":"<figure id=\"attachment_3302\" aria-describedby=\"caption-attachment-3302\" style=\"width: 135px\" class=\"wp-caption alignnone\"><a href=\"http:\/\/agenciainclusive.files.wordpress.com\/2009\/01\/minilogo2.jpg\"><img loading=\"lazy\" decoding=\"async\" class=\"size-full wp-image-3302\" title=\"#logotipofundocolor_j\u00e1_descrito_usar_esse\" src=\"http:\/\/agenciainclusive.files.wordpress.com\/2009\/01\/minilogo2.jpg\" alt=\"Descri\u00e7\u00e3o do logotipo: palavra inclusive escrita \u00e0 m\u00e3o, em verde, entre par\u00eanteses laranja, com os pingos dos \u201cis\u201d laranja.\" width=\"135\" height=\"42\" \/><\/a><figcaption id=\"caption-attachment-3302\" class=\"wp-caption-text\">Descri\u00e7\u00e3o do logotipo: palavra inclusive escrita \u00e0 m\u00e3o, em verde, entre par\u00eanteses laranja, com os pingos dos \u201cis\u201d laranja.<\/figcaption><\/figure>\n<p>[youtube=http:\/\/www.youtube.com\/watch?v=z3richcoCUI]<\/p>\n<p><strong>Transcri\u00e7\u00e3o das falas e descri\u00e7\u00e3o das imagens<\/strong>: Uma menina portando um violino sobe correndo uma escada \u00a0e senta em uma das duas cadeiras que h\u00e1 sobre um tablado. Um homem, com o uso de muletas, faz o mesmo que ela. Ao sentar, mostra-se cansado e resmunga algo sobre os degraus. Ap\u00f3s sentar-se, ele comenta com a menina: &#8220;Voc\u00ea sabe.. Algumas coisas que s\u00e3o realmente f\u00e1ceis para voc\u00ea, s\u00e3o muito dif\u00edceis para mim.&#8221; Ent\u00e3o ele pega o violino e demonstra sua destreza ao instrumento. Ent\u00e3o a menina, que o assistia, comenta: &#8220;Sim, mas h\u00e1 algumas que s\u00e3o f\u00e1ceis para voc\u00ea e s\u00e3o dif\u00edcieis para mim&#8221;. E toca ao violino um t\u00edpico exerc\u00edcio de aprendiz. (O violinista \u00e9 Itzhak Perlman &#8211; veja mais na Wikipedia em <a href=\"http:\/\/en.wikipedia.org\/wiki\/Itzhak_Perlman\">http:\/\/en.wikipedia.org\/wiki\/Itzhak_Perlman<\/a>)<\/p>\n<p>Descri\u00e7\u00e3o para v\u00eddeo dispon\u00edvel no canal da <a href=\"http:\/\/www.youtube.com\/user\/SesameStreet\">Sesame Street<\/a> no You Tube.<\/p>\n","protected":false},"excerpt":{"rendered":"<p>[youtube=http:\/\/www.youtube.com\/watch?v=z3richcoCUI] Transcri\u00e7\u00e3o das falas e descri\u00e7\u00e3o das imagens: Uma menina portando um violino sobe correndo uma escada \u00a0e senta em uma das duas cadeiras que h\u00e1 sobre um tablado. Um homem, com o uso de muletas, faz o mesmo que ela. Ao sentar, mostra-se cansado e resmunga algo sobre os degraus. Ap\u00f3s sentar-se, ele comenta [&hellip;]<\/p>\n","protected":false},"author":2,"featured_media":0,"comment_status":"open","ping_status":"open","sticky":false,"template":"","format":"standard","meta":{"site-container-style":"default","site-container-layout":"default","site-sidebar-layout":"default","disable-article-header":"default","disable-site-header":"default","disable-site-footer":"default","disable-content-area-spacing":"default","footnotes":""},"categories":[7,9,16],"tags":[15],"class_list":["post-8480","post","type-post","status-publish","format-standard","hentry","category-inclusive","category-traducoes","category-video","tag-multimidia"],"yoast_head":"<!-- This site is optimized with the Yoast SEO plugin v27.4 - https:\/\/yoast.com\/product\/yoast-seo-wordpress\/ -->\n<title>Itzhak Perlman fala sobre o f\u00e1cil e o dif\u00edcil na Sesame Street -<\/title>\n<meta name=\"robots\" content=\"index, follow, max-snippet:-1, max-image-preview:large, max-video-preview:-1\" \/>\n<link rel=\"canonical\" href=\"https:\/\/inclusivenews.com.br\/?p=8480\" \/>\n<meta property=\"og:locale\" content=\"pt_PT\" \/>\n<meta property=\"og:type\" content=\"article\" \/>\n<meta property=\"og:title\" content=\"Itzhak Perlman fala sobre o f\u00e1cil e o dif\u00edcil na Sesame Street -\" \/>\n<meta property=\"og:description\" content=\"[youtube=http:\/\/www.youtube.com\/watch?v=z3richcoCUI] Transcri\u00e7\u00e3o das falas e descri\u00e7\u00e3o das imagens: Uma menina portando um violino sobe correndo uma escada \u00a0e senta em uma das duas cadeiras que h\u00e1 sobre um tablado. Um homem, com o uso de muletas, faz o mesmo que ela. Ao sentar, mostra-se cansado e resmunga algo sobre os degraus. Ap\u00f3s sentar-se, ele comenta [&hellip;]\" \/>\n<meta property=\"og:url\" content=\"https:\/\/inclusivenews.com.br\/?p=8480\" \/>\n<meta property=\"article:publisher\" content=\"https:\/\/www.facebook.com\/agenciainclusive\/\" \/>\n<meta property=\"article:published_time\" content=\"2009-06-21T21:11:26+00:00\" \/>\n<meta property=\"og:image\" content=\"http:\/\/agenciainclusive.files.wordpress.com\/2009\/01\/minilogo2.jpg\" \/>\n<meta name=\"author\" content=\"Inclusive\" \/>\n<meta name=\"twitter:card\" content=\"summary_large_image\" \/>\n<meta name=\"twitter:label1\" content=\"Escrito por\" \/>\n\t<meta name=\"twitter:data1\" content=\"Inclusive\" \/>\n\t<meta name=\"twitter:label2\" content=\"Tempo estimado de leitura\" \/>\n\t<meta name=\"twitter:data2\" content=\"1 minuto\" \/>\n<script type=\"application\/ld+json\" class=\"yoast-schema-graph\">{\"@context\":\"https:\\\/\\\/schema.org\",\"@graph\":[{\"@type\":\"Article\",\"@id\":\"https:\\\/\\\/inclusivenews.com.br\\\/?p=8480#article\",\"isPartOf\":{\"@id\":\"https:\\\/\\\/inclusivenews.com.br\\\/?p=8480\"},\"author\":{\"name\":\"Inclusive\",\"@id\":\"https:\\\/\\\/inclusivenews.com.br\\\/#\\\/schema\\\/person\\\/0dab492019871b94abb65fa8ee7c8c44\"},\"headline\":\"Itzhak Perlman fala sobre o f\u00e1cil e o dif\u00edcil na Sesame Street\",\"datePublished\":\"2009-06-21T21:11:26+00:00\",\"mainEntityOfPage\":{\"@id\":\"https:\\\/\\\/inclusivenews.com.br\\\/?p=8480\"},\"wordCount\":212,\"commentCount\":1,\"publisher\":{\"@id\":\"https:\\\/\\\/inclusivenews.com.br\\\/#organization\"},\"image\":{\"@id\":\"https:\\\/\\\/inclusivenews.com.br\\\/?p=8480#primaryimage\"},\"thumbnailUrl\":\"http:\\\/\\\/agenciainclusive.files.wordpress.com\\\/2009\\\/01\\\/minilogo2.jpg\",\"keywords\":[\"Multim\u00eddia\"],\"articleSection\":[\"Inclusive\",\"Tradu\u00e7\u00f5es\",\"V\u00eddeo\"],\"inLanguage\":\"pt-PT\",\"potentialAction\":[{\"@type\":\"CommentAction\",\"name\":\"Comment\",\"target\":[\"https:\\\/\\\/inclusivenews.com.br\\\/?p=8480#respond\"]}]},{\"@type\":\"WebPage\",\"@id\":\"https:\\\/\\\/inclusivenews.com.br\\\/?p=8480\",\"url\":\"https:\\\/\\\/inclusivenews.com.br\\\/?p=8480\",\"name\":\"Itzhak Perlman fala sobre o f\u00e1cil e o dif\u00edcil na Sesame Street -\",\"isPartOf\":{\"@id\":\"https:\\\/\\\/inclusivenews.com.br\\\/#website\"},\"primaryImageOfPage\":{\"@id\":\"https:\\\/\\\/inclusivenews.com.br\\\/?p=8480#primaryimage\"},\"image\":{\"@id\":\"https:\\\/\\\/inclusivenews.com.br\\\/?p=8480#primaryimage\"},\"thumbnailUrl\":\"http:\\\/\\\/agenciainclusive.files.wordpress.com\\\/2009\\\/01\\\/minilogo2.jpg\",\"datePublished\":\"2009-06-21T21:11:26+00:00\",\"breadcrumb\":{\"@id\":\"https:\\\/\\\/inclusivenews.com.br\\\/?p=8480#breadcrumb\"},\"inLanguage\":\"pt-PT\",\"potentialAction\":[{\"@type\":\"ReadAction\",\"target\":[\"https:\\\/\\\/inclusivenews.com.br\\\/?p=8480\"]}]},{\"@type\":\"ImageObject\",\"inLanguage\":\"pt-PT\",\"@id\":\"https:\\\/\\\/inclusivenews.com.br\\\/?p=8480#primaryimage\",\"url\":\"http:\\\/\\\/agenciainclusive.files.wordpress.com\\\/2009\\\/01\\\/minilogo2.jpg\",\"contentUrl\":\"http:\\\/\\\/agenciainclusive.files.wordpress.com\\\/2009\\\/01\\\/minilogo2.jpg\"},{\"@type\":\"BreadcrumbList\",\"@id\":\"https:\\\/\\\/inclusivenews.com.br\\\/?p=8480#breadcrumb\",\"itemListElement\":[{\"@type\":\"ListItem\",\"position\":1,\"name\":\"In\u00edcio\",\"item\":\"https:\\\/\\\/inclusivenews.com.br\\\/\"},{\"@type\":\"ListItem\",\"position\":2,\"name\":\"Itzhak Perlman fala sobre o f\u00e1cil e o dif\u00edcil na Sesame Street\"}]},{\"@type\":\"WebSite\",\"@id\":\"https:\\\/\\\/inclusivenews.com.br\\\/#website\",\"url\":\"https:\\\/\\\/inclusivenews.com.br\\\/\",\"name\":\"Inclusive News\",\"description\":\"Inclusive News\",\"publisher\":{\"@id\":\"https:\\\/\\\/inclusivenews.com.br\\\/#organization\"},\"potentialAction\":[{\"@type\":\"SearchAction\",\"target\":{\"@type\":\"EntryPoint\",\"urlTemplate\":\"https:\\\/\\\/inclusivenews.com.br\\\/?s={search_term_string}\"},\"query-input\":{\"@type\":\"PropertyValueSpecification\",\"valueRequired\":true,\"valueName\":\"search_term_string\"}}],\"inLanguage\":\"pt-PT\"},{\"@type\":\"Organization\",\"@id\":\"https:\\\/\\\/inclusivenews.com.br\\\/#organization\",\"name\":\"Inclusive - inclus\u00e3o e cidadania\",\"url\":\"https:\\\/\\\/inclusivenews.com.br\\\/\",\"logo\":{\"@type\":\"ImageObject\",\"inLanguage\":\"pt-PT\",\"@id\":\"https:\\\/\\\/inclusivenews.com.br\\\/#\\\/schema\\\/logo\\\/image\\\/\",\"url\":\"https:\\\/\\\/inclusivenews.com.br\\\/wp-content\\\/uploads\\\/2024\\\/03\\\/@grandesite.png\",\"contentUrl\":\"https:\\\/\\\/inclusivenews.com.br\\\/wp-content\\\/uploads\\\/2024\\\/03\\\/@grandesite.png\",\"width\":1080,\"height\":1080,\"caption\":\"Inclusive - inclus\u00e3o e cidadania\"},\"image\":{\"@id\":\"https:\\\/\\\/inclusivenews.com.br\\\/#\\\/schema\\\/logo\\\/image\\\/\"},\"sameAs\":[\"https:\\\/\\\/www.facebook.com\\\/agenciainclusive\\\/\",\"https:\\\/\\\/www.instagram.com\\\/newsinclusive\\\/\"]},{\"@type\":\"Person\",\"@id\":\"https:\\\/\\\/inclusivenews.com.br\\\/#\\\/schema\\\/person\\\/0dab492019871b94abb65fa8ee7c8c44\",\"name\":\"Inclusive\",\"image\":{\"@type\":\"ImageObject\",\"inLanguage\":\"pt-PT\",\"@id\":\"https:\\\/\\\/secure.gravatar.com\\\/avatar\\\/?s=96&d=mm&r=g\",\"url\":\"https:\\\/\\\/secure.gravatar.com\\\/avatar\\\/?s=96&d=mm&r=g\",\"contentUrl\":\"https:\\\/\\\/secure.gravatar.com\\\/avatar\\\/?s=96&d=mm&r=g\",\"caption\":\"Inclusive\"},\"url\":\"https:\\\/\\\/inclusivenews.com.br\\\/?author=2\"}]}<\/script>\n<!-- \/ Yoast SEO plugin. -->","yoast_head_json":{"title":"Itzhak Perlman fala sobre o f\u00e1cil e o dif\u00edcil na Sesame Street -","robots":{"index":"index","follow":"follow","max-snippet":"max-snippet:-1","max-image-preview":"max-image-preview:large","max-video-preview":"max-video-preview:-1"},"canonical":"https:\/\/inclusivenews.com.br\/?p=8480","og_locale":"pt_PT","og_type":"article","og_title":"Itzhak Perlman fala sobre o f\u00e1cil e o dif\u00edcil na Sesame Street -","og_description":"[youtube=http:\/\/www.youtube.com\/watch?v=z3richcoCUI] Transcri\u00e7\u00e3o das falas e descri\u00e7\u00e3o das imagens: Uma menina portando um violino sobe correndo uma escada \u00a0e senta em uma das duas cadeiras que h\u00e1 sobre um tablado. Um homem, com o uso de muletas, faz o mesmo que ela. Ao sentar, mostra-se cansado e resmunga algo sobre os degraus. Ap\u00f3s sentar-se, ele comenta [&hellip;]","og_url":"https:\/\/inclusivenews.com.br\/?p=8480","article_publisher":"https:\/\/www.facebook.com\/agenciainclusive\/","article_published_time":"2009-06-21T21:11:26+00:00","og_image":[{"url":"http:\/\/agenciainclusive.files.wordpress.com\/2009\/01\/minilogo2.jpg","type":"","width":"","height":""}],"author":"Inclusive","twitter_card":"summary_large_image","twitter_misc":{"Escrito por":"Inclusive","Tempo estimado de leitura":"1 minuto"},"schema":{"@context":"https:\/\/schema.org","@graph":[{"@type":"Article","@id":"https:\/\/inclusivenews.com.br\/?p=8480#article","isPartOf":{"@id":"https:\/\/inclusivenews.com.br\/?p=8480"},"author":{"name":"Inclusive","@id":"https:\/\/inclusivenews.com.br\/#\/schema\/person\/0dab492019871b94abb65fa8ee7c8c44"},"headline":"Itzhak Perlman fala sobre o f\u00e1cil e o dif\u00edcil na Sesame Street","datePublished":"2009-06-21T21:11:26+00:00","mainEntityOfPage":{"@id":"https:\/\/inclusivenews.com.br\/?p=8480"},"wordCount":212,"commentCount":1,"publisher":{"@id":"https:\/\/inclusivenews.com.br\/#organization"},"image":{"@id":"https:\/\/inclusivenews.com.br\/?p=8480#primaryimage"},"thumbnailUrl":"http:\/\/agenciainclusive.files.wordpress.com\/2009\/01\/minilogo2.jpg","keywords":["Multim\u00eddia"],"articleSection":["Inclusive","Tradu\u00e7\u00f5es","V\u00eddeo"],"inLanguage":"pt-PT","potentialAction":[{"@type":"CommentAction","name":"Comment","target":["https:\/\/inclusivenews.com.br\/?p=8480#respond"]}]},{"@type":"WebPage","@id":"https:\/\/inclusivenews.com.br\/?p=8480","url":"https:\/\/inclusivenews.com.br\/?p=8480","name":"Itzhak Perlman fala sobre o f\u00e1cil e o dif\u00edcil na Sesame Street -","isPartOf":{"@id":"https:\/\/inclusivenews.com.br\/#website"},"primaryImageOfPage":{"@id":"https:\/\/inclusivenews.com.br\/?p=8480#primaryimage"},"image":{"@id":"https:\/\/inclusivenews.com.br\/?p=8480#primaryimage"},"thumbnailUrl":"http:\/\/agenciainclusive.files.wordpress.com\/2009\/01\/minilogo2.jpg","datePublished":"2009-06-21T21:11:26+00:00","breadcrumb":{"@id":"https:\/\/inclusivenews.com.br\/?p=8480#breadcrumb"},"inLanguage":"pt-PT","potentialAction":[{"@type":"ReadAction","target":["https:\/\/inclusivenews.com.br\/?p=8480"]}]},{"@type":"ImageObject","inLanguage":"pt-PT","@id":"https:\/\/inclusivenews.com.br\/?p=8480#primaryimage","url":"http:\/\/agenciainclusive.files.wordpress.com\/2009\/01\/minilogo2.jpg","contentUrl":"http:\/\/agenciainclusive.files.wordpress.com\/2009\/01\/minilogo2.jpg"},{"@type":"BreadcrumbList","@id":"https:\/\/inclusivenews.com.br\/?p=8480#breadcrumb","itemListElement":[{"@type":"ListItem","position":1,"name":"In\u00edcio","item":"https:\/\/inclusivenews.com.br\/"},{"@type":"ListItem","position":2,"name":"Itzhak Perlman fala sobre o f\u00e1cil e o dif\u00edcil na Sesame Street"}]},{"@type":"WebSite","@id":"https:\/\/inclusivenews.com.br\/#website","url":"https:\/\/inclusivenews.com.br\/","name":"Inclusive News","description":"Inclusive News","publisher":{"@id":"https:\/\/inclusivenews.com.br\/#organization"},"potentialAction":[{"@type":"SearchAction","target":{"@type":"EntryPoint","urlTemplate":"https:\/\/inclusivenews.com.br\/?s={search_term_string}"},"query-input":{"@type":"PropertyValueSpecification","valueRequired":true,"valueName":"search_term_string"}}],"inLanguage":"pt-PT"},{"@type":"Organization","@id":"https:\/\/inclusivenews.com.br\/#organization","name":"Inclusive - inclus\u00e3o e cidadania","url":"https:\/\/inclusivenews.com.br\/","logo":{"@type":"ImageObject","inLanguage":"pt-PT","@id":"https:\/\/inclusivenews.com.br\/#\/schema\/logo\/image\/","url":"https:\/\/inclusivenews.com.br\/wp-content\/uploads\/2024\/03\/@grandesite.png","contentUrl":"https:\/\/inclusivenews.com.br\/wp-content\/uploads\/2024\/03\/@grandesite.png","width":1080,"height":1080,"caption":"Inclusive - inclus\u00e3o e cidadania"},"image":{"@id":"https:\/\/inclusivenews.com.br\/#\/schema\/logo\/image\/"},"sameAs":["https:\/\/www.facebook.com\/agenciainclusive\/","https:\/\/www.instagram.com\/newsinclusive\/"]},{"@type":"Person","@id":"https:\/\/inclusivenews.com.br\/#\/schema\/person\/0dab492019871b94abb65fa8ee7c8c44","name":"Inclusive","image":{"@type":"ImageObject","inLanguage":"pt-PT","@id":"https:\/\/secure.gravatar.com\/avatar\/?s=96&d=mm&r=g","url":"https:\/\/secure.gravatar.com\/avatar\/?s=96&d=mm&r=g","contentUrl":"https:\/\/secure.gravatar.com\/avatar\/?s=96&d=mm&r=g","caption":"Inclusive"},"url":"https:\/\/inclusivenews.com.br\/?author=2"}]}},"_links":{"self":[{"href":"https:\/\/inclusivenews.com.br\/index.php?rest_route=\/wp\/v2\/posts\/8480","targetHints":{"allow":["GET"]}}],"collection":[{"href":"https:\/\/inclusivenews.com.br\/index.php?rest_route=\/wp\/v2\/posts"}],"about":[{"href":"https:\/\/inclusivenews.com.br\/index.php?rest_route=\/wp\/v2\/types\/post"}],"author":[{"embeddable":true,"href":"https:\/\/inclusivenews.com.br\/index.php?rest_route=\/wp\/v2\/users\/2"}],"replies":[{"embeddable":true,"href":"https:\/\/inclusivenews.com.br\/index.php?rest_route=%2Fwp%2Fv2%2Fcomments&post=8480"}],"version-history":[{"count":0,"href":"https:\/\/inclusivenews.com.br\/index.php?rest_route=\/wp\/v2\/posts\/8480\/revisions"}],"wp:attachment":[{"href":"https:\/\/inclusivenews.com.br\/index.php?rest_route=%2Fwp%2Fv2%2Fmedia&parent=8480"}],"wp:term":[{"taxonomy":"category","embeddable":true,"href":"https:\/\/inclusivenews.com.br\/index.php?rest_route=%2Fwp%2Fv2%2Fcategories&post=8480"},{"taxonomy":"post_tag","embeddable":true,"href":"https:\/\/inclusivenews.com.br\/index.php?rest_route=%2Fwp%2Fv2%2Ftags&post=8480"}],"curies":[{"name":"wp","href":"https:\/\/api.w.org\/{rel}","templated":true}]}}