{"id":8557,"date":"2009-06-24T11:14:50","date_gmt":"2009-06-24T11:14:50","guid":{"rendered":"http:\/\/agenciainclusive.wordpress.com\/?p=8557"},"modified":"2009-06-24T11:14:50","modified_gmt":"2009-06-24T11:14:50","slug":"preconceito-contra-homossexuais-e-constante-nas-escolas-publicas","status":"publish","type":"post","link":"https:\/\/inclusivenews.com.br\/?p=8557","title":{"rendered":"Preconceito contra homossexuais \u00e9 constante nas escolas p\u00fablicas"},"content":{"rendered":"<figure id=\"attachment_8558\" aria-describedby=\"caption-attachment-8558\" style=\"width: 84px\" class=\"wp-caption alignleft\"><a href=\"http:\/\/agenciainclusive.files.wordpress.com\/2009\/06\/abong.jpg\"><img loading=\"lazy\" decoding=\"async\" class=\"size-full wp-image-8558\" title=\"abong\" src=\"http:\/\/agenciainclusive.files.wordpress.com\/2009\/06\/abong.jpg\" alt=\"abong\" width=\"84\" height=\"124\" \/><\/a><figcaption id=\"caption-attachment-8558\" class=\"wp-caption-text\">Logotipo da ABONG - Associa\u00e7\u00e3o Brasileira de Organiza\u00e7\u00f5es N\u00e3o Governamentais, onde aparecem 4 figuras humanas de m\u00e3os dadas.<\/figcaption><\/figure>\n<p>Diversas pesquisas divulgadas recentemente apontam para uma situa\u00e7\u00e3o preocupante em rela\u00e7\u00e3o ao preconceito contra homossexuais no Brasil. Trata-se dos altos \u00edndices de discrimina\u00e7\u00e3o enfrentados por alunos(as) homossexuais dentro das escolas p\u00fablicas. Longe de ser um fato isolado, afinal a escola reflete o comportamento da sociedade em rela\u00e7\u00e3o a determinados temas \u2013 e h\u00e1 ainda muito preconceito em todas as esferas sociais \u2013 a quest\u00e3o demonstra o despreparo das institui\u00e7\u00f5es de ensino e dos(as) professores(as) para lidar com estudantes de diferentes orienta\u00e7\u00f5es sexuais.<\/p>\n<p>Segundo Toni Reis, presidente da Associa\u00e7\u00e3o Brasileira de Gays, L\u00e9sbicas, Bissexuais, Travestis e Transexuais (ABGLT), uma pesquisa da Unesco feita em 2004 foi a primeira a divulgar dados alarmantes sobre o tema. \u201cA pesquisa mostrou que 40% dos(as) adolescentes n\u00e3o gostaria de ter um(a) colega homossexual em sala de aula e que 60% dos(as) professores(as) n\u00e3o sabiam como lidar com o preconceito\u201d, afirma.<\/p>\n<p>J\u00e1 uma pesquisa feita pela Secretaria da Educa\u00e7\u00e3o do Distrito Federal, em parceria com a Rede de Informa\u00e7\u00e3o Tecnol\u00f3gica Latino Americana (Ritla), revelou que os(as) homossexuais s\u00e3o o grupo que mais sofre discrimina\u00e7\u00e3o nas escolas de Bras\u00edlia. Em uma amostra de 10 mil estudantes e 1.500 professores(as) entrevistados(as), 63,1% revelou j\u00e1 ter presenciado atos de preconceito contra homossexuais.[1]\u00a0<\/p>\n<p>A disserta\u00e7\u00e3o de mestrado da educadora C\u00edcera Leite Gomes Barbosa, defendida na Universidade Federal da Para\u00edba, aponta que a discrimina\u00e7\u00e3o \u00e9 um dos grandes fatores que provoca o abandono escolar de jovens e adultos(as) homossexuais, que deixam de estudar por n\u00e3o serem aceitos(as) e sofrerem todo o tipo de preconceito[2].<\/p>\n<p>Para Toni Reis, uma das consequ\u00eancias da discrimina\u00e7\u00e3o \u00e9 mesmo a evas\u00e3o escolar, principalmente por parte de travestis e transg\u00eaneros, que acabam encontrando na prostitui\u00e7\u00e3o uma das poucas op\u00e7\u00f5es de trabalho.<\/p>\n<p>A constata\u00e7\u00e3o geral \u00e9 de que os(as) professores(as) n\u00e3o est\u00e3o preparados(as) para lidar com diferentes orienta\u00e7\u00f5es sexuais dentro das salas de aula, assim como os(as) gestores(as) das escolas tamb\u00e9m n\u00e3o. Um dos caminhos para acabar com o preconceito em espa\u00e7os de aprendizado \u00e9 a qualifica\u00e7\u00e3o dos(as) profissionais, al\u00e9m da realiza\u00e7\u00e3o de pesquisas sobre homossexualismo nas escolas e produ\u00e7\u00e3o de materiais informativos, afirma Toni Reis.<\/p>\n<p>Uma grande demanda \u00e9 tamb\u00e9m a ado\u00e7\u00e3o do nome social de travestis e transg\u00eaneros nas listas e di\u00e1rios escolares, em detrimento do uso do nome civil. Trata-se de uma forma de respeito \u00e0 identidade de g\u00eanero adotada pela pessoa. Segundo Reis, a iniciativa j\u00e1 est\u00e1 em curso nos estados do Par\u00e1 e Goi\u00e1s.<\/p>\n<p>Pol\u00edticas P\u00fablicas e Plano Nacional<\/p>\n<p>Algumas a\u00e7\u00f5es t\u00eam sido colocadas em pr\u00e1tica no sentido de debater e procurar acabar com o preconceito nas escolas. A Frente Parlamentar pela Cidadania LGBT, em parceria com diversas organiza\u00e7\u00f5es, entre elas a ABGLT, lan\u00e7aram a campanha Escola sem Homofobia, que j\u00e1 realizou semin\u00e1rios nas cinco regi\u00f5es brasileiras e est\u00e1 produzindo pesquisas e materiais para serem distribu\u00eddos para seis mil escolas p\u00fablicas.<\/p>\n<p>J\u00e1 o Plano Nacional de Promo\u00e7\u00e3o da Cidadania e dos Direitos Humanos de L\u00e9sbicas, Gays, Bissexuais, Travestis e Transexuais, constru\u00eddo a partir das 27 confer\u00eancias regionais GLBT e da Confer\u00eancia Nacional realizada no fim de 2008, cont\u00e9m 555 propostas, das quais foram tiradas 180 a\u00e7\u00f5es, muitas delas implantadas pelo Minist\u00e9rio da Educa\u00e7\u00e3o para conter o preconceito dentro das escolas.<\/p>\n<p>[1] Informa\u00e7\u00f5es retiradas do artigo O desrespeito \u00e0 diferen\u00e7a, de autoria de Jorge Werthein e Miriam Abramovsy, publicado no jornal Folha de S. Paulo em 7 de junho de 2009.<\/p>\n<p>[2] Informa\u00e7\u00f5es retiradas da entrevista de C\u00edcera Barbosa ao Observat\u00f3rio da Educa\u00e7\u00e3o. Sua pesquisa tem o t\u00edtulo de \u201cOuvindo as vozes da homossexualidade: multiculturalismo, educa\u00e7\u00e3o e suas possibilidades na ag\u00eancia escolar\u201d.<\/p>\n<p>Fonte: ABONG &#8211; <a href=\"http:\/\/www.abong.org.br\/final\/informes_pag.php?cdm=19761\">http:\/\/www.abong.org.br\/final\/informes_pag.php?cdm=19761<\/a><\/p>\n","protected":false},"excerpt":{"rendered":"<p>Diversas pesquisas divulgadas recentemente apontam para uma situa\u00e7\u00e3o preocupante em rela\u00e7\u00e3o ao preconceito contra homossexuais no Brasil. Trata-se dos altos \u00edndices de discrimina\u00e7\u00e3o enfrentados por alunos(as) homossexuais dentro das escolas p\u00fablicas. Longe de ser um fato isolado, afinal a escola reflete o comportamento da sociedade em rela\u00e7\u00e3o a determinados temas \u2013 e h\u00e1 ainda muito [&hellip;]<\/p>\n","protected":false},"author":2,"featured_media":0,"comment_status":"open","ping_status":"open","sticky":false,"template":"","format":"standard","meta":{"site-container-style":"default","site-container-layout":"default","site-sidebar-layout":"default","disable-article-header":"default","disable-site-header":"default","disable-site-footer":"default","disable-content-area-spacing":"default","footnotes":""},"categories":[4,41],"tags":[],"class_list":["post-8557","post","type-post","status-publish","format-standard","hentry","category-noticias","category-preconceito"],"yoast_head":"<!-- This site is optimized with the Yoast SEO plugin v27.4 - https:\/\/yoast.com\/product\/yoast-seo-wordpress\/ -->\n<title>Preconceito contra homossexuais \u00e9 constante nas escolas p\u00fablicas -<\/title>\n<meta name=\"robots\" content=\"index, follow, max-snippet:-1, max-image-preview:large, max-video-preview:-1\" \/>\n<link rel=\"canonical\" href=\"https:\/\/inclusivenews.com.br\/?p=8557\" \/>\n<meta property=\"og:locale\" content=\"pt_PT\" \/>\n<meta property=\"og:type\" content=\"article\" \/>\n<meta property=\"og:title\" content=\"Preconceito contra homossexuais \u00e9 constante nas escolas p\u00fablicas -\" \/>\n<meta property=\"og:description\" content=\"Diversas pesquisas divulgadas recentemente apontam para uma situa\u00e7\u00e3o preocupante em rela\u00e7\u00e3o ao preconceito contra homossexuais no Brasil. Trata-se dos altos \u00edndices de discrimina\u00e7\u00e3o enfrentados por alunos(as) homossexuais dentro das escolas p\u00fablicas. Longe de ser um fato isolado, afinal a escola reflete o comportamento da sociedade em rela\u00e7\u00e3o a determinados temas \u2013 e h\u00e1 ainda muito [&hellip;]\" \/>\n<meta property=\"og:url\" content=\"https:\/\/inclusivenews.com.br\/?p=8557\" \/>\n<meta property=\"article:publisher\" content=\"https:\/\/www.facebook.com\/agenciainclusive\/\" \/>\n<meta property=\"article:published_time\" content=\"2009-06-24T11:14:50+00:00\" \/>\n<meta property=\"og:image\" content=\"http:\/\/agenciainclusive.files.wordpress.com\/2009\/06\/abong.jpg\" \/>\n<meta name=\"author\" content=\"Inclusive\" \/>\n<meta name=\"twitter:card\" content=\"summary_large_image\" \/>\n<meta name=\"twitter:label1\" content=\"Escrito por\" \/>\n\t<meta name=\"twitter:data1\" content=\"Inclusive\" \/>\n\t<meta name=\"twitter:label2\" content=\"Tempo estimado de leitura\" \/>\n\t<meta name=\"twitter:data2\" content=\"4 minutos\" \/>\n<script type=\"application\/ld+json\" class=\"yoast-schema-graph\">{\"@context\":\"https:\\\/\\\/schema.org\",\"@graph\":[{\"@type\":\"Article\",\"@id\":\"https:\\\/\\\/inclusivenews.com.br\\\/?p=8557#article\",\"isPartOf\":{\"@id\":\"https:\\\/\\\/inclusivenews.com.br\\\/?p=8557\"},\"author\":{\"name\":\"Inclusive\",\"@id\":\"https:\\\/\\\/inclusivenews.com.br\\\/#\\\/schema\\\/person\\\/0dab492019871b94abb65fa8ee7c8c44\"},\"headline\":\"Preconceito contra homossexuais \u00e9 constante nas escolas p\u00fablicas\",\"datePublished\":\"2009-06-24T11:14:50+00:00\",\"mainEntityOfPage\":{\"@id\":\"https:\\\/\\\/inclusivenews.com.br\\\/?p=8557\"},\"wordCount\":708,\"commentCount\":0,\"publisher\":{\"@id\":\"https:\\\/\\\/inclusivenews.com.br\\\/#organization\"},\"image\":{\"@id\":\"https:\\\/\\\/inclusivenews.com.br\\\/?p=8557#primaryimage\"},\"thumbnailUrl\":\"http:\\\/\\\/agenciainclusive.files.wordpress.com\\\/2009\\\/06\\\/abong.jpg\",\"articleSection\":[\"NOT\u00cdCIAS\",\"Preconceito\"],\"inLanguage\":\"pt-PT\",\"potentialAction\":[{\"@type\":\"CommentAction\",\"name\":\"Comment\",\"target\":[\"https:\\\/\\\/inclusivenews.com.br\\\/?p=8557#respond\"]}]},{\"@type\":\"WebPage\",\"@id\":\"https:\\\/\\\/inclusivenews.com.br\\\/?p=8557\",\"url\":\"https:\\\/\\\/inclusivenews.com.br\\\/?p=8557\",\"name\":\"Preconceito contra homossexuais \u00e9 constante nas escolas p\u00fablicas -\",\"isPartOf\":{\"@id\":\"https:\\\/\\\/inclusivenews.com.br\\\/#website\"},\"primaryImageOfPage\":{\"@id\":\"https:\\\/\\\/inclusivenews.com.br\\\/?p=8557#primaryimage\"},\"image\":{\"@id\":\"https:\\\/\\\/inclusivenews.com.br\\\/?p=8557#primaryimage\"},\"thumbnailUrl\":\"http:\\\/\\\/agenciainclusive.files.wordpress.com\\\/2009\\\/06\\\/abong.jpg\",\"datePublished\":\"2009-06-24T11:14:50+00:00\",\"breadcrumb\":{\"@id\":\"https:\\\/\\\/inclusivenews.com.br\\\/?p=8557#breadcrumb\"},\"inLanguage\":\"pt-PT\",\"potentialAction\":[{\"@type\":\"ReadAction\",\"target\":[\"https:\\\/\\\/inclusivenews.com.br\\\/?p=8557\"]}]},{\"@type\":\"ImageObject\",\"inLanguage\":\"pt-PT\",\"@id\":\"https:\\\/\\\/inclusivenews.com.br\\\/?p=8557#primaryimage\",\"url\":\"http:\\\/\\\/agenciainclusive.files.wordpress.com\\\/2009\\\/06\\\/abong.jpg\",\"contentUrl\":\"http:\\\/\\\/agenciainclusive.files.wordpress.com\\\/2009\\\/06\\\/abong.jpg\"},{\"@type\":\"BreadcrumbList\",\"@id\":\"https:\\\/\\\/inclusivenews.com.br\\\/?p=8557#breadcrumb\",\"itemListElement\":[{\"@type\":\"ListItem\",\"position\":1,\"name\":\"In\u00edcio\",\"item\":\"https:\\\/\\\/inclusivenews.com.br\\\/\"},{\"@type\":\"ListItem\",\"position\":2,\"name\":\"Preconceito contra homossexuais \u00e9 constante nas escolas p\u00fablicas\"}]},{\"@type\":\"WebSite\",\"@id\":\"https:\\\/\\\/inclusivenews.com.br\\\/#website\",\"url\":\"https:\\\/\\\/inclusivenews.com.br\\\/\",\"name\":\"Inclusive News\",\"description\":\"Inclusive News\",\"publisher\":{\"@id\":\"https:\\\/\\\/inclusivenews.com.br\\\/#organization\"},\"potentialAction\":[{\"@type\":\"SearchAction\",\"target\":{\"@type\":\"EntryPoint\",\"urlTemplate\":\"https:\\\/\\\/inclusivenews.com.br\\\/?s={search_term_string}\"},\"query-input\":{\"@type\":\"PropertyValueSpecification\",\"valueRequired\":true,\"valueName\":\"search_term_string\"}}],\"inLanguage\":\"pt-PT\"},{\"@type\":\"Organization\",\"@id\":\"https:\\\/\\\/inclusivenews.com.br\\\/#organization\",\"name\":\"Inclusive - inclus\u00e3o e cidadania\",\"url\":\"https:\\\/\\\/inclusivenews.com.br\\\/\",\"logo\":{\"@type\":\"ImageObject\",\"inLanguage\":\"pt-PT\",\"@id\":\"https:\\\/\\\/inclusivenews.com.br\\\/#\\\/schema\\\/logo\\\/image\\\/\",\"url\":\"https:\\\/\\\/inclusivenews.com.br\\\/wp-content\\\/uploads\\\/2024\\\/03\\\/@grandesite.png\",\"contentUrl\":\"https:\\\/\\\/inclusivenews.com.br\\\/wp-content\\\/uploads\\\/2024\\\/03\\\/@grandesite.png\",\"width\":1080,\"height\":1080,\"caption\":\"Inclusive - inclus\u00e3o e cidadania\"},\"image\":{\"@id\":\"https:\\\/\\\/inclusivenews.com.br\\\/#\\\/schema\\\/logo\\\/image\\\/\"},\"sameAs\":[\"https:\\\/\\\/www.facebook.com\\\/agenciainclusive\\\/\",\"https:\\\/\\\/www.instagram.com\\\/newsinclusive\\\/\"]},{\"@type\":\"Person\",\"@id\":\"https:\\\/\\\/inclusivenews.com.br\\\/#\\\/schema\\\/person\\\/0dab492019871b94abb65fa8ee7c8c44\",\"name\":\"Inclusive\",\"image\":{\"@type\":\"ImageObject\",\"inLanguage\":\"pt-PT\",\"@id\":\"https:\\\/\\\/secure.gravatar.com\\\/avatar\\\/?s=96&d=mm&r=g\",\"url\":\"https:\\\/\\\/secure.gravatar.com\\\/avatar\\\/?s=96&d=mm&r=g\",\"contentUrl\":\"https:\\\/\\\/secure.gravatar.com\\\/avatar\\\/?s=96&d=mm&r=g\",\"caption\":\"Inclusive\"},\"url\":\"https:\\\/\\\/inclusivenews.com.br\\\/?author=2\"}]}<\/script>\n<!-- \/ Yoast SEO plugin. -->","yoast_head_json":{"title":"Preconceito contra homossexuais \u00e9 constante nas escolas p\u00fablicas -","robots":{"index":"index","follow":"follow","max-snippet":"max-snippet:-1","max-image-preview":"max-image-preview:large","max-video-preview":"max-video-preview:-1"},"canonical":"https:\/\/inclusivenews.com.br\/?p=8557","og_locale":"pt_PT","og_type":"article","og_title":"Preconceito contra homossexuais \u00e9 constante nas escolas p\u00fablicas -","og_description":"Diversas pesquisas divulgadas recentemente apontam para uma situa\u00e7\u00e3o preocupante em rela\u00e7\u00e3o ao preconceito contra homossexuais no Brasil. Trata-se dos altos \u00edndices de discrimina\u00e7\u00e3o enfrentados por alunos(as) homossexuais dentro das escolas p\u00fablicas. Longe de ser um fato isolado, afinal a escola reflete o comportamento da sociedade em rela\u00e7\u00e3o a determinados temas \u2013 e h\u00e1 ainda muito [&hellip;]","og_url":"https:\/\/inclusivenews.com.br\/?p=8557","article_publisher":"https:\/\/www.facebook.com\/agenciainclusive\/","article_published_time":"2009-06-24T11:14:50+00:00","og_image":[{"url":"http:\/\/agenciainclusive.files.wordpress.com\/2009\/06\/abong.jpg","type":"","width":"","height":""}],"author":"Inclusive","twitter_card":"summary_large_image","twitter_misc":{"Escrito por":"Inclusive","Tempo estimado de leitura":"4 minutos"},"schema":{"@context":"https:\/\/schema.org","@graph":[{"@type":"Article","@id":"https:\/\/inclusivenews.com.br\/?p=8557#article","isPartOf":{"@id":"https:\/\/inclusivenews.com.br\/?p=8557"},"author":{"name":"Inclusive","@id":"https:\/\/inclusivenews.com.br\/#\/schema\/person\/0dab492019871b94abb65fa8ee7c8c44"},"headline":"Preconceito contra homossexuais \u00e9 constante nas escolas p\u00fablicas","datePublished":"2009-06-24T11:14:50+00:00","mainEntityOfPage":{"@id":"https:\/\/inclusivenews.com.br\/?p=8557"},"wordCount":708,"commentCount":0,"publisher":{"@id":"https:\/\/inclusivenews.com.br\/#organization"},"image":{"@id":"https:\/\/inclusivenews.com.br\/?p=8557#primaryimage"},"thumbnailUrl":"http:\/\/agenciainclusive.files.wordpress.com\/2009\/06\/abong.jpg","articleSection":["NOT\u00cdCIAS","Preconceito"],"inLanguage":"pt-PT","potentialAction":[{"@type":"CommentAction","name":"Comment","target":["https:\/\/inclusivenews.com.br\/?p=8557#respond"]}]},{"@type":"WebPage","@id":"https:\/\/inclusivenews.com.br\/?p=8557","url":"https:\/\/inclusivenews.com.br\/?p=8557","name":"Preconceito contra homossexuais \u00e9 constante nas escolas p\u00fablicas -","isPartOf":{"@id":"https:\/\/inclusivenews.com.br\/#website"},"primaryImageOfPage":{"@id":"https:\/\/inclusivenews.com.br\/?p=8557#primaryimage"},"image":{"@id":"https:\/\/inclusivenews.com.br\/?p=8557#primaryimage"},"thumbnailUrl":"http:\/\/agenciainclusive.files.wordpress.com\/2009\/06\/abong.jpg","datePublished":"2009-06-24T11:14:50+00:00","breadcrumb":{"@id":"https:\/\/inclusivenews.com.br\/?p=8557#breadcrumb"},"inLanguage":"pt-PT","potentialAction":[{"@type":"ReadAction","target":["https:\/\/inclusivenews.com.br\/?p=8557"]}]},{"@type":"ImageObject","inLanguage":"pt-PT","@id":"https:\/\/inclusivenews.com.br\/?p=8557#primaryimage","url":"http:\/\/agenciainclusive.files.wordpress.com\/2009\/06\/abong.jpg","contentUrl":"http:\/\/agenciainclusive.files.wordpress.com\/2009\/06\/abong.jpg"},{"@type":"BreadcrumbList","@id":"https:\/\/inclusivenews.com.br\/?p=8557#breadcrumb","itemListElement":[{"@type":"ListItem","position":1,"name":"In\u00edcio","item":"https:\/\/inclusivenews.com.br\/"},{"@type":"ListItem","position":2,"name":"Preconceito contra homossexuais \u00e9 constante nas escolas p\u00fablicas"}]},{"@type":"WebSite","@id":"https:\/\/inclusivenews.com.br\/#website","url":"https:\/\/inclusivenews.com.br\/","name":"Inclusive News","description":"Inclusive News","publisher":{"@id":"https:\/\/inclusivenews.com.br\/#organization"},"potentialAction":[{"@type":"SearchAction","target":{"@type":"EntryPoint","urlTemplate":"https:\/\/inclusivenews.com.br\/?s={search_term_string}"},"query-input":{"@type":"PropertyValueSpecification","valueRequired":true,"valueName":"search_term_string"}}],"inLanguage":"pt-PT"},{"@type":"Organization","@id":"https:\/\/inclusivenews.com.br\/#organization","name":"Inclusive - inclus\u00e3o e cidadania","url":"https:\/\/inclusivenews.com.br\/","logo":{"@type":"ImageObject","inLanguage":"pt-PT","@id":"https:\/\/inclusivenews.com.br\/#\/schema\/logo\/image\/","url":"https:\/\/inclusivenews.com.br\/wp-content\/uploads\/2024\/03\/@grandesite.png","contentUrl":"https:\/\/inclusivenews.com.br\/wp-content\/uploads\/2024\/03\/@grandesite.png","width":1080,"height":1080,"caption":"Inclusive - inclus\u00e3o e cidadania"},"image":{"@id":"https:\/\/inclusivenews.com.br\/#\/schema\/logo\/image\/"},"sameAs":["https:\/\/www.facebook.com\/agenciainclusive\/","https:\/\/www.instagram.com\/newsinclusive\/"]},{"@type":"Person","@id":"https:\/\/inclusivenews.com.br\/#\/schema\/person\/0dab492019871b94abb65fa8ee7c8c44","name":"Inclusive","image":{"@type":"ImageObject","inLanguage":"pt-PT","@id":"https:\/\/secure.gravatar.com\/avatar\/?s=96&d=mm&r=g","url":"https:\/\/secure.gravatar.com\/avatar\/?s=96&d=mm&r=g","contentUrl":"https:\/\/secure.gravatar.com\/avatar\/?s=96&d=mm&r=g","caption":"Inclusive"},"url":"https:\/\/inclusivenews.com.br\/?author=2"}]}},"_links":{"self":[{"href":"https:\/\/inclusivenews.com.br\/index.php?rest_route=\/wp\/v2\/posts\/8557","targetHints":{"allow":["GET"]}}],"collection":[{"href":"https:\/\/inclusivenews.com.br\/index.php?rest_route=\/wp\/v2\/posts"}],"about":[{"href":"https:\/\/inclusivenews.com.br\/index.php?rest_route=\/wp\/v2\/types\/post"}],"author":[{"embeddable":true,"href":"https:\/\/inclusivenews.com.br\/index.php?rest_route=\/wp\/v2\/users\/2"}],"replies":[{"embeddable":true,"href":"https:\/\/inclusivenews.com.br\/index.php?rest_route=%2Fwp%2Fv2%2Fcomments&post=8557"}],"version-history":[{"count":0,"href":"https:\/\/inclusivenews.com.br\/index.php?rest_route=\/wp\/v2\/posts\/8557\/revisions"}],"wp:attachment":[{"href":"https:\/\/inclusivenews.com.br\/index.php?rest_route=%2Fwp%2Fv2%2Fmedia&parent=8557"}],"wp:term":[{"taxonomy":"category","embeddable":true,"href":"https:\/\/inclusivenews.com.br\/index.php?rest_route=%2Fwp%2Fv2%2Fcategories&post=8557"},{"taxonomy":"post_tag","embeddable":true,"href":"https:\/\/inclusivenews.com.br\/index.php?rest_route=%2Fwp%2Fv2%2Ftags&post=8557"}],"curies":[{"name":"wp","href":"https:\/\/api.w.org\/{rel}","templated":true}]}}