{"id":8596,"date":"2009-06-25T14:01:05","date_gmt":"2009-06-25T14:01:05","guid":{"rendered":"http:\/\/agenciainclusive.wordpress.com\/?p=8596"},"modified":"2009-06-25T14:01:05","modified_gmt":"2009-06-25T14:01:05","slug":"premio-microsoft-educadores-inovadores-brasil-2009","status":"publish","type":"post","link":"https:\/\/inclusivenews.com.br\/?p=8596","title":{"rendered":"Pr\u00eamio Microsoft Educadores Inovadores Brasil 2009"},"content":{"rendered":"<p>A inten\u00e7\u00e3o do evento \u00e9 fomentar o desenvolvimento das melhores pr\u00e1ticas educacionais na rotina di\u00e1ria das institui\u00e7\u00f5es de ensino, promovendo a troca de experi\u00eancias entre educadores, criando refer\u00eancias no uso inovador da tecnologia e valorizando as escolas p\u00fablicas de ensino fundamental e m\u00e9dio e as escolas t\u00e9cnicas.<\/p>\n<p>Para concorrer, o educador deve se inscrever pelo site do Pr\u00eamio, a partir do dia de 16 de abril, (<a href=\"http:\/\/www.educadoresinovadores.com.br\" target=\"_blank\" rel=\"noopener\">www.educadoresinovadores.com.br<\/a>) em uma das cinco categorias. S\u00e3o elas: Inova\u00e7\u00e3o em Comunidade, Inova\u00e7\u00e3o em Colabora\u00e7\u00e3o, Inova\u00e7\u00e3o em Conte\u00fado, Educador Inovador e Educador Inovador &#8211; Escolas T\u00e9cnicas. Para as quatro primeiras op\u00e7\u00f5es, o professor pode trazer um membro e formar um equipe; na categoria Escolas T\u00e9cnicas, o educador defender\u00e1 sozinho a sua pr\u00e1tica.<\/p>\n<p>Podem participar todos os educadores e gestores da rede p\u00fablica de ensino (Secretarias Municipais ou Estaduais de Ensino, incluindo os N\u00facleos de Tecnologia Educacional &#8211; NTEs ou NRTEs, escolas p\u00fablicas municipais ou estaduais), de ONGs, funda\u00e7\u00f5es e escolas t\u00e9cnicas.<\/p>\n<p>Vale lembrar que as regras para a participa\u00e7\u00e3o dos educadores na categoria Educador Inovador \u2013 Escolas T\u00e9cnicas se diferem das demais. Acesse o regulamento do Pr\u00eamio e saiba o que h\u00e1 de novo!<\/p>\n<p>Divulga\u00e7\u00e3o e premia\u00e7\u00e3o<\/p>\n<p>Quinze projetos ser\u00e3o escolhidos e conhecidos pelo p\u00fablico participante no evento nacional de premia\u00e7\u00e3o que acontecer\u00e1 em S\u00e3o Paulo, no dia 25 de agosto de 2009. Os participantes conhecer\u00e3o propostas de educadores de todo o Brasil e ter\u00e3o a oportunidade de trazer novas id\u00e9ias para o uso de tecnologia nas escolas.<\/p>\n<p>Aqueles que apresentarem os melhores projetos ser\u00e3o premiados com um moderno Notebook, contendo o sistema operacional da Microsoft Windows Vista e o pacote de aplicativos Office 2007. Assim, cada um poder\u00e1 dar continuidade na cria\u00e7\u00e3o de novas id\u00e9ias, beneficiando cada vez mais pessoas e compartilhando o gosto e o conhecimento pela tecnologia educacional.<\/p>\n<p>Os educadores respons\u00e1veis pelos projetos vencedores apresentar\u00e3o seus trabalhos em um evento regional da Microsoft que acontecer\u00e1 na Argentina. Os classificados nessa etapa participar\u00e3o do evento internacional que ser\u00e1 realizadoo em Salvador (BA). Essa \u00e9 a primeira vez que o Brasil sedia o F\u00f3rum Mundial de Educadores Inovadores.<\/p>\n","protected":false},"excerpt":{"rendered":"<p>A inten\u00e7\u00e3o do evento \u00e9 fomentar o desenvolvimento das melhores pr\u00e1ticas educacionais na rotina di\u00e1ria das institui\u00e7\u00f5es de ensino, promovendo a troca de experi\u00eancias entre educadores, criando refer\u00eancias no uso inovador da tecnologia e valorizando as escolas p\u00fablicas de ensino fundamental e m\u00e9dio e as escolas t\u00e9cnicas. Para concorrer, o educador deve se inscrever pelo [&hellip;]<\/p>\n","protected":false},"author":2,"featured_media":0,"comment_status":"open","ping_status":"open","sticky":false,"template":"","format":"standard","meta":{"site-container-style":"default","site-container-layout":"default","site-sidebar-layout":"default","disable-article-header":"default","disable-site-header":"default","disable-site-footer":"default","disable-content-area-spacing":"default","footnotes":""},"categories":[4],"tags":[],"class_list":["post-8596","post","type-post","status-publish","format-standard","hentry","category-noticias"],"yoast_head":"<!-- This site is optimized with the Yoast SEO plugin v27.4 - https:\/\/yoast.com\/product\/yoast-seo-wordpress\/ -->\n<title>Pr\u00eamio Microsoft Educadores Inovadores Brasil 2009 -<\/title>\n<meta name=\"robots\" content=\"index, follow, max-snippet:-1, max-image-preview:large, max-video-preview:-1\" \/>\n<link rel=\"canonical\" href=\"https:\/\/inclusivenews.com.br\/?p=8596\" \/>\n<meta property=\"og:locale\" content=\"pt_PT\" \/>\n<meta property=\"og:type\" content=\"article\" \/>\n<meta property=\"og:title\" content=\"Pr\u00eamio Microsoft Educadores Inovadores Brasil 2009 -\" \/>\n<meta property=\"og:description\" content=\"A inten\u00e7\u00e3o do evento \u00e9 fomentar o desenvolvimento das melhores pr\u00e1ticas educacionais na rotina di\u00e1ria das institui\u00e7\u00f5es de ensino, promovendo a troca de experi\u00eancias entre educadores, criando refer\u00eancias no uso inovador da tecnologia e valorizando as escolas p\u00fablicas de ensino fundamental e m\u00e9dio e as escolas t\u00e9cnicas. Para concorrer, o educador deve se inscrever pelo [&hellip;]\" \/>\n<meta property=\"og:url\" content=\"https:\/\/inclusivenews.com.br\/?p=8596\" \/>\n<meta property=\"article:publisher\" content=\"https:\/\/www.facebook.com\/agenciainclusive\/\" \/>\n<meta property=\"article:published_time\" content=\"2009-06-25T14:01:05+00:00\" \/>\n<meta name=\"author\" content=\"Inclusive\" \/>\n<meta name=\"twitter:card\" content=\"summary_large_image\" \/>\n<meta name=\"twitter:label1\" content=\"Escrito por\" \/>\n\t<meta name=\"twitter:data1\" content=\"Inclusive\" \/>\n\t<meta name=\"twitter:label2\" content=\"Tempo estimado de leitura\" \/>\n\t<meta name=\"twitter:data2\" content=\"2 minutos\" \/>\n<script type=\"application\/ld+json\" class=\"yoast-schema-graph\">{\"@context\":\"https:\\\/\\\/schema.org\",\"@graph\":[{\"@type\":\"Article\",\"@id\":\"https:\\\/\\\/inclusivenews.com.br\\\/?p=8596#article\",\"isPartOf\":{\"@id\":\"https:\\\/\\\/inclusivenews.com.br\\\/?p=8596\"},\"author\":{\"name\":\"Inclusive\",\"@id\":\"https:\\\/\\\/inclusivenews.com.br\\\/#\\\/schema\\\/person\\\/0dab492019871b94abb65fa8ee7c8c44\"},\"headline\":\"Pr\u00eamio Microsoft Educadores Inovadores Brasil 2009\",\"datePublished\":\"2009-06-25T14:01:05+00:00\",\"mainEntityOfPage\":{\"@id\":\"https:\\\/\\\/inclusivenews.com.br\\\/?p=8596\"},\"wordCount\":390,\"commentCount\":0,\"publisher\":{\"@id\":\"https:\\\/\\\/inclusivenews.com.br\\\/#organization\"},\"articleSection\":[\"NOT\u00cdCIAS\"],\"inLanguage\":\"pt-PT\",\"potentialAction\":[{\"@type\":\"CommentAction\",\"name\":\"Comment\",\"target\":[\"https:\\\/\\\/inclusivenews.com.br\\\/?p=8596#respond\"]}]},{\"@type\":\"WebPage\",\"@id\":\"https:\\\/\\\/inclusivenews.com.br\\\/?p=8596\",\"url\":\"https:\\\/\\\/inclusivenews.com.br\\\/?p=8596\",\"name\":\"Pr\u00eamio Microsoft Educadores Inovadores Brasil 2009 -\",\"isPartOf\":{\"@id\":\"https:\\\/\\\/inclusivenews.com.br\\\/#website\"},\"datePublished\":\"2009-06-25T14:01:05+00:00\",\"breadcrumb\":{\"@id\":\"https:\\\/\\\/inclusivenews.com.br\\\/?p=8596#breadcrumb\"},\"inLanguage\":\"pt-PT\",\"potentialAction\":[{\"@type\":\"ReadAction\",\"target\":[\"https:\\\/\\\/inclusivenews.com.br\\\/?p=8596\"]}]},{\"@type\":\"BreadcrumbList\",\"@id\":\"https:\\\/\\\/inclusivenews.com.br\\\/?p=8596#breadcrumb\",\"itemListElement\":[{\"@type\":\"ListItem\",\"position\":1,\"name\":\"In\u00edcio\",\"item\":\"https:\\\/\\\/inclusivenews.com.br\\\/\"},{\"@type\":\"ListItem\",\"position\":2,\"name\":\"Pr\u00eamio Microsoft Educadores Inovadores Brasil 2009\"}]},{\"@type\":\"WebSite\",\"@id\":\"https:\\\/\\\/inclusivenews.com.br\\\/#website\",\"url\":\"https:\\\/\\\/inclusivenews.com.br\\\/\",\"name\":\"Inclusive News\",\"description\":\"Inclusive News\",\"publisher\":{\"@id\":\"https:\\\/\\\/inclusivenews.com.br\\\/#organization\"},\"potentialAction\":[{\"@type\":\"SearchAction\",\"target\":{\"@type\":\"EntryPoint\",\"urlTemplate\":\"https:\\\/\\\/inclusivenews.com.br\\\/?s={search_term_string}\"},\"query-input\":{\"@type\":\"PropertyValueSpecification\",\"valueRequired\":true,\"valueName\":\"search_term_string\"}}],\"inLanguage\":\"pt-PT\"},{\"@type\":\"Organization\",\"@id\":\"https:\\\/\\\/inclusivenews.com.br\\\/#organization\",\"name\":\"Inclusive - inclus\u00e3o e cidadania\",\"url\":\"https:\\\/\\\/inclusivenews.com.br\\\/\",\"logo\":{\"@type\":\"ImageObject\",\"inLanguage\":\"pt-PT\",\"@id\":\"https:\\\/\\\/inclusivenews.com.br\\\/#\\\/schema\\\/logo\\\/image\\\/\",\"url\":\"https:\\\/\\\/inclusivenews.com.br\\\/wp-content\\\/uploads\\\/2024\\\/03\\\/@grandesite.png\",\"contentUrl\":\"https:\\\/\\\/inclusivenews.com.br\\\/wp-content\\\/uploads\\\/2024\\\/03\\\/@grandesite.png\",\"width\":1080,\"height\":1080,\"caption\":\"Inclusive - inclus\u00e3o e cidadania\"},\"image\":{\"@id\":\"https:\\\/\\\/inclusivenews.com.br\\\/#\\\/schema\\\/logo\\\/image\\\/\"},\"sameAs\":[\"https:\\\/\\\/www.facebook.com\\\/agenciainclusive\\\/\",\"https:\\\/\\\/www.instagram.com\\\/newsinclusive\\\/\"]},{\"@type\":\"Person\",\"@id\":\"https:\\\/\\\/inclusivenews.com.br\\\/#\\\/schema\\\/person\\\/0dab492019871b94abb65fa8ee7c8c44\",\"name\":\"Inclusive\",\"image\":{\"@type\":\"ImageObject\",\"inLanguage\":\"pt-PT\",\"@id\":\"https:\\\/\\\/secure.gravatar.com\\\/avatar\\\/?s=96&d=mm&r=g\",\"url\":\"https:\\\/\\\/secure.gravatar.com\\\/avatar\\\/?s=96&d=mm&r=g\",\"contentUrl\":\"https:\\\/\\\/secure.gravatar.com\\\/avatar\\\/?s=96&d=mm&r=g\",\"caption\":\"Inclusive\"},\"url\":\"https:\\\/\\\/inclusivenews.com.br\\\/?author=2\"}]}<\/script>\n<!-- \/ Yoast SEO plugin. -->","yoast_head_json":{"title":"Pr\u00eamio Microsoft Educadores Inovadores Brasil 2009 -","robots":{"index":"index","follow":"follow","max-snippet":"max-snippet:-1","max-image-preview":"max-image-preview:large","max-video-preview":"max-video-preview:-1"},"canonical":"https:\/\/inclusivenews.com.br\/?p=8596","og_locale":"pt_PT","og_type":"article","og_title":"Pr\u00eamio Microsoft Educadores Inovadores Brasil 2009 -","og_description":"A inten\u00e7\u00e3o do evento \u00e9 fomentar o desenvolvimento das melhores pr\u00e1ticas educacionais na rotina di\u00e1ria das institui\u00e7\u00f5es de ensino, promovendo a troca de experi\u00eancias entre educadores, criando refer\u00eancias no uso inovador da tecnologia e valorizando as escolas p\u00fablicas de ensino fundamental e m\u00e9dio e as escolas t\u00e9cnicas. Para concorrer, o educador deve se inscrever pelo [&hellip;]","og_url":"https:\/\/inclusivenews.com.br\/?p=8596","article_publisher":"https:\/\/www.facebook.com\/agenciainclusive\/","article_published_time":"2009-06-25T14:01:05+00:00","author":"Inclusive","twitter_card":"summary_large_image","twitter_misc":{"Escrito por":"Inclusive","Tempo estimado de leitura":"2 minutos"},"schema":{"@context":"https:\/\/schema.org","@graph":[{"@type":"Article","@id":"https:\/\/inclusivenews.com.br\/?p=8596#article","isPartOf":{"@id":"https:\/\/inclusivenews.com.br\/?p=8596"},"author":{"name":"Inclusive","@id":"https:\/\/inclusivenews.com.br\/#\/schema\/person\/0dab492019871b94abb65fa8ee7c8c44"},"headline":"Pr\u00eamio Microsoft Educadores Inovadores Brasil 2009","datePublished":"2009-06-25T14:01:05+00:00","mainEntityOfPage":{"@id":"https:\/\/inclusivenews.com.br\/?p=8596"},"wordCount":390,"commentCount":0,"publisher":{"@id":"https:\/\/inclusivenews.com.br\/#organization"},"articleSection":["NOT\u00cdCIAS"],"inLanguage":"pt-PT","potentialAction":[{"@type":"CommentAction","name":"Comment","target":["https:\/\/inclusivenews.com.br\/?p=8596#respond"]}]},{"@type":"WebPage","@id":"https:\/\/inclusivenews.com.br\/?p=8596","url":"https:\/\/inclusivenews.com.br\/?p=8596","name":"Pr\u00eamio Microsoft Educadores Inovadores Brasil 2009 -","isPartOf":{"@id":"https:\/\/inclusivenews.com.br\/#website"},"datePublished":"2009-06-25T14:01:05+00:00","breadcrumb":{"@id":"https:\/\/inclusivenews.com.br\/?p=8596#breadcrumb"},"inLanguage":"pt-PT","potentialAction":[{"@type":"ReadAction","target":["https:\/\/inclusivenews.com.br\/?p=8596"]}]},{"@type":"BreadcrumbList","@id":"https:\/\/inclusivenews.com.br\/?p=8596#breadcrumb","itemListElement":[{"@type":"ListItem","position":1,"name":"In\u00edcio","item":"https:\/\/inclusivenews.com.br\/"},{"@type":"ListItem","position":2,"name":"Pr\u00eamio Microsoft Educadores Inovadores Brasil 2009"}]},{"@type":"WebSite","@id":"https:\/\/inclusivenews.com.br\/#website","url":"https:\/\/inclusivenews.com.br\/","name":"Inclusive News","description":"Inclusive News","publisher":{"@id":"https:\/\/inclusivenews.com.br\/#organization"},"potentialAction":[{"@type":"SearchAction","target":{"@type":"EntryPoint","urlTemplate":"https:\/\/inclusivenews.com.br\/?s={search_term_string}"},"query-input":{"@type":"PropertyValueSpecification","valueRequired":true,"valueName":"search_term_string"}}],"inLanguage":"pt-PT"},{"@type":"Organization","@id":"https:\/\/inclusivenews.com.br\/#organization","name":"Inclusive - inclus\u00e3o e cidadania","url":"https:\/\/inclusivenews.com.br\/","logo":{"@type":"ImageObject","inLanguage":"pt-PT","@id":"https:\/\/inclusivenews.com.br\/#\/schema\/logo\/image\/","url":"https:\/\/inclusivenews.com.br\/wp-content\/uploads\/2024\/03\/@grandesite.png","contentUrl":"https:\/\/inclusivenews.com.br\/wp-content\/uploads\/2024\/03\/@grandesite.png","width":1080,"height":1080,"caption":"Inclusive - inclus\u00e3o e cidadania"},"image":{"@id":"https:\/\/inclusivenews.com.br\/#\/schema\/logo\/image\/"},"sameAs":["https:\/\/www.facebook.com\/agenciainclusive\/","https:\/\/www.instagram.com\/newsinclusive\/"]},{"@type":"Person","@id":"https:\/\/inclusivenews.com.br\/#\/schema\/person\/0dab492019871b94abb65fa8ee7c8c44","name":"Inclusive","image":{"@type":"ImageObject","inLanguage":"pt-PT","@id":"https:\/\/secure.gravatar.com\/avatar\/?s=96&d=mm&r=g","url":"https:\/\/secure.gravatar.com\/avatar\/?s=96&d=mm&r=g","contentUrl":"https:\/\/secure.gravatar.com\/avatar\/?s=96&d=mm&r=g","caption":"Inclusive"},"url":"https:\/\/inclusivenews.com.br\/?author=2"}]}},"_links":{"self":[{"href":"https:\/\/inclusivenews.com.br\/index.php?rest_route=\/wp\/v2\/posts\/8596","targetHints":{"allow":["GET"]}}],"collection":[{"href":"https:\/\/inclusivenews.com.br\/index.php?rest_route=\/wp\/v2\/posts"}],"about":[{"href":"https:\/\/inclusivenews.com.br\/index.php?rest_route=\/wp\/v2\/types\/post"}],"author":[{"embeddable":true,"href":"https:\/\/inclusivenews.com.br\/index.php?rest_route=\/wp\/v2\/users\/2"}],"replies":[{"embeddable":true,"href":"https:\/\/inclusivenews.com.br\/index.php?rest_route=%2Fwp%2Fv2%2Fcomments&post=8596"}],"version-history":[{"count":0,"href":"https:\/\/inclusivenews.com.br\/index.php?rest_route=\/wp\/v2\/posts\/8596\/revisions"}],"wp:attachment":[{"href":"https:\/\/inclusivenews.com.br\/index.php?rest_route=%2Fwp%2Fv2%2Fmedia&parent=8596"}],"wp:term":[{"taxonomy":"category","embeddable":true,"href":"https:\/\/inclusivenews.com.br\/index.php?rest_route=%2Fwp%2Fv2%2Fcategories&post=8596"},{"taxonomy":"post_tag","embeddable":true,"href":"https:\/\/inclusivenews.com.br\/index.php?rest_route=%2Fwp%2Fv2%2Ftags&post=8596"}],"curies":[{"name":"wp","href":"https:\/\/api.w.org\/{rel}","templated":true}]}}