{"id":8602,"date":"2009-06-26T10:04:50","date_gmt":"2009-06-26T10:04:50","guid":{"rendered":"http:\/\/agenciainclusive.wordpress.com\/?p=8602"},"modified":"2009-06-26T10:04:50","modified_gmt":"2009-06-26T10:04:50","slug":"carta-aberta-ao-jornal-nacional-associacao-brasileira-do-deficit-de-atencao","status":"publish","type":"post","link":"https:\/\/inclusivenews.com.br\/?p=8602","title":{"rendered":"Carta Aberta ao Jornal Nacional &#8211; Associa\u00e7\u00e3o Brasileira do D\u00e9ficit de Aten\u00e7\u00e3o"},"content":{"rendered":"<p><strong>Dr. Marco A. Arruda<br \/>\nAssocia\u00e7\u00e3o Brasileira do D\u00e9ficit de Aten\u00e7\u00e3o<\/strong><\/p>\n<p>N\u00e3o troco os dias de hoje de ampla, total e irrestrita liberdade de<br \/>\nexpress\u00e3o, por aquelas noites de um passado n\u00e3o t\u00e3o distante em que nos<br \/>\nprivaram do voto e da informa\u00e7\u00e3o. \u00c9 bom contemplar a parcela da imprensa<br \/>\nlivre que traz numerosas contribui\u00e7\u00f5es para a sociedade, difunde ideias,<br \/>\ncobra transpar\u00eancia e \u00e9tica, estimula a reflex\u00e3o e leva o conhecimento<br \/>\ncient\u00edfico mais atual at\u00e9 o mais humilde e marginalizado cidad\u00e3o. Por outro<br \/>\nlado \u00e9 ruim ver prosperar uma outra imprensa, \u201cfilha de uma m\u00eddia\u201d<br \/>\ninescrupulosa que usa os mesmos m\u00e9todos daqueles tempos de escurid\u00e3o para<br \/>\ndistorcer ou ocultar a informa\u00e7\u00e3o, satisfazendo sua insaci\u00e1vel f\u00faria e<br \/>\nambi\u00e7\u00e3o em busca da audi\u00eancia e do dinheiro certo do patrocinador. Nossa<br \/>\nmoderna sociedade democr\u00e1tica, no entanto, j\u00e1 mostra sinais de impaci\u00eancia e<br \/>\nindigna\u00e7\u00e3o, n\u00e3o admite mais outros casos \u201cEscola Base\u201d e exige informa\u00e7\u00e3o<br \/>\nbaseada em evid\u00eancias, al\u00e9m de uma legisla\u00e7\u00e3o que regule o setor, impedindo<br \/>\na exposi\u00e7\u00e3o de nossas crian\u00e7as ao apelo sexual e \u00e0 mensagem subliminar e<br \/>\nmassacrante de determinados ve\u00edculos de comunica\u00e7\u00e3o de que \u201cs\u00f3 vale a pena o<br \/>\nque d\u00e1 prazer imediato\u201d. Que tal discutirmos at\u00e9 que ponto modernas<br \/>\npandemias infantis como a de obesidade, consumo de drogas, consumismo,<br \/>\ndificuldade escolar e inadequa\u00e7\u00e3o comportamental derivam da inocula\u00e7\u00e3o dessa<br \/>\nmensagem travestida na mente dos nossos filhos? Com a revoga\u00e7\u00e3o da antiga<br \/>\nlei de imprensa, remanescente da \u00e9poca escura, permanecem sem regula\u00e7\u00e3o<br \/>\nimportantes quest\u00f5es como o direito de resposta, danos morais e a<br \/>\nresponsabilidade de quem veicula a informa\u00e7\u00e3o. Em mais um lament\u00e1vel<br \/>\nepis\u00f3dio de desservi\u00e7o dos meios de comunica\u00e7\u00e3o, vimos a reportagem do<br \/>\nJornal Nacional do \u00faltimo dia 18 que anunciava o \u201ccrescimento assustador do<br \/>\nuso da droga da obedi\u00eancia\u201d. Al\u00e9m da equivocada alus\u00e3o \u00e0 obedi\u00eancia, a<br \/>\nmat\u00e9ria prosseguiu crucificando o medicamento, priorizando \u201cachismos\u201d a<br \/>\nevid\u00eancias cient\u00edficas atuais e n\u00fameros isolados a teses bem sustentadas. No<br \/>\ndesfecho a declara\u00e7\u00e3o desastrosa e irrespons\u00e1vel de uma pediatra, professora<br \/>\nuniversit\u00e1ria, sem experi\u00eancia nem tampouco conhecimento not\u00f3rio em<br \/>\nNeuropsiquiatria Infantil, de que \u201cn\u00e3o daria esse rem\u00e9dio\u201d a uma crian\u00e7a.<br \/>\nIgnora ela o impacto que o Transtorno do D\u00e9ficit de Aten\u00e7\u00e3o e Hiperatividade<br \/>\ncausa aos portadores, seus familiares e a sociedade como um todo, ignora ela<br \/>\nque menos de 1% dos portadores s\u00e3o diagnosticados e tratados em nosso pa\u00eds,<br \/>\nignora ela a seguran\u00e7a de um medicamento que conta hoje com mais de<br \/>\ncinq\u00fcenta anos de idade e evid\u00eancias cient\u00edficas de efic\u00e1cia e seguran\u00e7a.<br \/>\nCom uma semana da passagem do tsunami as perdas ainda s\u00e3o incalcul\u00e1veis,<br \/>\nhouve tempo para tranq\u00fcilizar muitos pais e portadores assustados com a<br \/>\nreportagem, mas, infelizmente, tenho certeza que uma quantidade muito maior<br \/>\ndesistiu do tratamento, desistiu do seu m\u00e9dico e abandonou a medica\u00e7\u00e3o.<\/p>\n<p><strong>Carta Aberta ao Jornal Nacional do dia 18 de junho de 2009<\/strong><\/p>\n<p>A reportagem veiculada no Jornal Nacional, da TV Globo, representou mais uma<br \/>\ndentre as v\u00e1rias mat\u00e9rias recentes cujo conte\u00fado apresenta uma percep\u00e7\u00e3o<br \/>\nincorreta do Transtorno do D\u00e9ficit de Aten\u00e7\u00e3o (TDAH)<br \/>\nA aus\u00eancia de v\u00e1rios pesquisadores por si s\u00f3 \u00e9 bastante sugestiva. S\u00e3o<br \/>\nentrevistados alguns profissionais que emitem opini\u00f5es pr\u00f3prias, como se<br \/>\nelas fossem representativas de sua categoria. Ao contr\u00e1rio do que disse um<br \/>\ndos entrevistados, existe consenso entre m\u00e9dicos neurologistas,<br \/>\nneuropediatras, pediatras e psiquiatras que o TDAH frequentemente exige<br \/>\ntratamento medicamentoso. A opini\u00e3o pessoal de um profissional, quando<br \/>\noposta aos demais de sua categoria profissional, aos consensos publicados na<br \/>\nliteratura cient\u00edfica e aos achados de pesquisa n\u00e3o apenas \u00e9 irrelevante<br \/>\ncomo potencialmente danosa. Com o advento da moderna medicina, o que um<br \/>\nprofissional \u201cacha\u201d sobre determinada doen\u00e7a ou seu tratamento n\u00e3o \u00e9 mais<br \/>\nrelevante: \u00e9 necess\u00e1rio consultar os resultados de pesquisas cient\u00edficas<br \/>\nrealizadas por diferentes estudiosos, em diversos pa\u00edses, inclusive por<br \/>\ngrupos que competem entre si. O nome disto \u00e9 medicina baseada em evid\u00eancia e<br \/>\n\u00e9 improv\u00e1vel que jornalistas n\u00e3o conhe\u00e7am isto.<br \/>\nS\u00f3 h\u00e1 uma forma de se \u201caveriguar\u201d se determinada concep\u00e7\u00e3o \u00e9 correta ou n\u00e3o:<br \/>\natrav\u00e9s de pesquisa cient\u00edfica publicada em revistas especializadas. Os<br \/>\nestudos s\u00e3o revisados por pareceristas an\u00f4nimos, tamb\u00e9m pesquisadores. Mesmo<br \/>\nap\u00f3s passar pelo seu crivo os resultados, por terem sido apresentados em<br \/>\ndetalhes, podem ser criticados, novamente analisados e mesmo reproduzidos<br \/>\n(ou n\u00e3o) por outros. Por outro lado, como seria poss\u00edvel \u201caveriguar\u201d a<br \/>\n\u201copini\u00e3o pessoal\u201d de algu\u00e9m? Ser\u00e1 que os jornalistas realmente cr\u00eaem que<br \/>\n\u201cachismo\u201d \u00e9 relevante?<br \/>\nSeria oportuno que os jornalistas indicassem os crit\u00e9rios de sele\u00e7\u00e3o de<br \/>\nalguns entrevistados. Mas como tais crit\u00e9rios na m\u00eddia s\u00e3o obscuros, s\u00f3<br \/>\nresta ao expectador consultar se os entrevistados que discorrem contra o<br \/>\nTDAH e seu tratamento, alguma vez na vida pesquisou ou publicou um artigo<br \/>\ncientifico sobre TDAH: basta consultar o site <a href=\"http:\/\/www.lattes.cnpq\/\">www.lattes.cnpq<\/a>. br<br \/>\nPor que n\u00e3o entrevistam associa\u00e7\u00e3o de portadores, como a ABDA? N\u00e3o s\u00e3o<br \/>\njustamente os portadores e seus familiares os maiores interessados neste<br \/>\nassunto?<br \/>\nEntrevistar um \u00fanico indiv\u00edduo que sofreu efeitos colaterais de qualquer<br \/>\nmedicamento que seja \u00e9, na melhor das hip\u00f3teses, sinal de ignor\u00e2ncia. Na<br \/>\npior delas, sinal de m\u00e1 f\u00e9. Os brasileiros perderam um grande nome da m\u00fasica<br \/>\npopular por conta de uma anestesia. Isto significa que devemos abolir as<br \/>\nanestesias? Um dos medicamentos mais utilizados para dor e febre, vendido<br \/>\nsem receita m\u00e9dica e de uso infantil, \u00e9 o acetaminofen, que muito raramente<br \/>\npode levar a graves complica\u00e7\u00f5es hep\u00e1ticas (no f\u00edgado), inclusive fatais.<br \/>\nIsto n\u00e3o significa que o medicamento deva ser proibido. Ser\u00e1 que ensinam<br \/>\nmatem\u00e1tica nos cursos de jornalismo? Mais ainda, n\u00e3o sabemos sequer se a<br \/>\ncrian\u00e7a da reportagem de fato tinha TDAH, se foi diagnosticada por<br \/>\nespecialista e recebeu prescri\u00e7\u00e3o de modo correto.<br \/>\nPor ultimo, enfatizamos que existem in\u00fameros estudos cient\u00edficos<br \/>\ndemonstrando que o TDAH, quando n\u00e3o tratado, se associa a v\u00e1rias<br \/>\ncomplica\u00e7\u00f5es: uso de drogas, mais fracasso escolar e mais repet\u00eancia,<br \/>\nmaiores \u00edndices de desemprego, maior freq\u00fc\u00eancia de depress\u00e3o e ansiedade,<br \/>\nmais acidentes automobil\u00edsticos e maiores \u00edndices de div\u00f3rcio. Por este<br \/>\nmotivo, agradecemos aos 3 profissionais que na entrevista discorreram de<br \/>\nforma correta, respons\u00e1vel e \u00e9tica acerca do TDAH, a saber: Dr. Claudio<br \/>\nCosta, Dra. Claudia Machado e Regina Volpini.<br \/>\nMat\u00e9rias jornal\u00edsticas t\u00eam elevado impacto na popula\u00e7\u00e3o, de modo geral.<br \/>\nQuando seu conte\u00fado apresenta inverdades ou promove o medo injustificado ao<br \/>\ntratamento de uma doen\u00e7a s\u00e9ria, faz grave desservi\u00e7o ao pa\u00eds. Mais ainda,<br \/>\nquando sob uma falsa maquiagem de imparcialidade apresenta vis\u00f5es opostas<br \/>\nprovidenciando, entretanto que uma delas tenha destaque ou enorme apelo,<br \/>\nmesmo se sabendo infundada, infringe o mais b\u00e1sico dos preceitos do<br \/>\njornalismo.<br \/>\nAssocia\u00e7\u00e3o Brasileira do D\u00e9ficit de Aten\u00e7\u00e3o<br \/>\n<a href=\"http:\/\/www.tdah.org.br\">www.tdah.org.br<\/a><\/p>\n<p>Reportagem exibida no JN de 18 de junho de 2009<br \/>\nQuinta-feira, 18\/06\/2009<br \/>\n\u201cCresce assustadoramente o uso da droga da obedi\u00eancia\u201d.<br \/>\nClique na imagem para ver a reportagem no site da TV Globo.<\/p>\n","protected":false},"excerpt":{"rendered":"<p>Dr. Marco A. Arruda Associa\u00e7\u00e3o Brasileira do D\u00e9ficit de Aten\u00e7\u00e3o N\u00e3o troco os dias de hoje de ampla, total e irrestrita liberdade de express\u00e3o, por aquelas noites de um passado n\u00e3o t\u00e3o distante em que nos privaram do voto e da informa\u00e7\u00e3o. \u00c9 bom contemplar a parcela da imprensa livre que traz numerosas contribui\u00e7\u00f5es para [&hellip;]<\/p>\n","protected":false},"author":2,"featured_media":0,"comment_status":"open","ping_status":"open","sticky":false,"template":"","format":"standard","meta":{"site-container-style":"default","site-container-layout":"default","site-sidebar-layout":"default","disable-article-header":"default","disable-site-header":"default","disable-site-footer":"default","disable-content-area-spacing":"default","footnotes":""},"categories":[13],"tags":[],"class_list":["post-8602","post","type-post","status-publish","format-standard","hentry","category-denuncias"],"yoast_head":"<!-- This site is optimized with the Yoast SEO plugin v27.4 - https:\/\/yoast.com\/product\/yoast-seo-wordpress\/ -->\n<title>Carta Aberta ao Jornal Nacional - Associa\u00e7\u00e3o Brasileira do D\u00e9ficit de Aten\u00e7\u00e3o -<\/title>\n<meta name=\"robots\" content=\"index, follow, max-snippet:-1, max-image-preview:large, max-video-preview:-1\" \/>\n<link rel=\"canonical\" href=\"https:\/\/inclusivenews.com.br\/?p=8602\" \/>\n<meta property=\"og:locale\" content=\"pt_PT\" \/>\n<meta property=\"og:type\" content=\"article\" \/>\n<meta property=\"og:title\" content=\"Carta Aberta ao Jornal Nacional - Associa\u00e7\u00e3o Brasileira do D\u00e9ficit de Aten\u00e7\u00e3o -\" \/>\n<meta property=\"og:description\" content=\"Dr. Marco A. Arruda Associa\u00e7\u00e3o Brasileira do D\u00e9ficit de Aten\u00e7\u00e3o N\u00e3o troco os dias de hoje de ampla, total e irrestrita liberdade de express\u00e3o, por aquelas noites de um passado n\u00e3o t\u00e3o distante em que nos privaram do voto e da informa\u00e7\u00e3o. \u00c9 bom contemplar a parcela da imprensa livre que traz numerosas contribui\u00e7\u00f5es para [&hellip;]\" \/>\n<meta property=\"og:url\" content=\"https:\/\/inclusivenews.com.br\/?p=8602\" \/>\n<meta property=\"article:publisher\" content=\"https:\/\/www.facebook.com\/agenciainclusive\/\" \/>\n<meta property=\"article:published_time\" content=\"2009-06-26T10:04:50+00:00\" \/>\n<meta name=\"author\" content=\"Inclusive\" \/>\n<meta name=\"twitter:card\" content=\"summary_large_image\" \/>\n<meta name=\"twitter:label1\" content=\"Escrito por\" \/>\n\t<meta name=\"twitter:data1\" content=\"Inclusive\" \/>\n\t<meta name=\"twitter:label2\" content=\"Tempo estimado de leitura\" \/>\n\t<meta name=\"twitter:data2\" content=\"6 minutos\" \/>\n<script type=\"application\/ld+json\" class=\"yoast-schema-graph\">{\"@context\":\"https:\\\/\\\/schema.org\",\"@graph\":[{\"@type\":\"Article\",\"@id\":\"https:\\\/\\\/inclusivenews.com.br\\\/?p=8602#article\",\"isPartOf\":{\"@id\":\"https:\\\/\\\/inclusivenews.com.br\\\/?p=8602\"},\"author\":{\"name\":\"Inclusive\",\"@id\":\"https:\\\/\\\/inclusivenews.com.br\\\/#\\\/schema\\\/person\\\/0dab492019871b94abb65fa8ee7c8c44\"},\"headline\":\"Carta Aberta ao Jornal Nacional &#8211; Associa\u00e7\u00e3o Brasileira do D\u00e9ficit de Aten\u00e7\u00e3o\",\"datePublished\":\"2009-06-26T10:04:50+00:00\",\"mainEntityOfPage\":{\"@id\":\"https:\\\/\\\/inclusivenews.com.br\\\/?p=8602\"},\"wordCount\":1255,\"commentCount\":0,\"publisher\":{\"@id\":\"https:\\\/\\\/inclusivenews.com.br\\\/#organization\"},\"articleSection\":[\"Den\u00fancias\"],\"inLanguage\":\"pt-PT\",\"potentialAction\":[{\"@type\":\"CommentAction\",\"name\":\"Comment\",\"target\":[\"https:\\\/\\\/inclusivenews.com.br\\\/?p=8602#respond\"]}]},{\"@type\":\"WebPage\",\"@id\":\"https:\\\/\\\/inclusivenews.com.br\\\/?p=8602\",\"url\":\"https:\\\/\\\/inclusivenews.com.br\\\/?p=8602\",\"name\":\"Carta Aberta ao Jornal Nacional - Associa\u00e7\u00e3o Brasileira do D\u00e9ficit de Aten\u00e7\u00e3o -\",\"isPartOf\":{\"@id\":\"https:\\\/\\\/inclusivenews.com.br\\\/#website\"},\"datePublished\":\"2009-06-26T10:04:50+00:00\",\"breadcrumb\":{\"@id\":\"https:\\\/\\\/inclusivenews.com.br\\\/?p=8602#breadcrumb\"},\"inLanguage\":\"pt-PT\",\"potentialAction\":[{\"@type\":\"ReadAction\",\"target\":[\"https:\\\/\\\/inclusivenews.com.br\\\/?p=8602\"]}]},{\"@type\":\"BreadcrumbList\",\"@id\":\"https:\\\/\\\/inclusivenews.com.br\\\/?p=8602#breadcrumb\",\"itemListElement\":[{\"@type\":\"ListItem\",\"position\":1,\"name\":\"In\u00edcio\",\"item\":\"https:\\\/\\\/inclusivenews.com.br\\\/\"},{\"@type\":\"ListItem\",\"position\":2,\"name\":\"Carta Aberta ao Jornal Nacional &#8211; Associa\u00e7\u00e3o Brasileira do D\u00e9ficit de Aten\u00e7\u00e3o\"}]},{\"@type\":\"WebSite\",\"@id\":\"https:\\\/\\\/inclusivenews.com.br\\\/#website\",\"url\":\"https:\\\/\\\/inclusivenews.com.br\\\/\",\"name\":\"Inclusive News\",\"description\":\"Inclusive News\",\"publisher\":{\"@id\":\"https:\\\/\\\/inclusivenews.com.br\\\/#organization\"},\"potentialAction\":[{\"@type\":\"SearchAction\",\"target\":{\"@type\":\"EntryPoint\",\"urlTemplate\":\"https:\\\/\\\/inclusivenews.com.br\\\/?s={search_term_string}\"},\"query-input\":{\"@type\":\"PropertyValueSpecification\",\"valueRequired\":true,\"valueName\":\"search_term_string\"}}],\"inLanguage\":\"pt-PT\"},{\"@type\":\"Organization\",\"@id\":\"https:\\\/\\\/inclusivenews.com.br\\\/#organization\",\"name\":\"Inclusive - inclus\u00e3o e cidadania\",\"url\":\"https:\\\/\\\/inclusivenews.com.br\\\/\",\"logo\":{\"@type\":\"ImageObject\",\"inLanguage\":\"pt-PT\",\"@id\":\"https:\\\/\\\/inclusivenews.com.br\\\/#\\\/schema\\\/logo\\\/image\\\/\",\"url\":\"https:\\\/\\\/inclusivenews.com.br\\\/wp-content\\\/uploads\\\/2024\\\/03\\\/@grandesite.png\",\"contentUrl\":\"https:\\\/\\\/inclusivenews.com.br\\\/wp-content\\\/uploads\\\/2024\\\/03\\\/@grandesite.png\",\"width\":1080,\"height\":1080,\"caption\":\"Inclusive - inclus\u00e3o e cidadania\"},\"image\":{\"@id\":\"https:\\\/\\\/inclusivenews.com.br\\\/#\\\/schema\\\/logo\\\/image\\\/\"},\"sameAs\":[\"https:\\\/\\\/www.facebook.com\\\/agenciainclusive\\\/\",\"https:\\\/\\\/www.instagram.com\\\/newsinclusive\\\/\"]},{\"@type\":\"Person\",\"@id\":\"https:\\\/\\\/inclusivenews.com.br\\\/#\\\/schema\\\/person\\\/0dab492019871b94abb65fa8ee7c8c44\",\"name\":\"Inclusive\",\"image\":{\"@type\":\"ImageObject\",\"inLanguage\":\"pt-PT\",\"@id\":\"https:\\\/\\\/secure.gravatar.com\\\/avatar\\\/?s=96&d=mm&r=g\",\"url\":\"https:\\\/\\\/secure.gravatar.com\\\/avatar\\\/?s=96&d=mm&r=g\",\"contentUrl\":\"https:\\\/\\\/secure.gravatar.com\\\/avatar\\\/?s=96&d=mm&r=g\",\"caption\":\"Inclusive\"},\"url\":\"https:\\\/\\\/inclusivenews.com.br\\\/?author=2\"}]}<\/script>\n<!-- \/ Yoast SEO plugin. -->","yoast_head_json":{"title":"Carta Aberta ao Jornal Nacional - Associa\u00e7\u00e3o Brasileira do D\u00e9ficit de Aten\u00e7\u00e3o -","robots":{"index":"index","follow":"follow","max-snippet":"max-snippet:-1","max-image-preview":"max-image-preview:large","max-video-preview":"max-video-preview:-1"},"canonical":"https:\/\/inclusivenews.com.br\/?p=8602","og_locale":"pt_PT","og_type":"article","og_title":"Carta Aberta ao Jornal Nacional - Associa\u00e7\u00e3o Brasileira do D\u00e9ficit de Aten\u00e7\u00e3o -","og_description":"Dr. Marco A. Arruda Associa\u00e7\u00e3o Brasileira do D\u00e9ficit de Aten\u00e7\u00e3o N\u00e3o troco os dias de hoje de ampla, total e irrestrita liberdade de express\u00e3o, por aquelas noites de um passado n\u00e3o t\u00e3o distante em que nos privaram do voto e da informa\u00e7\u00e3o. \u00c9 bom contemplar a parcela da imprensa livre que traz numerosas contribui\u00e7\u00f5es para [&hellip;]","og_url":"https:\/\/inclusivenews.com.br\/?p=8602","article_publisher":"https:\/\/www.facebook.com\/agenciainclusive\/","article_published_time":"2009-06-26T10:04:50+00:00","author":"Inclusive","twitter_card":"summary_large_image","twitter_misc":{"Escrito por":"Inclusive","Tempo estimado de leitura":"6 minutos"},"schema":{"@context":"https:\/\/schema.org","@graph":[{"@type":"Article","@id":"https:\/\/inclusivenews.com.br\/?p=8602#article","isPartOf":{"@id":"https:\/\/inclusivenews.com.br\/?p=8602"},"author":{"name":"Inclusive","@id":"https:\/\/inclusivenews.com.br\/#\/schema\/person\/0dab492019871b94abb65fa8ee7c8c44"},"headline":"Carta Aberta ao Jornal Nacional &#8211; Associa\u00e7\u00e3o Brasileira do D\u00e9ficit de Aten\u00e7\u00e3o","datePublished":"2009-06-26T10:04:50+00:00","mainEntityOfPage":{"@id":"https:\/\/inclusivenews.com.br\/?p=8602"},"wordCount":1255,"commentCount":0,"publisher":{"@id":"https:\/\/inclusivenews.com.br\/#organization"},"articleSection":["Den\u00fancias"],"inLanguage":"pt-PT","potentialAction":[{"@type":"CommentAction","name":"Comment","target":["https:\/\/inclusivenews.com.br\/?p=8602#respond"]}]},{"@type":"WebPage","@id":"https:\/\/inclusivenews.com.br\/?p=8602","url":"https:\/\/inclusivenews.com.br\/?p=8602","name":"Carta Aberta ao Jornal Nacional - Associa\u00e7\u00e3o Brasileira do D\u00e9ficit de Aten\u00e7\u00e3o -","isPartOf":{"@id":"https:\/\/inclusivenews.com.br\/#website"},"datePublished":"2009-06-26T10:04:50+00:00","breadcrumb":{"@id":"https:\/\/inclusivenews.com.br\/?p=8602#breadcrumb"},"inLanguage":"pt-PT","potentialAction":[{"@type":"ReadAction","target":["https:\/\/inclusivenews.com.br\/?p=8602"]}]},{"@type":"BreadcrumbList","@id":"https:\/\/inclusivenews.com.br\/?p=8602#breadcrumb","itemListElement":[{"@type":"ListItem","position":1,"name":"In\u00edcio","item":"https:\/\/inclusivenews.com.br\/"},{"@type":"ListItem","position":2,"name":"Carta Aberta ao Jornal Nacional &#8211; Associa\u00e7\u00e3o Brasileira do D\u00e9ficit de Aten\u00e7\u00e3o"}]},{"@type":"WebSite","@id":"https:\/\/inclusivenews.com.br\/#website","url":"https:\/\/inclusivenews.com.br\/","name":"Inclusive News","description":"Inclusive News","publisher":{"@id":"https:\/\/inclusivenews.com.br\/#organization"},"potentialAction":[{"@type":"SearchAction","target":{"@type":"EntryPoint","urlTemplate":"https:\/\/inclusivenews.com.br\/?s={search_term_string}"},"query-input":{"@type":"PropertyValueSpecification","valueRequired":true,"valueName":"search_term_string"}}],"inLanguage":"pt-PT"},{"@type":"Organization","@id":"https:\/\/inclusivenews.com.br\/#organization","name":"Inclusive - inclus\u00e3o e cidadania","url":"https:\/\/inclusivenews.com.br\/","logo":{"@type":"ImageObject","inLanguage":"pt-PT","@id":"https:\/\/inclusivenews.com.br\/#\/schema\/logo\/image\/","url":"https:\/\/inclusivenews.com.br\/wp-content\/uploads\/2024\/03\/@grandesite.png","contentUrl":"https:\/\/inclusivenews.com.br\/wp-content\/uploads\/2024\/03\/@grandesite.png","width":1080,"height":1080,"caption":"Inclusive - inclus\u00e3o e cidadania"},"image":{"@id":"https:\/\/inclusivenews.com.br\/#\/schema\/logo\/image\/"},"sameAs":["https:\/\/www.facebook.com\/agenciainclusive\/","https:\/\/www.instagram.com\/newsinclusive\/"]},{"@type":"Person","@id":"https:\/\/inclusivenews.com.br\/#\/schema\/person\/0dab492019871b94abb65fa8ee7c8c44","name":"Inclusive","image":{"@type":"ImageObject","inLanguage":"pt-PT","@id":"https:\/\/secure.gravatar.com\/avatar\/?s=96&d=mm&r=g","url":"https:\/\/secure.gravatar.com\/avatar\/?s=96&d=mm&r=g","contentUrl":"https:\/\/secure.gravatar.com\/avatar\/?s=96&d=mm&r=g","caption":"Inclusive"},"url":"https:\/\/inclusivenews.com.br\/?author=2"}]}},"_links":{"self":[{"href":"https:\/\/inclusivenews.com.br\/index.php?rest_route=\/wp\/v2\/posts\/8602","targetHints":{"allow":["GET"]}}],"collection":[{"href":"https:\/\/inclusivenews.com.br\/index.php?rest_route=\/wp\/v2\/posts"}],"about":[{"href":"https:\/\/inclusivenews.com.br\/index.php?rest_route=\/wp\/v2\/types\/post"}],"author":[{"embeddable":true,"href":"https:\/\/inclusivenews.com.br\/index.php?rest_route=\/wp\/v2\/users\/2"}],"replies":[{"embeddable":true,"href":"https:\/\/inclusivenews.com.br\/index.php?rest_route=%2Fwp%2Fv2%2Fcomments&post=8602"}],"version-history":[{"count":0,"href":"https:\/\/inclusivenews.com.br\/index.php?rest_route=\/wp\/v2\/posts\/8602\/revisions"}],"wp:attachment":[{"href":"https:\/\/inclusivenews.com.br\/index.php?rest_route=%2Fwp%2Fv2%2Fmedia&parent=8602"}],"wp:term":[{"taxonomy":"category","embeddable":true,"href":"https:\/\/inclusivenews.com.br\/index.php?rest_route=%2Fwp%2Fv2%2Fcategories&post=8602"},{"taxonomy":"post_tag","embeddable":true,"href":"https:\/\/inclusivenews.com.br\/index.php?rest_route=%2Fwp%2Fv2%2Ftags&post=8602"}],"curies":[{"name":"wp","href":"https:\/\/api.w.org\/{rel}","templated":true}]}}