{"id":8604,"date":"2009-06-26T10:08:34","date_gmt":"2009-06-26T10:08:34","guid":{"rendered":"http:\/\/agenciainclusive.wordpress.com\/?p=8604"},"modified":"2009-06-26T10:08:34","modified_gmt":"2009-06-26T10:08:34","slug":"eu-quero-ser-deficiente","status":"publish","type":"post","link":"https:\/\/inclusivenews.com.br\/?p=8604","title":{"rendered":"Eu quero ser deficiente *"},"content":{"rendered":"<p><img loading=\"lazy\" decoding=\"async\" class=\"size-full wp-image-5468 alignleft\" title=\"blogosfera\" src=\"http:\/\/agenciainclusive.files.wordpress.com\/2009\/02\/blogosfera.jpg\" alt=\"Descri\u00e7\u00e3o da imagem: globo formado por teclado de computador.\" width=\"90\" height=\"86\" \/><strong>Fabio Adiron<\/strong><\/p>\n<p><a href=\"http:\/\/xiitadainclusao.blogspot.com\/2009\/06\/eu-quero-ser-deficiente.html\">http:\/\/xiitadainclusao.blogspot.com\/2009\/06\/eu-quero-ser-deficiente.html<\/a><\/p>\n<p>Mais uma vez somos confrontados com uma s\u00e9rie de projetos de lei, decis\u00f5es jur\u00eddicas e debates sobre o que define defici\u00eancia ou n\u00e3o. De uma hora para outra todo mundo quer ser deficiente*. E n\u00e3o \u00e9 s\u00f3 aqui no Brasil, em outros pa\u00edses tamb\u00e9m. Nesse mesmo momento debate-se nos Estados Unidos se obesidade \u00e9 defici\u00eancia ou n\u00e3o.<\/p>\n<p>O que leva pessoas que n\u00e3o tem defici\u00eancia a quererem ser deficientes? Pessoas com defici\u00eancia sofrem preconceito por sua condi\u00e7\u00e3o, t\u00eam restri\u00e7\u00f5es de acesso a comunica\u00e7\u00e3o, mobilidade, aprendizado. S\u00e3o tratados de forma pejorativa (ou algu\u00e9m gosta de ser chamado de deficiente?) e, na maior parte das vezes, o m\u00e1ximo que recebem do mundo \u00e9 comisera\u00e7\u00e3o.<\/p>\n<p>A quest\u00e3o que est\u00e1 sendo posta em jogo n\u00e3o \u00e9 a condi\u00e7\u00e3o funcional que define ou n\u00e3o as defici\u00eancias, mas o acesso a muitos dos privil\u00e9gios que foram concedidos \u00e0s pessoas com defici\u00eancia.<\/p>\n<p>Por isso, n\u00f3s, dos movimentos em defesa das pessoas com defici\u00eancia, dever\u00edamos refletir seriamente sobre o que queremos: direitos ou privil\u00e9gios ? O resultado da conquista de tantos privil\u00e9gios (e t\u00e3o poucos direitos) \u00e9 que atrai a horda de pseudo deficientes em busca de uma fatia do bolo.<\/p>\n<p>Fa\u00e7amos uma suposi\u00e7\u00e3o b\u00e1sica : se todas as pessoas com defici\u00eancia tivessem acesso efetivo \u00e0 saude e \u00e0 educa\u00e7\u00e3o desde a sua inf\u00e2ncia elas teriam a chance, como qualquer um , de serem qualificadas. Sendo qualificadas poderiam disputar vagas no mercado de trabalho em condi\u00e7\u00f5es de igualdade. Mas esse direito n\u00e3o \u00e9 garantido de fato (apesar de s\u00ea-lo de direito), logo criam-se compensa\u00e7\u00f5es em forma de privil\u00e9gios.<\/p>\n<p>Como essas pessoas n\u00e3o tem acesso \u00e0 educa\u00e7\u00e3o e, consequentemente ao trabalho, acabam n\u00e3o tendo renda. Surgem outras compensa\u00e7\u00f5es em forma de aux\u00edlios assistenciais, benef\u00edcios fiscais, redu\u00e7\u00e3o de tempo de trabalho.<\/p>\n<p>Privil\u00e9gios ou direitos?<\/p>\n<p>A palavra &#8220;direito&#8221; vem do latim directus: &#8220;que segue regras pr\u00e9-determinadas ou um dado preceito. O que podemos exigir em conformidade com as leis ou a justi\u00e7a de forma equalit\u00e1ria para todas as pessoas. Alguns direitos, mesmo que n\u00e3o tranformados em lei s\u00e3o considerados como sendo inalien\u00e1veis aos seres humanos, o direito \u00e0 vida \u00e9 o mais significativo deles. Mas tamb\u00e9m se incluem entre eles os direitos \u00e0 liberdade, de opini\u00e3o, \u00e0 educa\u00e7\u00e3o, ao trabalho digno.<br \/>\nNem todas as leis ou preceitos legais garantem direitos similares para todos. Quando isso acontece temos um privil\u00e9gio que \u00e9 um direito ou vantagem concedida a algu\u00e9m com exclus\u00e3o de outros.<\/p>\n<p>Privil\u00e9gio \u00e9 uma coisa tentadora. Quem \u00e9 que n\u00e3o quer comprar carro sem imposto? Quem n\u00e3o gostaria de competir por empregos com vantagens sobre os demais? Quem n\u00e3o gostaria de poder se aposentar mais cedo? Quem n\u00e3o quer receber uma renda fixa mensal pelo resto da vida, mesmo quando o valor \u00e9 rid\u00edculo.<br \/>\nEu mesmo j\u00e1 fui questionado muitas vezes porque n\u00e3o uso a vaga reservada a pessoas com defici\u00eancia. Por que o faria se meu filho n\u00e3o tem dificuldades de locomo\u00e7\u00e3o? Por que eu pediria passe livre para o meu filho se eu tenho condi\u00e7\u00f5es financeiras de pagar a passagem de \u00f4nibus ou de metr\u00f4?<\/p>\n<p>Agora, algu\u00e9m conhece algu\u00e9m que n\u00e3o seja surdo que queira aprender Libras ou ter a garantia de int\u00e9rprete? Algu\u00e9m conhece algu\u00e9m que n\u00e3o seja cego que queira aprender Braille? Algu\u00e9m que n\u00e3o tenha defici\u00eancia f\u00edsica que prefira enfrentar as nossas cal\u00e7adas numa cadeira de rodas?<br \/>\nSer\u00e1 que algum dos candidatos \u00e0 deficiente gostaria de ser rotulado de deficiente intelectual?<\/p>\n<p>O momento n\u00e3o \u00e9 o de nos queixarmos em rela\u00e7\u00e3o aqueles que querem uma boquinha nessa festa, mas de revermos nossa postura em rela\u00e7\u00e3o ao que buscamos.<\/p>\n<p>Se continuarmos a lutar por privil\u00e9gios, daqui a pouco eu tamb\u00e9m vou me candidatar a um r\u00f3tulo qualquer que me garanta. Acho que posso me enquadrar na categoria de obesos.<\/p>\n<p>* uso a palavra &#8220;deficiente&#8221; de forma intencionalmente jocosa, uma vez que os candidatos \u00e0 qualifica\u00e7\u00e3o como pessoas com defici\u00eancia s\u00e3o apenas interesseiros em busca de privil\u00e9gios, mas n\u00e3o querem ser confundidos de fato com as pessoas com defici\u00eancia.<\/p>\n","protected":false},"excerpt":{"rendered":"<p>Fabio Adiron http:\/\/xiitadainclusao.blogspot.com\/2009\/06\/eu-quero-ser-deficiente.html Mais uma vez somos confrontados com uma s\u00e9rie de projetos de lei, decis\u00f5es jur\u00eddicas e debates sobre o que define defici\u00eancia ou n\u00e3o. De uma hora para outra todo mundo quer ser deficiente*. E n\u00e3o \u00e9 s\u00f3 aqui no Brasil, em outros pa\u00edses tamb\u00e9m. Nesse mesmo momento debate-se nos Estados Unidos se [&hellip;]<\/p>\n","protected":false},"author":2,"featured_media":0,"comment_status":"open","ping_status":"open","sticky":false,"template":"","format":"standard","meta":{"site-container-style":"default","site-container-layout":"default","site-sidebar-layout":"default","disable-article-header":"default","disable-site-header":"default","disable-site-footer":"default","disable-content-area-spacing":"default","footnotes":""},"categories":[8],"tags":[],"class_list":["post-8604","post","type-post","status-publish","format-standard","hentry","category-textos-e-artigos"],"yoast_head":"<!-- This site is optimized with the Yoast SEO plugin v27.4 - https:\/\/yoast.com\/product\/yoast-seo-wordpress\/ -->\n<title>Eu quero ser deficiente * -<\/title>\n<meta name=\"robots\" content=\"index, follow, max-snippet:-1, max-image-preview:large, max-video-preview:-1\" \/>\n<link rel=\"canonical\" href=\"https:\/\/inclusivenews.com.br\/?p=8604\" \/>\n<meta property=\"og:locale\" content=\"pt_PT\" \/>\n<meta property=\"og:type\" content=\"article\" \/>\n<meta property=\"og:title\" content=\"Eu quero ser deficiente * -\" \/>\n<meta property=\"og:description\" content=\"Fabio Adiron http:\/\/xiitadainclusao.blogspot.com\/2009\/06\/eu-quero-ser-deficiente.html Mais uma vez somos confrontados com uma s\u00e9rie de projetos de lei, decis\u00f5es jur\u00eddicas e debates sobre o que define defici\u00eancia ou n\u00e3o. De uma hora para outra todo mundo quer ser deficiente*. E n\u00e3o \u00e9 s\u00f3 aqui no Brasil, em outros pa\u00edses tamb\u00e9m. Nesse mesmo momento debate-se nos Estados Unidos se [&hellip;]\" \/>\n<meta property=\"og:url\" content=\"https:\/\/inclusivenews.com.br\/?p=8604\" \/>\n<meta property=\"article:publisher\" content=\"https:\/\/www.facebook.com\/agenciainclusive\/\" \/>\n<meta property=\"article:published_time\" content=\"2009-06-26T10:08:34+00:00\" \/>\n<meta property=\"og:image\" content=\"http:\/\/agenciainclusive.files.wordpress.com\/2009\/02\/blogosfera.jpg\" \/>\n<meta name=\"author\" content=\"Inclusive\" \/>\n<meta name=\"twitter:card\" content=\"summary_large_image\" \/>\n<meta name=\"twitter:label1\" content=\"Escrito por\" \/>\n\t<meta name=\"twitter:data1\" content=\"Inclusive\" \/>\n\t<meta name=\"twitter:label2\" content=\"Tempo estimado de leitura\" \/>\n\t<meta name=\"twitter:data2\" content=\"4 minutos\" \/>\n<script type=\"application\/ld+json\" class=\"yoast-schema-graph\">{\"@context\":\"https:\\\/\\\/schema.org\",\"@graph\":[{\"@type\":\"Article\",\"@id\":\"https:\\\/\\\/inclusivenews.com.br\\\/?p=8604#article\",\"isPartOf\":{\"@id\":\"https:\\\/\\\/inclusivenews.com.br\\\/?p=8604\"},\"author\":{\"name\":\"Inclusive\",\"@id\":\"https:\\\/\\\/inclusivenews.com.br\\\/#\\\/schema\\\/person\\\/0dab492019871b94abb65fa8ee7c8c44\"},\"headline\":\"Eu quero ser deficiente *\",\"datePublished\":\"2009-06-26T10:08:34+00:00\",\"mainEntityOfPage\":{\"@id\":\"https:\\\/\\\/inclusivenews.com.br\\\/?p=8604\"},\"wordCount\":750,\"commentCount\":0,\"publisher\":{\"@id\":\"https:\\\/\\\/inclusivenews.com.br\\\/#organization\"},\"image\":{\"@id\":\"https:\\\/\\\/inclusivenews.com.br\\\/?p=8604#primaryimage\"},\"thumbnailUrl\":\"http:\\\/\\\/agenciainclusive.files.wordpress.com\\\/2009\\\/02\\\/blogosfera.jpg\",\"articleSection\":[\"OPINI\u00c3O\"],\"inLanguage\":\"pt-PT\",\"potentialAction\":[{\"@type\":\"CommentAction\",\"name\":\"Comment\",\"target\":[\"https:\\\/\\\/inclusivenews.com.br\\\/?p=8604#respond\"]}]},{\"@type\":\"WebPage\",\"@id\":\"https:\\\/\\\/inclusivenews.com.br\\\/?p=8604\",\"url\":\"https:\\\/\\\/inclusivenews.com.br\\\/?p=8604\",\"name\":\"Eu quero ser deficiente * -\",\"isPartOf\":{\"@id\":\"https:\\\/\\\/inclusivenews.com.br\\\/#website\"},\"primaryImageOfPage\":{\"@id\":\"https:\\\/\\\/inclusivenews.com.br\\\/?p=8604#primaryimage\"},\"image\":{\"@id\":\"https:\\\/\\\/inclusivenews.com.br\\\/?p=8604#primaryimage\"},\"thumbnailUrl\":\"http:\\\/\\\/agenciainclusive.files.wordpress.com\\\/2009\\\/02\\\/blogosfera.jpg\",\"datePublished\":\"2009-06-26T10:08:34+00:00\",\"breadcrumb\":{\"@id\":\"https:\\\/\\\/inclusivenews.com.br\\\/?p=8604#breadcrumb\"},\"inLanguage\":\"pt-PT\",\"potentialAction\":[{\"@type\":\"ReadAction\",\"target\":[\"https:\\\/\\\/inclusivenews.com.br\\\/?p=8604\"]}]},{\"@type\":\"ImageObject\",\"inLanguage\":\"pt-PT\",\"@id\":\"https:\\\/\\\/inclusivenews.com.br\\\/?p=8604#primaryimage\",\"url\":\"http:\\\/\\\/agenciainclusive.files.wordpress.com\\\/2009\\\/02\\\/blogosfera.jpg\",\"contentUrl\":\"http:\\\/\\\/agenciainclusive.files.wordpress.com\\\/2009\\\/02\\\/blogosfera.jpg\"},{\"@type\":\"BreadcrumbList\",\"@id\":\"https:\\\/\\\/inclusivenews.com.br\\\/?p=8604#breadcrumb\",\"itemListElement\":[{\"@type\":\"ListItem\",\"position\":1,\"name\":\"In\u00edcio\",\"item\":\"https:\\\/\\\/inclusivenews.com.br\\\/\"},{\"@type\":\"ListItem\",\"position\":2,\"name\":\"Eu quero ser deficiente *\"}]},{\"@type\":\"WebSite\",\"@id\":\"https:\\\/\\\/inclusivenews.com.br\\\/#website\",\"url\":\"https:\\\/\\\/inclusivenews.com.br\\\/\",\"name\":\"Inclusive News\",\"description\":\"Inclusive News\",\"publisher\":{\"@id\":\"https:\\\/\\\/inclusivenews.com.br\\\/#organization\"},\"potentialAction\":[{\"@type\":\"SearchAction\",\"target\":{\"@type\":\"EntryPoint\",\"urlTemplate\":\"https:\\\/\\\/inclusivenews.com.br\\\/?s={search_term_string}\"},\"query-input\":{\"@type\":\"PropertyValueSpecification\",\"valueRequired\":true,\"valueName\":\"search_term_string\"}}],\"inLanguage\":\"pt-PT\"},{\"@type\":\"Organization\",\"@id\":\"https:\\\/\\\/inclusivenews.com.br\\\/#organization\",\"name\":\"Inclusive - inclus\u00e3o e cidadania\",\"url\":\"https:\\\/\\\/inclusivenews.com.br\\\/\",\"logo\":{\"@type\":\"ImageObject\",\"inLanguage\":\"pt-PT\",\"@id\":\"https:\\\/\\\/inclusivenews.com.br\\\/#\\\/schema\\\/logo\\\/image\\\/\",\"url\":\"https:\\\/\\\/inclusivenews.com.br\\\/wp-content\\\/uploads\\\/2024\\\/03\\\/@grandesite.png\",\"contentUrl\":\"https:\\\/\\\/inclusivenews.com.br\\\/wp-content\\\/uploads\\\/2024\\\/03\\\/@grandesite.png\",\"width\":1080,\"height\":1080,\"caption\":\"Inclusive - inclus\u00e3o e cidadania\"},\"image\":{\"@id\":\"https:\\\/\\\/inclusivenews.com.br\\\/#\\\/schema\\\/logo\\\/image\\\/\"},\"sameAs\":[\"https:\\\/\\\/www.facebook.com\\\/agenciainclusive\\\/\",\"https:\\\/\\\/www.instagram.com\\\/newsinclusive\\\/\"]},{\"@type\":\"Person\",\"@id\":\"https:\\\/\\\/inclusivenews.com.br\\\/#\\\/schema\\\/person\\\/0dab492019871b94abb65fa8ee7c8c44\",\"name\":\"Inclusive\",\"image\":{\"@type\":\"ImageObject\",\"inLanguage\":\"pt-PT\",\"@id\":\"https:\\\/\\\/secure.gravatar.com\\\/avatar\\\/?s=96&d=mm&r=g\",\"url\":\"https:\\\/\\\/secure.gravatar.com\\\/avatar\\\/?s=96&d=mm&r=g\",\"contentUrl\":\"https:\\\/\\\/secure.gravatar.com\\\/avatar\\\/?s=96&d=mm&r=g\",\"caption\":\"Inclusive\"},\"url\":\"https:\\\/\\\/inclusivenews.com.br\\\/?author=2\"}]}<\/script>\n<!-- \/ Yoast SEO plugin. -->","yoast_head_json":{"title":"Eu quero ser deficiente * -","robots":{"index":"index","follow":"follow","max-snippet":"max-snippet:-1","max-image-preview":"max-image-preview:large","max-video-preview":"max-video-preview:-1"},"canonical":"https:\/\/inclusivenews.com.br\/?p=8604","og_locale":"pt_PT","og_type":"article","og_title":"Eu quero ser deficiente * -","og_description":"Fabio Adiron http:\/\/xiitadainclusao.blogspot.com\/2009\/06\/eu-quero-ser-deficiente.html Mais uma vez somos confrontados com uma s\u00e9rie de projetos de lei, decis\u00f5es jur\u00eddicas e debates sobre o que define defici\u00eancia ou n\u00e3o. De uma hora para outra todo mundo quer ser deficiente*. E n\u00e3o \u00e9 s\u00f3 aqui no Brasil, em outros pa\u00edses tamb\u00e9m. Nesse mesmo momento debate-se nos Estados Unidos se [&hellip;]","og_url":"https:\/\/inclusivenews.com.br\/?p=8604","article_publisher":"https:\/\/www.facebook.com\/agenciainclusive\/","article_published_time":"2009-06-26T10:08:34+00:00","og_image":[{"url":"http:\/\/agenciainclusive.files.wordpress.com\/2009\/02\/blogosfera.jpg","type":"","width":"","height":""}],"author":"Inclusive","twitter_card":"summary_large_image","twitter_misc":{"Escrito por":"Inclusive","Tempo estimado de leitura":"4 minutos"},"schema":{"@context":"https:\/\/schema.org","@graph":[{"@type":"Article","@id":"https:\/\/inclusivenews.com.br\/?p=8604#article","isPartOf":{"@id":"https:\/\/inclusivenews.com.br\/?p=8604"},"author":{"name":"Inclusive","@id":"https:\/\/inclusivenews.com.br\/#\/schema\/person\/0dab492019871b94abb65fa8ee7c8c44"},"headline":"Eu quero ser deficiente *","datePublished":"2009-06-26T10:08:34+00:00","mainEntityOfPage":{"@id":"https:\/\/inclusivenews.com.br\/?p=8604"},"wordCount":750,"commentCount":0,"publisher":{"@id":"https:\/\/inclusivenews.com.br\/#organization"},"image":{"@id":"https:\/\/inclusivenews.com.br\/?p=8604#primaryimage"},"thumbnailUrl":"http:\/\/agenciainclusive.files.wordpress.com\/2009\/02\/blogosfera.jpg","articleSection":["OPINI\u00c3O"],"inLanguage":"pt-PT","potentialAction":[{"@type":"CommentAction","name":"Comment","target":["https:\/\/inclusivenews.com.br\/?p=8604#respond"]}]},{"@type":"WebPage","@id":"https:\/\/inclusivenews.com.br\/?p=8604","url":"https:\/\/inclusivenews.com.br\/?p=8604","name":"Eu quero ser deficiente * -","isPartOf":{"@id":"https:\/\/inclusivenews.com.br\/#website"},"primaryImageOfPage":{"@id":"https:\/\/inclusivenews.com.br\/?p=8604#primaryimage"},"image":{"@id":"https:\/\/inclusivenews.com.br\/?p=8604#primaryimage"},"thumbnailUrl":"http:\/\/agenciainclusive.files.wordpress.com\/2009\/02\/blogosfera.jpg","datePublished":"2009-06-26T10:08:34+00:00","breadcrumb":{"@id":"https:\/\/inclusivenews.com.br\/?p=8604#breadcrumb"},"inLanguage":"pt-PT","potentialAction":[{"@type":"ReadAction","target":["https:\/\/inclusivenews.com.br\/?p=8604"]}]},{"@type":"ImageObject","inLanguage":"pt-PT","@id":"https:\/\/inclusivenews.com.br\/?p=8604#primaryimage","url":"http:\/\/agenciainclusive.files.wordpress.com\/2009\/02\/blogosfera.jpg","contentUrl":"http:\/\/agenciainclusive.files.wordpress.com\/2009\/02\/blogosfera.jpg"},{"@type":"BreadcrumbList","@id":"https:\/\/inclusivenews.com.br\/?p=8604#breadcrumb","itemListElement":[{"@type":"ListItem","position":1,"name":"In\u00edcio","item":"https:\/\/inclusivenews.com.br\/"},{"@type":"ListItem","position":2,"name":"Eu quero ser deficiente *"}]},{"@type":"WebSite","@id":"https:\/\/inclusivenews.com.br\/#website","url":"https:\/\/inclusivenews.com.br\/","name":"Inclusive News","description":"Inclusive News","publisher":{"@id":"https:\/\/inclusivenews.com.br\/#organization"},"potentialAction":[{"@type":"SearchAction","target":{"@type":"EntryPoint","urlTemplate":"https:\/\/inclusivenews.com.br\/?s={search_term_string}"},"query-input":{"@type":"PropertyValueSpecification","valueRequired":true,"valueName":"search_term_string"}}],"inLanguage":"pt-PT"},{"@type":"Organization","@id":"https:\/\/inclusivenews.com.br\/#organization","name":"Inclusive - inclus\u00e3o e cidadania","url":"https:\/\/inclusivenews.com.br\/","logo":{"@type":"ImageObject","inLanguage":"pt-PT","@id":"https:\/\/inclusivenews.com.br\/#\/schema\/logo\/image\/","url":"https:\/\/inclusivenews.com.br\/wp-content\/uploads\/2024\/03\/@grandesite.png","contentUrl":"https:\/\/inclusivenews.com.br\/wp-content\/uploads\/2024\/03\/@grandesite.png","width":1080,"height":1080,"caption":"Inclusive - inclus\u00e3o e cidadania"},"image":{"@id":"https:\/\/inclusivenews.com.br\/#\/schema\/logo\/image\/"},"sameAs":["https:\/\/www.facebook.com\/agenciainclusive\/","https:\/\/www.instagram.com\/newsinclusive\/"]},{"@type":"Person","@id":"https:\/\/inclusivenews.com.br\/#\/schema\/person\/0dab492019871b94abb65fa8ee7c8c44","name":"Inclusive","image":{"@type":"ImageObject","inLanguage":"pt-PT","@id":"https:\/\/secure.gravatar.com\/avatar\/?s=96&d=mm&r=g","url":"https:\/\/secure.gravatar.com\/avatar\/?s=96&d=mm&r=g","contentUrl":"https:\/\/secure.gravatar.com\/avatar\/?s=96&d=mm&r=g","caption":"Inclusive"},"url":"https:\/\/inclusivenews.com.br\/?author=2"}]}},"_links":{"self":[{"href":"https:\/\/inclusivenews.com.br\/index.php?rest_route=\/wp\/v2\/posts\/8604","targetHints":{"allow":["GET"]}}],"collection":[{"href":"https:\/\/inclusivenews.com.br\/index.php?rest_route=\/wp\/v2\/posts"}],"about":[{"href":"https:\/\/inclusivenews.com.br\/index.php?rest_route=\/wp\/v2\/types\/post"}],"author":[{"embeddable":true,"href":"https:\/\/inclusivenews.com.br\/index.php?rest_route=\/wp\/v2\/users\/2"}],"replies":[{"embeddable":true,"href":"https:\/\/inclusivenews.com.br\/index.php?rest_route=%2Fwp%2Fv2%2Fcomments&post=8604"}],"version-history":[{"count":0,"href":"https:\/\/inclusivenews.com.br\/index.php?rest_route=\/wp\/v2\/posts\/8604\/revisions"}],"wp:attachment":[{"href":"https:\/\/inclusivenews.com.br\/index.php?rest_route=%2Fwp%2Fv2%2Fmedia&parent=8604"}],"wp:term":[{"taxonomy":"category","embeddable":true,"href":"https:\/\/inclusivenews.com.br\/index.php?rest_route=%2Fwp%2Fv2%2Fcategories&post=8604"},{"taxonomy":"post_tag","embeddable":true,"href":"https:\/\/inclusivenews.com.br\/index.php?rest_route=%2Fwp%2Fv2%2Ftags&post=8604"}],"curies":[{"name":"wp","href":"https:\/\/api.w.org\/{rel}","templated":true}]}}