{"id":8606,"date":"2009-06-26T10:09:50","date_gmt":"2009-06-26T10:09:50","guid":{"rendered":"http:\/\/agenciainclusive.wordpress.com\/?p=8606"},"modified":"2009-06-26T10:09:50","modified_gmt":"2009-06-26T10:09:50","slug":"verso-e-anverso-dos-fundamentos-contemporaneos-dos-direitos-humanos-e-dos-direitos-fundamentais-da-localidade-do-nos-a-universalidade-do-outro","status":"publish","type":"post","link":"https:\/\/inclusivenews.com.br\/?p=8606","title":{"rendered":"Verso e anverso dos fundamentos contempor\u00e2neos dos direitos humanos e dos direitos fundamentais: da localidade do n\u00f3s \u00e0 universalidade do outro"},"content":{"rendered":"<p>Verso e anverso dos fundamentos contempor\u00e2neos dos direitos humanos e dos direitos fundamentais: da localidade do n\u00f3s \u00e0 universalidade do outro, por Melina Girardi Fachin. Pontif\u00edcia Universidade Cat\u00f3lica de S\u00e3o Paulo.<\/p>\n<p><a href=\"http:\/\/www.sapientia.pucsp.br\/\/tde_busca\/arquivo.php?codArquivo=6968\">Link para download.<\/a><\/p>\n<p><strong>RESUMO\/ABSTRACT<\/strong><\/p>\n<p>A presente disserta\u00e7\u00e3o tem como objetivo tratar, de modo plural e cr\u00edtico, a complexa quest\u00e3o dos fundamentos dos direitos humanos e dos direitos fundamentais. O debate em quest\u00e3o n\u00e3o \u00e9 novo, uma vez que imbricar pelas tortuosas sendas do universalismo dos direitos e do relativismo cultural remonta \u00e0 pr\u00f3pria origem e \u00e0 genealogia desses direitos. Nada obstante, no cen\u00e1rio global contempor\u00e2neo, \u00e9 tema que avulta com for\u00e7a na pauta das discuss\u00f5es. Isto porque a teoria dos direitos humanos e dos direitos fundamentais tem tido especial dificuldade para lidar com o mundo que emerge do choque civilizacional que marca o in\u00edcio do novo mil\u00eanio. As estruturas e categorias, quer no plano te\u00f3rico, quer no plano pr\u00e1tico, foram concebidas \u00e0 luz da dicotomia n\u00f3s\/eles. Neste cen\u00e1rio multicultural, emerge o desafio de mirar os direitos humanos e os direitos fundamentais como uma pol\u00edtica simultaneamente global e cultural, ou seja, como artif\u00edcios te\u00f3ricos de possibilidade universal que, ao rev\u00e9s de instrumentos hegem\u00f4nicos, estejam abertos e permeados pela realidade cultural. Para cumprir tal mister, imperiosa a an\u00e1lise do surgimento hist\u00f3rico e evolu\u00e7\u00e3o tanto da matriz universalista quanto da relativista no discurso jur\u00eddico. Ainda buscou-se, por meio da jurisprud\u00eancia internacional, que tem sido arrostada por tais demandas, espelhar o presente debate. Emerge cristalino que, atualmente, h\u00e1 diversas respostas poss\u00edveis, embora contradit\u00f3rias, \u00e0 quest\u00e3o. O desafio que se coloca, e que o trabalho pretende explorar, \u00e9 o de problematizar seus limites e suas possibilidades para al\u00e9m de uma resposta \u00fanica.<\/p>\n","protected":false},"excerpt":{"rendered":"<p>Verso e anverso dos fundamentos contempor\u00e2neos dos direitos humanos e dos direitos fundamentais: da localidade do n\u00f3s \u00e0 universalidade do outro, por Melina Girardi Fachin. Pontif\u00edcia Universidade Cat\u00f3lica de S\u00e3o Paulo. Link para download. RESUMO\/ABSTRACT A presente disserta\u00e7\u00e3o tem como objetivo tratar, de modo plural e cr\u00edtico, a complexa quest\u00e3o dos fundamentos dos direitos humanos [&hellip;]<\/p>\n","protected":false},"author":2,"featured_media":0,"comment_status":"open","ping_status":"open","sticky":false,"template":"","format":"standard","meta":{"site-container-style":"default","site-container-layout":"default","site-sidebar-layout":"default","disable-article-header":"default","disable-site-header":"default","disable-site-footer":"default","disable-content-area-spacing":"default","footnotes":""},"categories":[4,24],"tags":[],"class_list":["post-8606","post","type-post","status-publish","format-standard","hentry","category-noticias","category-producao-academica"],"yoast_head":"<!-- This site is optimized with the Yoast SEO plugin v27.4 - https:\/\/yoast.com\/product\/yoast-seo-wordpress\/ -->\n<title>Verso e anverso dos fundamentos contempor\u00e2neos dos direitos humanos e dos direitos fundamentais: da localidade do n\u00f3s \u00e0 universalidade do outro -<\/title>\n<meta name=\"robots\" content=\"index, follow, max-snippet:-1, max-image-preview:large, max-video-preview:-1\" \/>\n<link rel=\"canonical\" href=\"https:\/\/inclusivenews.com.br\/?p=8606\" \/>\n<meta property=\"og:locale\" content=\"pt_PT\" \/>\n<meta property=\"og:type\" content=\"article\" \/>\n<meta property=\"og:title\" content=\"Verso e anverso dos fundamentos contempor\u00e2neos dos direitos humanos e dos direitos fundamentais: da localidade do n\u00f3s \u00e0 universalidade do outro -\" \/>\n<meta property=\"og:description\" content=\"Verso e anverso dos fundamentos contempor\u00e2neos dos direitos humanos e dos direitos fundamentais: da localidade do n\u00f3s \u00e0 universalidade do outro, por Melina Girardi Fachin. Pontif\u00edcia Universidade Cat\u00f3lica de S\u00e3o Paulo. Link para download. RESUMO\/ABSTRACT A presente disserta\u00e7\u00e3o tem como objetivo tratar, de modo plural e cr\u00edtico, a complexa quest\u00e3o dos fundamentos dos direitos humanos [&hellip;]\" \/>\n<meta property=\"og:url\" content=\"https:\/\/inclusivenews.com.br\/?p=8606\" \/>\n<meta property=\"article:publisher\" content=\"https:\/\/www.facebook.com\/agenciainclusive\/\" \/>\n<meta property=\"article:published_time\" content=\"2009-06-26T10:09:50+00:00\" \/>\n<meta name=\"author\" content=\"Inclusive\" \/>\n<meta name=\"twitter:card\" content=\"summary_large_image\" \/>\n<meta name=\"twitter:label1\" content=\"Escrito por\" \/>\n\t<meta name=\"twitter:data1\" content=\"Inclusive\" \/>\n\t<meta name=\"twitter:label2\" content=\"Tempo estimado de leitura\" \/>\n\t<meta name=\"twitter:data2\" content=\"2 minutos\" \/>\n<script type=\"application\/ld+json\" class=\"yoast-schema-graph\">{\"@context\":\"https:\\\/\\\/schema.org\",\"@graph\":[{\"@type\":\"Article\",\"@id\":\"https:\\\/\\\/inclusivenews.com.br\\\/?p=8606#article\",\"isPartOf\":{\"@id\":\"https:\\\/\\\/inclusivenews.com.br\\\/?p=8606\"},\"author\":{\"name\":\"Inclusive\",\"@id\":\"https:\\\/\\\/inclusivenews.com.br\\\/#\\\/schema\\\/person\\\/0dab492019871b94abb65fa8ee7c8c44\"},\"headline\":\"Verso e anverso dos fundamentos contempor\u00e2neos dos direitos humanos e dos direitos fundamentais: da localidade do n\u00f3s \u00e0 universalidade do outro\",\"datePublished\":\"2009-06-26T10:09:50+00:00\",\"mainEntityOfPage\":{\"@id\":\"https:\\\/\\\/inclusivenews.com.br\\\/?p=8606\"},\"wordCount\":329,\"commentCount\":1,\"publisher\":{\"@id\":\"https:\\\/\\\/inclusivenews.com.br\\\/#organization\"},\"articleSection\":[\"NOT\u00cdCIAS\",\"Produ\u00e7\u00e3o acad\u00eamica\"],\"inLanguage\":\"pt-PT\",\"potentialAction\":[{\"@type\":\"CommentAction\",\"name\":\"Comment\",\"target\":[\"https:\\\/\\\/inclusivenews.com.br\\\/?p=8606#respond\"]}]},{\"@type\":\"WebPage\",\"@id\":\"https:\\\/\\\/inclusivenews.com.br\\\/?p=8606\",\"url\":\"https:\\\/\\\/inclusivenews.com.br\\\/?p=8606\",\"name\":\"Verso e anverso dos fundamentos contempor\u00e2neos dos direitos humanos e dos direitos fundamentais: da localidade do n\u00f3s \u00e0 universalidade do outro -\",\"isPartOf\":{\"@id\":\"https:\\\/\\\/inclusivenews.com.br\\\/#website\"},\"datePublished\":\"2009-06-26T10:09:50+00:00\",\"breadcrumb\":{\"@id\":\"https:\\\/\\\/inclusivenews.com.br\\\/?p=8606#breadcrumb\"},\"inLanguage\":\"pt-PT\",\"potentialAction\":[{\"@type\":\"ReadAction\",\"target\":[\"https:\\\/\\\/inclusivenews.com.br\\\/?p=8606\"]}]},{\"@type\":\"BreadcrumbList\",\"@id\":\"https:\\\/\\\/inclusivenews.com.br\\\/?p=8606#breadcrumb\",\"itemListElement\":[{\"@type\":\"ListItem\",\"position\":1,\"name\":\"In\u00edcio\",\"item\":\"https:\\\/\\\/inclusivenews.com.br\\\/\"},{\"@type\":\"ListItem\",\"position\":2,\"name\":\"Verso e anverso dos fundamentos contempor\u00e2neos dos direitos humanos e dos direitos fundamentais: da localidade do n\u00f3s \u00e0 universalidade do outro\"}]},{\"@type\":\"WebSite\",\"@id\":\"https:\\\/\\\/inclusivenews.com.br\\\/#website\",\"url\":\"https:\\\/\\\/inclusivenews.com.br\\\/\",\"name\":\"Inclusive News\",\"description\":\"Inclusive News\",\"publisher\":{\"@id\":\"https:\\\/\\\/inclusivenews.com.br\\\/#organization\"},\"potentialAction\":[{\"@type\":\"SearchAction\",\"target\":{\"@type\":\"EntryPoint\",\"urlTemplate\":\"https:\\\/\\\/inclusivenews.com.br\\\/?s={search_term_string}\"},\"query-input\":{\"@type\":\"PropertyValueSpecification\",\"valueRequired\":true,\"valueName\":\"search_term_string\"}}],\"inLanguage\":\"pt-PT\"},{\"@type\":\"Organization\",\"@id\":\"https:\\\/\\\/inclusivenews.com.br\\\/#organization\",\"name\":\"Inclusive - inclus\u00e3o e cidadania\",\"url\":\"https:\\\/\\\/inclusivenews.com.br\\\/\",\"logo\":{\"@type\":\"ImageObject\",\"inLanguage\":\"pt-PT\",\"@id\":\"https:\\\/\\\/inclusivenews.com.br\\\/#\\\/schema\\\/logo\\\/image\\\/\",\"url\":\"https:\\\/\\\/inclusivenews.com.br\\\/wp-content\\\/uploads\\\/2024\\\/03\\\/@grandesite.png\",\"contentUrl\":\"https:\\\/\\\/inclusivenews.com.br\\\/wp-content\\\/uploads\\\/2024\\\/03\\\/@grandesite.png\",\"width\":1080,\"height\":1080,\"caption\":\"Inclusive - inclus\u00e3o e cidadania\"},\"image\":{\"@id\":\"https:\\\/\\\/inclusivenews.com.br\\\/#\\\/schema\\\/logo\\\/image\\\/\"},\"sameAs\":[\"https:\\\/\\\/www.facebook.com\\\/agenciainclusive\\\/\",\"https:\\\/\\\/www.instagram.com\\\/newsinclusive\\\/\"]},{\"@type\":\"Person\",\"@id\":\"https:\\\/\\\/inclusivenews.com.br\\\/#\\\/schema\\\/person\\\/0dab492019871b94abb65fa8ee7c8c44\",\"name\":\"Inclusive\",\"image\":{\"@type\":\"ImageObject\",\"inLanguage\":\"pt-PT\",\"@id\":\"https:\\\/\\\/secure.gravatar.com\\\/avatar\\\/?s=96&d=mm&r=g\",\"url\":\"https:\\\/\\\/secure.gravatar.com\\\/avatar\\\/?s=96&d=mm&r=g\",\"contentUrl\":\"https:\\\/\\\/secure.gravatar.com\\\/avatar\\\/?s=96&d=mm&r=g\",\"caption\":\"Inclusive\"},\"url\":\"https:\\\/\\\/inclusivenews.com.br\\\/?author=2\"}]}<\/script>\n<!-- \/ Yoast SEO plugin. -->","yoast_head_json":{"title":"Verso e anverso dos fundamentos contempor\u00e2neos dos direitos humanos e dos direitos fundamentais: da localidade do n\u00f3s \u00e0 universalidade do outro -","robots":{"index":"index","follow":"follow","max-snippet":"max-snippet:-1","max-image-preview":"max-image-preview:large","max-video-preview":"max-video-preview:-1"},"canonical":"https:\/\/inclusivenews.com.br\/?p=8606","og_locale":"pt_PT","og_type":"article","og_title":"Verso e anverso dos fundamentos contempor\u00e2neos dos direitos humanos e dos direitos fundamentais: da localidade do n\u00f3s \u00e0 universalidade do outro -","og_description":"Verso e anverso dos fundamentos contempor\u00e2neos dos direitos humanos e dos direitos fundamentais: da localidade do n\u00f3s \u00e0 universalidade do outro, por Melina Girardi Fachin. Pontif\u00edcia Universidade Cat\u00f3lica de S\u00e3o Paulo. Link para download. RESUMO\/ABSTRACT A presente disserta\u00e7\u00e3o tem como objetivo tratar, de modo plural e cr\u00edtico, a complexa quest\u00e3o dos fundamentos dos direitos humanos [&hellip;]","og_url":"https:\/\/inclusivenews.com.br\/?p=8606","article_publisher":"https:\/\/www.facebook.com\/agenciainclusive\/","article_published_time":"2009-06-26T10:09:50+00:00","author":"Inclusive","twitter_card":"summary_large_image","twitter_misc":{"Escrito por":"Inclusive","Tempo estimado de leitura":"2 minutos"},"schema":{"@context":"https:\/\/schema.org","@graph":[{"@type":"Article","@id":"https:\/\/inclusivenews.com.br\/?p=8606#article","isPartOf":{"@id":"https:\/\/inclusivenews.com.br\/?p=8606"},"author":{"name":"Inclusive","@id":"https:\/\/inclusivenews.com.br\/#\/schema\/person\/0dab492019871b94abb65fa8ee7c8c44"},"headline":"Verso e anverso dos fundamentos contempor\u00e2neos dos direitos humanos e dos direitos fundamentais: da localidade do n\u00f3s \u00e0 universalidade do outro","datePublished":"2009-06-26T10:09:50+00:00","mainEntityOfPage":{"@id":"https:\/\/inclusivenews.com.br\/?p=8606"},"wordCount":329,"commentCount":1,"publisher":{"@id":"https:\/\/inclusivenews.com.br\/#organization"},"articleSection":["NOT\u00cdCIAS","Produ\u00e7\u00e3o acad\u00eamica"],"inLanguage":"pt-PT","potentialAction":[{"@type":"CommentAction","name":"Comment","target":["https:\/\/inclusivenews.com.br\/?p=8606#respond"]}]},{"@type":"WebPage","@id":"https:\/\/inclusivenews.com.br\/?p=8606","url":"https:\/\/inclusivenews.com.br\/?p=8606","name":"Verso e anverso dos fundamentos contempor\u00e2neos dos direitos humanos e dos direitos fundamentais: da localidade do n\u00f3s \u00e0 universalidade do outro -","isPartOf":{"@id":"https:\/\/inclusivenews.com.br\/#website"},"datePublished":"2009-06-26T10:09:50+00:00","breadcrumb":{"@id":"https:\/\/inclusivenews.com.br\/?p=8606#breadcrumb"},"inLanguage":"pt-PT","potentialAction":[{"@type":"ReadAction","target":["https:\/\/inclusivenews.com.br\/?p=8606"]}]},{"@type":"BreadcrumbList","@id":"https:\/\/inclusivenews.com.br\/?p=8606#breadcrumb","itemListElement":[{"@type":"ListItem","position":1,"name":"In\u00edcio","item":"https:\/\/inclusivenews.com.br\/"},{"@type":"ListItem","position":2,"name":"Verso e anverso dos fundamentos contempor\u00e2neos dos direitos humanos e dos direitos fundamentais: da localidade do n\u00f3s \u00e0 universalidade do outro"}]},{"@type":"WebSite","@id":"https:\/\/inclusivenews.com.br\/#website","url":"https:\/\/inclusivenews.com.br\/","name":"Inclusive News","description":"Inclusive News","publisher":{"@id":"https:\/\/inclusivenews.com.br\/#organization"},"potentialAction":[{"@type":"SearchAction","target":{"@type":"EntryPoint","urlTemplate":"https:\/\/inclusivenews.com.br\/?s={search_term_string}"},"query-input":{"@type":"PropertyValueSpecification","valueRequired":true,"valueName":"search_term_string"}}],"inLanguage":"pt-PT"},{"@type":"Organization","@id":"https:\/\/inclusivenews.com.br\/#organization","name":"Inclusive - inclus\u00e3o e cidadania","url":"https:\/\/inclusivenews.com.br\/","logo":{"@type":"ImageObject","inLanguage":"pt-PT","@id":"https:\/\/inclusivenews.com.br\/#\/schema\/logo\/image\/","url":"https:\/\/inclusivenews.com.br\/wp-content\/uploads\/2024\/03\/@grandesite.png","contentUrl":"https:\/\/inclusivenews.com.br\/wp-content\/uploads\/2024\/03\/@grandesite.png","width":1080,"height":1080,"caption":"Inclusive - inclus\u00e3o e cidadania"},"image":{"@id":"https:\/\/inclusivenews.com.br\/#\/schema\/logo\/image\/"},"sameAs":["https:\/\/www.facebook.com\/agenciainclusive\/","https:\/\/www.instagram.com\/newsinclusive\/"]},{"@type":"Person","@id":"https:\/\/inclusivenews.com.br\/#\/schema\/person\/0dab492019871b94abb65fa8ee7c8c44","name":"Inclusive","image":{"@type":"ImageObject","inLanguage":"pt-PT","@id":"https:\/\/secure.gravatar.com\/avatar\/?s=96&d=mm&r=g","url":"https:\/\/secure.gravatar.com\/avatar\/?s=96&d=mm&r=g","contentUrl":"https:\/\/secure.gravatar.com\/avatar\/?s=96&d=mm&r=g","caption":"Inclusive"},"url":"https:\/\/inclusivenews.com.br\/?author=2"}]}},"_links":{"self":[{"href":"https:\/\/inclusivenews.com.br\/index.php?rest_route=\/wp\/v2\/posts\/8606","targetHints":{"allow":["GET"]}}],"collection":[{"href":"https:\/\/inclusivenews.com.br\/index.php?rest_route=\/wp\/v2\/posts"}],"about":[{"href":"https:\/\/inclusivenews.com.br\/index.php?rest_route=\/wp\/v2\/types\/post"}],"author":[{"embeddable":true,"href":"https:\/\/inclusivenews.com.br\/index.php?rest_route=\/wp\/v2\/users\/2"}],"replies":[{"embeddable":true,"href":"https:\/\/inclusivenews.com.br\/index.php?rest_route=%2Fwp%2Fv2%2Fcomments&post=8606"}],"version-history":[{"count":0,"href":"https:\/\/inclusivenews.com.br\/index.php?rest_route=\/wp\/v2\/posts\/8606\/revisions"}],"wp:attachment":[{"href":"https:\/\/inclusivenews.com.br\/index.php?rest_route=%2Fwp%2Fv2%2Fmedia&parent=8606"}],"wp:term":[{"taxonomy":"category","embeddable":true,"href":"https:\/\/inclusivenews.com.br\/index.php?rest_route=%2Fwp%2Fv2%2Fcategories&post=8606"},{"taxonomy":"post_tag","embeddable":true,"href":"https:\/\/inclusivenews.com.br\/index.php?rest_route=%2Fwp%2Fv2%2Ftags&post=8606"}],"curies":[{"name":"wp","href":"https:\/\/api.w.org\/{rel}","templated":true}]}}