{"id":8623,"date":"2009-06-26T10:02:17","date_gmt":"2009-06-26T10:02:17","guid":{"rendered":"http:\/\/agenciainclusive.wordpress.com\/?p=8623"},"modified":"2009-06-26T10:02:17","modified_gmt":"2009-06-26T10:02:17","slug":"incentivo-a-leitura-e-tema-do-programa-inclusao-da-tv-senado","status":"publish","type":"post","link":"https:\/\/inclusivenews.com.br\/?p=8623","title":{"rendered":"Incentivo \u00e0 leitura \u00e9 tema do programa Inclus\u00e3o, da TV Senado"},"content":{"rendered":"<p>Apesar de ser o oitavo maior produtor de livros do mundo, o Brasil ainda est\u00e1 longe de ser um pa\u00eds de leitores. \u00c9 o que aponta o livro Retratos da Leitura no Brasil, organizado pelo jornalista e escritor Galeno Amorim. Ele \u00e9 o convidado do programa Inclus\u00e3o, da TV Senado, que vai debater o papel da escola na forma\u00e7\u00e3o de leitores. O escritor mineiro Fernando Morais, autor de Olga e Chat\u00f4, o rei do Brasil; e o jornalista Maur\u00edcio Mello, que comanda o programa Leituras, da TV Senado, tamb\u00e9m s\u00e3o convidados especiais do programa.<\/p>\n<p>O Inclus\u00e3o vai mostrar tamb\u00e9m iniciativas de incentivo \u00e0 leitura. Uma delas \u00e9 o Projeto Bibliotecas Casa do Saber, com o qual as internas do Pres\u00eddio Feminino do Distrito Federal t\u00eam acesso a uma variedade de livros. J\u00e1 a Biblioteca Comunit\u00e1ria do Bosque, em S\u00e3o Sebasti\u00e3o, cidade pr\u00f3xima \u00e0 regi\u00e3o central de Bras\u00edlia, oferece mais de 30 mil t\u00edtulos a crian\u00e7as e jovens de baixa renda. Outra iniciativa na capital federal \u00e9 o projeto que disponibiliza bibliotecas p\u00fablicas em paradas de \u00f4nibus.O programa tamb\u00e9m vai mostrar a experi\u00eancia da Biblioteca Dorina Nowill, em S\u00e3o Paulo, onde leitores com defici\u00eancia visual t\u00eam acesso \u00e0 produ\u00e7\u00e3o de livros em braile.<\/p>\n<p>Em comemora\u00e7\u00e3o \u00e0 50\u00ba edi\u00e7\u00e3o do Inclus\u00e3o, ser\u00e1 publicada nesta sexta-feira uma p\u00e1gina especial do programa na internet. O Inclus\u00e3o vai ao ar no s\u00e1bado (27), \u00e0s 2h30, \u00e0s 11h30 e \u00e0s 22h30, e no domingo (28), \u00e0s 9h e \u00e0s 17h.<\/p>\n<p>J\u00e1 o programa Conversa de M\u00fasico presta um tributo ao maestro Silvio Barbato, uma das v\u00edtimas do acidente ocorrido com o Airbus da Air France, em 1\u00ba de junho de 2009. O programa vai apresentar a \u00d3pera de S\u00e3o Lu\u00eds do Maranh\u00e3o, que interpreta obras de Carlos Gomes, um dos compositores preferidos do maestro. A apresenta\u00e7\u00e3o vai ao ar no domingo \u00e0s 5h, \u00e0s 10h, \u00e0s 18h e \u00e0s 24h.<\/p>\n<p>O programa Leituras por sua vez entrevista a escritora N\u00e9lida Pi\u00f1on. Ela fala do livro Cora\u00e7\u00e3o Andarilho, no qual ela se apresenta como memorialista sem ser a protagonista das pr\u00f3prias mem\u00f3rias. A autora explica essa t\u00e9cnica liter\u00e1ria em entrevista concedida na sede da Academia Brasileira de Letras (ABL), no Rio de Janeiro, onde ocupa uma cadeira desde 1989. O Leituras vai ao ar tamb\u00e9m no domingo, \u00e0s 4h, \u00e0s 8h e \u00e0s 20h30.<\/p>\n<p>A TV Senado pode ser sintonizada nos canais UHF 36, no Gama (DF); 40, em Jo\u00e3o Pessoa (PB); 43, em Fortaleza (CE); 51, em Bras\u00edlia (DF); 52, em Natal (RN); 53, em Salvador (BA); 55, em Recife (PE); e 57, em Manaus (AM); pelos canais de assinatura 7, da Net Bras\u00edlia; 17, da Tecsat; 118, da Sky; e 217, da DirecTV; ou ainda ser acompanhada ao vivo pelo site <a href=\"http:\/\/www.senado.gov.br\/tv\">www.senado.gov.br\/tv<\/a>.<\/p>\n","protected":false},"excerpt":{"rendered":"<p>Apesar de ser o oitavo maior produtor de livros do mundo, o Brasil ainda est\u00e1 longe de ser um pa\u00eds de leitores. \u00c9 o que aponta o livro Retratos da Leitura no Brasil, organizado pelo jornalista e escritor Galeno Amorim. Ele \u00e9 o convidado do programa Inclus\u00e3o, da TV Senado, que vai debater o papel [&hellip;]<\/p>\n","protected":false},"author":2,"featured_media":0,"comment_status":"open","ping_status":"open","sticky":false,"template":"","format":"standard","meta":{"site-container-style":"default","site-container-layout":"default","site-sidebar-layout":"default","disable-article-header":"default","disable-site-header":"default","disable-site-footer":"default","disable-content-area-spacing":"default","footnotes":""},"categories":[4],"tags":[],"class_list":["post-8623","post","type-post","status-publish","format-standard","hentry","category-noticias"],"yoast_head":"<!-- This site is optimized with the Yoast SEO plugin v27.4 - https:\/\/yoast.com\/product\/yoast-seo-wordpress\/ -->\n<title>Incentivo \u00e0 leitura \u00e9 tema do programa Inclus\u00e3o, da TV Senado -<\/title>\n<meta name=\"robots\" content=\"index, follow, max-snippet:-1, max-image-preview:large, max-video-preview:-1\" \/>\n<link rel=\"canonical\" href=\"https:\/\/inclusivenews.com.br\/?p=8623\" \/>\n<meta property=\"og:locale\" content=\"pt_PT\" \/>\n<meta property=\"og:type\" content=\"article\" \/>\n<meta property=\"og:title\" content=\"Incentivo \u00e0 leitura \u00e9 tema do programa Inclus\u00e3o, da TV Senado -\" \/>\n<meta property=\"og:description\" content=\"Apesar de ser o oitavo maior produtor de livros do mundo, o Brasil ainda est\u00e1 longe de ser um pa\u00eds de leitores. \u00c9 o que aponta o livro Retratos da Leitura no Brasil, organizado pelo jornalista e escritor Galeno Amorim. Ele \u00e9 o convidado do programa Inclus\u00e3o, da TV Senado, que vai debater o papel [&hellip;]\" \/>\n<meta property=\"og:url\" content=\"https:\/\/inclusivenews.com.br\/?p=8623\" \/>\n<meta property=\"article:publisher\" content=\"https:\/\/www.facebook.com\/agenciainclusive\/\" \/>\n<meta property=\"article:published_time\" content=\"2009-06-26T10:02:17+00:00\" \/>\n<meta name=\"author\" content=\"Inclusive\" \/>\n<meta name=\"twitter:card\" content=\"summary_large_image\" \/>\n<meta name=\"twitter:label1\" content=\"Escrito por\" \/>\n\t<meta name=\"twitter:data1\" content=\"Inclusive\" \/>\n\t<meta name=\"twitter:label2\" content=\"Tempo estimado de leitura\" \/>\n\t<meta name=\"twitter:data2\" content=\"2 minutos\" \/>\n<script type=\"application\/ld+json\" class=\"yoast-schema-graph\">{\"@context\":\"https:\\\/\\\/schema.org\",\"@graph\":[{\"@type\":\"Article\",\"@id\":\"https:\\\/\\\/inclusivenews.com.br\\\/?p=8623#article\",\"isPartOf\":{\"@id\":\"https:\\\/\\\/inclusivenews.com.br\\\/?p=8623\"},\"author\":{\"name\":\"Inclusive\",\"@id\":\"https:\\\/\\\/inclusivenews.com.br\\\/#\\\/schema\\\/person\\\/0dab492019871b94abb65fa8ee7c8c44\"},\"headline\":\"Incentivo \u00e0 leitura \u00e9 tema do programa Inclus\u00e3o, da TV Senado\",\"datePublished\":\"2009-06-26T10:02:17+00:00\",\"mainEntityOfPage\":{\"@id\":\"https:\\\/\\\/inclusivenews.com.br\\\/?p=8623\"},\"wordCount\":493,\"commentCount\":0,\"publisher\":{\"@id\":\"https:\\\/\\\/inclusivenews.com.br\\\/#organization\"},\"articleSection\":[\"NOT\u00cdCIAS\"],\"inLanguage\":\"pt-PT\",\"potentialAction\":[{\"@type\":\"CommentAction\",\"name\":\"Comment\",\"target\":[\"https:\\\/\\\/inclusivenews.com.br\\\/?p=8623#respond\"]}]},{\"@type\":\"WebPage\",\"@id\":\"https:\\\/\\\/inclusivenews.com.br\\\/?p=8623\",\"url\":\"https:\\\/\\\/inclusivenews.com.br\\\/?p=8623\",\"name\":\"Incentivo \u00e0 leitura \u00e9 tema do programa Inclus\u00e3o, da TV Senado -\",\"isPartOf\":{\"@id\":\"https:\\\/\\\/inclusivenews.com.br\\\/#website\"},\"datePublished\":\"2009-06-26T10:02:17+00:00\",\"breadcrumb\":{\"@id\":\"https:\\\/\\\/inclusivenews.com.br\\\/?p=8623#breadcrumb\"},\"inLanguage\":\"pt-PT\",\"potentialAction\":[{\"@type\":\"ReadAction\",\"target\":[\"https:\\\/\\\/inclusivenews.com.br\\\/?p=8623\"]}]},{\"@type\":\"BreadcrumbList\",\"@id\":\"https:\\\/\\\/inclusivenews.com.br\\\/?p=8623#breadcrumb\",\"itemListElement\":[{\"@type\":\"ListItem\",\"position\":1,\"name\":\"In\u00edcio\",\"item\":\"https:\\\/\\\/inclusivenews.com.br\\\/\"},{\"@type\":\"ListItem\",\"position\":2,\"name\":\"Incentivo \u00e0 leitura \u00e9 tema do programa Inclus\u00e3o, da TV Senado\"}]},{\"@type\":\"WebSite\",\"@id\":\"https:\\\/\\\/inclusivenews.com.br\\\/#website\",\"url\":\"https:\\\/\\\/inclusivenews.com.br\\\/\",\"name\":\"Inclusive News\",\"description\":\"Inclusive News\",\"publisher\":{\"@id\":\"https:\\\/\\\/inclusivenews.com.br\\\/#organization\"},\"potentialAction\":[{\"@type\":\"SearchAction\",\"target\":{\"@type\":\"EntryPoint\",\"urlTemplate\":\"https:\\\/\\\/inclusivenews.com.br\\\/?s={search_term_string}\"},\"query-input\":{\"@type\":\"PropertyValueSpecification\",\"valueRequired\":true,\"valueName\":\"search_term_string\"}}],\"inLanguage\":\"pt-PT\"},{\"@type\":\"Organization\",\"@id\":\"https:\\\/\\\/inclusivenews.com.br\\\/#organization\",\"name\":\"Inclusive - inclus\u00e3o e cidadania\",\"url\":\"https:\\\/\\\/inclusivenews.com.br\\\/\",\"logo\":{\"@type\":\"ImageObject\",\"inLanguage\":\"pt-PT\",\"@id\":\"https:\\\/\\\/inclusivenews.com.br\\\/#\\\/schema\\\/logo\\\/image\\\/\",\"url\":\"https:\\\/\\\/inclusivenews.com.br\\\/wp-content\\\/uploads\\\/2024\\\/03\\\/@grandesite.png\",\"contentUrl\":\"https:\\\/\\\/inclusivenews.com.br\\\/wp-content\\\/uploads\\\/2024\\\/03\\\/@grandesite.png\",\"width\":1080,\"height\":1080,\"caption\":\"Inclusive - inclus\u00e3o e cidadania\"},\"image\":{\"@id\":\"https:\\\/\\\/inclusivenews.com.br\\\/#\\\/schema\\\/logo\\\/image\\\/\"},\"sameAs\":[\"https:\\\/\\\/www.facebook.com\\\/agenciainclusive\\\/\",\"https:\\\/\\\/www.instagram.com\\\/newsinclusive\\\/\"]},{\"@type\":\"Person\",\"@id\":\"https:\\\/\\\/inclusivenews.com.br\\\/#\\\/schema\\\/person\\\/0dab492019871b94abb65fa8ee7c8c44\",\"name\":\"Inclusive\",\"image\":{\"@type\":\"ImageObject\",\"inLanguage\":\"pt-PT\",\"@id\":\"https:\\\/\\\/secure.gravatar.com\\\/avatar\\\/?s=96&d=mm&r=g\",\"url\":\"https:\\\/\\\/secure.gravatar.com\\\/avatar\\\/?s=96&d=mm&r=g\",\"contentUrl\":\"https:\\\/\\\/secure.gravatar.com\\\/avatar\\\/?s=96&d=mm&r=g\",\"caption\":\"Inclusive\"},\"url\":\"https:\\\/\\\/inclusivenews.com.br\\\/?author=2\"}]}<\/script>\n<!-- \/ Yoast SEO plugin. -->","yoast_head_json":{"title":"Incentivo \u00e0 leitura \u00e9 tema do programa Inclus\u00e3o, da TV Senado -","robots":{"index":"index","follow":"follow","max-snippet":"max-snippet:-1","max-image-preview":"max-image-preview:large","max-video-preview":"max-video-preview:-1"},"canonical":"https:\/\/inclusivenews.com.br\/?p=8623","og_locale":"pt_PT","og_type":"article","og_title":"Incentivo \u00e0 leitura \u00e9 tema do programa Inclus\u00e3o, da TV Senado -","og_description":"Apesar de ser o oitavo maior produtor de livros do mundo, o Brasil ainda est\u00e1 longe de ser um pa\u00eds de leitores. \u00c9 o que aponta o livro Retratos da Leitura no Brasil, organizado pelo jornalista e escritor Galeno Amorim. Ele \u00e9 o convidado do programa Inclus\u00e3o, da TV Senado, que vai debater o papel [&hellip;]","og_url":"https:\/\/inclusivenews.com.br\/?p=8623","article_publisher":"https:\/\/www.facebook.com\/agenciainclusive\/","article_published_time":"2009-06-26T10:02:17+00:00","author":"Inclusive","twitter_card":"summary_large_image","twitter_misc":{"Escrito por":"Inclusive","Tempo estimado de leitura":"2 minutos"},"schema":{"@context":"https:\/\/schema.org","@graph":[{"@type":"Article","@id":"https:\/\/inclusivenews.com.br\/?p=8623#article","isPartOf":{"@id":"https:\/\/inclusivenews.com.br\/?p=8623"},"author":{"name":"Inclusive","@id":"https:\/\/inclusivenews.com.br\/#\/schema\/person\/0dab492019871b94abb65fa8ee7c8c44"},"headline":"Incentivo \u00e0 leitura \u00e9 tema do programa Inclus\u00e3o, da TV Senado","datePublished":"2009-06-26T10:02:17+00:00","mainEntityOfPage":{"@id":"https:\/\/inclusivenews.com.br\/?p=8623"},"wordCount":493,"commentCount":0,"publisher":{"@id":"https:\/\/inclusivenews.com.br\/#organization"},"articleSection":["NOT\u00cdCIAS"],"inLanguage":"pt-PT","potentialAction":[{"@type":"CommentAction","name":"Comment","target":["https:\/\/inclusivenews.com.br\/?p=8623#respond"]}]},{"@type":"WebPage","@id":"https:\/\/inclusivenews.com.br\/?p=8623","url":"https:\/\/inclusivenews.com.br\/?p=8623","name":"Incentivo \u00e0 leitura \u00e9 tema do programa Inclus\u00e3o, da TV Senado -","isPartOf":{"@id":"https:\/\/inclusivenews.com.br\/#website"},"datePublished":"2009-06-26T10:02:17+00:00","breadcrumb":{"@id":"https:\/\/inclusivenews.com.br\/?p=8623#breadcrumb"},"inLanguage":"pt-PT","potentialAction":[{"@type":"ReadAction","target":["https:\/\/inclusivenews.com.br\/?p=8623"]}]},{"@type":"BreadcrumbList","@id":"https:\/\/inclusivenews.com.br\/?p=8623#breadcrumb","itemListElement":[{"@type":"ListItem","position":1,"name":"In\u00edcio","item":"https:\/\/inclusivenews.com.br\/"},{"@type":"ListItem","position":2,"name":"Incentivo \u00e0 leitura \u00e9 tema do programa Inclus\u00e3o, da TV Senado"}]},{"@type":"WebSite","@id":"https:\/\/inclusivenews.com.br\/#website","url":"https:\/\/inclusivenews.com.br\/","name":"Inclusive News","description":"Inclusive News","publisher":{"@id":"https:\/\/inclusivenews.com.br\/#organization"},"potentialAction":[{"@type":"SearchAction","target":{"@type":"EntryPoint","urlTemplate":"https:\/\/inclusivenews.com.br\/?s={search_term_string}"},"query-input":{"@type":"PropertyValueSpecification","valueRequired":true,"valueName":"search_term_string"}}],"inLanguage":"pt-PT"},{"@type":"Organization","@id":"https:\/\/inclusivenews.com.br\/#organization","name":"Inclusive - inclus\u00e3o e cidadania","url":"https:\/\/inclusivenews.com.br\/","logo":{"@type":"ImageObject","inLanguage":"pt-PT","@id":"https:\/\/inclusivenews.com.br\/#\/schema\/logo\/image\/","url":"https:\/\/inclusivenews.com.br\/wp-content\/uploads\/2024\/03\/@grandesite.png","contentUrl":"https:\/\/inclusivenews.com.br\/wp-content\/uploads\/2024\/03\/@grandesite.png","width":1080,"height":1080,"caption":"Inclusive - inclus\u00e3o e cidadania"},"image":{"@id":"https:\/\/inclusivenews.com.br\/#\/schema\/logo\/image\/"},"sameAs":["https:\/\/www.facebook.com\/agenciainclusive\/","https:\/\/www.instagram.com\/newsinclusive\/"]},{"@type":"Person","@id":"https:\/\/inclusivenews.com.br\/#\/schema\/person\/0dab492019871b94abb65fa8ee7c8c44","name":"Inclusive","image":{"@type":"ImageObject","inLanguage":"pt-PT","@id":"https:\/\/secure.gravatar.com\/avatar\/?s=96&d=mm&r=g","url":"https:\/\/secure.gravatar.com\/avatar\/?s=96&d=mm&r=g","contentUrl":"https:\/\/secure.gravatar.com\/avatar\/?s=96&d=mm&r=g","caption":"Inclusive"},"url":"https:\/\/inclusivenews.com.br\/?author=2"}]}},"_links":{"self":[{"href":"https:\/\/inclusivenews.com.br\/index.php?rest_route=\/wp\/v2\/posts\/8623","targetHints":{"allow":["GET"]}}],"collection":[{"href":"https:\/\/inclusivenews.com.br\/index.php?rest_route=\/wp\/v2\/posts"}],"about":[{"href":"https:\/\/inclusivenews.com.br\/index.php?rest_route=\/wp\/v2\/types\/post"}],"author":[{"embeddable":true,"href":"https:\/\/inclusivenews.com.br\/index.php?rest_route=\/wp\/v2\/users\/2"}],"replies":[{"embeddable":true,"href":"https:\/\/inclusivenews.com.br\/index.php?rest_route=%2Fwp%2Fv2%2Fcomments&post=8623"}],"version-history":[{"count":0,"href":"https:\/\/inclusivenews.com.br\/index.php?rest_route=\/wp\/v2\/posts\/8623\/revisions"}],"wp:attachment":[{"href":"https:\/\/inclusivenews.com.br\/index.php?rest_route=%2Fwp%2Fv2%2Fmedia&parent=8623"}],"wp:term":[{"taxonomy":"category","embeddable":true,"href":"https:\/\/inclusivenews.com.br\/index.php?rest_route=%2Fwp%2Fv2%2Fcategories&post=8623"},{"taxonomy":"post_tag","embeddable":true,"href":"https:\/\/inclusivenews.com.br\/index.php?rest_route=%2Fwp%2Fv2%2Ftags&post=8623"}],"curies":[{"name":"wp","href":"https:\/\/api.w.org\/{rel}","templated":true}]}}