{"id":8637,"date":"2009-06-27T12:20:10","date_gmt":"2009-06-27T12:20:10","guid":{"rendered":"http:\/\/agenciainclusive.wordpress.com\/?p=8637"},"modified":"2009-06-27T12:20:10","modified_gmt":"2009-06-27T12:20:10","slug":"forum-discute-inclusao-dignidade-e-participacao-em-varzea-grande","status":"publish","type":"post","link":"https:\/\/inclusivenews.com.br\/?p=8637","title":{"rendered":"F\u00f3rum discute \u201cInclus\u00e3o, Dignidade e Participa\u00e7\u00e3o\u201d em V\u00e1rzea Grande"},"content":{"rendered":"<p>Da Assessoria<\/p>\n<p>Com o tema \u201cInclus\u00e3o, Dignidade e Participa\u00e7\u00e3o. Um novo jeito de Avan\u00e7ar\u201d foi realizado na c\u00e2mara de V\u00e1rzea Grande o 1\u00ba F\u00f3rum para debater a quest\u00e3o da acessibilidade para os portadores de defici\u00eancia f\u00edsica. O projeto \u00e9 de autoria do vereador Antonio Jos\u00e9 de Oliveira \u2013 o Toninho do Gl\u00f3ria L\u00edder do (PV).<\/p>\n<p>O promotor de justi\u00e7a, Carlos Eduardo Silva, titular da 6\u00ba Promotoria do munic\u00edpio, disse que a situa\u00e7\u00e3o dos deficientes \u00e9 constrangedora &#8211; por falta de acessibilidade. Ele citou a c\u00e2mara como exemplo de desrespeito a pessoa deficiente \u2013 lembrando a dificuldade que o presidente do Conselho Estadual dos Deficientes, deputado M\u00e1rio L\u00facio (PMDB), que participou do F\u00f3rum, encontrou para subir ao plen\u00e1rio daquela Casa. O promotor j\u00e1 acionou os bancos pela demora nas filas e tamb\u00e9m para que fa\u00e7am as adequa\u00e7\u00f5es necess\u00e1rias em respeito ao deficiente.<\/p>\n<p>Outra quest\u00e3o destacada por Carlos Eduardo, diz respeito \u00e0s casas constru\u00eddas pelo governo do Estado \u2013 que segundo ele n\u00e3o h\u00e1 nenhuma adequa\u00e7\u00e3o para receber pessoas deficientes. Ele j\u00e1 encaminhou aos secret\u00e1rios Eumar Novacki (chefe da Casa Civil e Comunica\u00e7\u00e3o) e a Vilceu Marchetti (infraestrutura) of\u00edcio solicitando para que possam tomar provid\u00eancias no sentido de adequarem os conjuntos habitacionais e as cal\u00e7adas com acessibilidade para atender a demanda.<\/p>\n<p>\u201cNovacki respondeu o of\u00edcio genericamente que ir\u00e1 atender a solicita\u00e7\u00e3o. Esperamos que os pr\u00f3ximos conjuntos habitacionais j\u00e1 sejam constru\u00eddos dentro de novos padr\u00f5es para atender a pessoa com defici\u00eancia\u201d, ressaltou o promotor.<\/p>\n<p>Ele explicou que o ideal seria que os conjuntos habitacionais constru\u00eddos pelos governos estaduais, federais e municipais tivessem caracter\u00edsticas especiais que v\u00e3o desde a acessibilidade no entorno dos residenciais at\u00e9 a largura das portas adequadas a cadeiras de rodas, equipamentos no banheiro, na cozinha, al\u00e9m de uma s\u00e9rie de outros recursos para facilitar a vida dessas pessoas.<\/p>\n<p>Carlos Eduardo citou a Companhia de Desenvolvimento Habitacional e Urbano (CDHU) de S\u00e3o Paulo, que j\u00e1 desenvolve um \u201cdesenho universal\u201d. &#8220;\u00c9 baseado no conceito do desenho universal, que cria um padr\u00e3o m\u00e9dio capaz de atender diferentes. Em S\u00e3o Paulo, a lei obriga a ades\u00e3o ao desenho universal desde 1993\u201d, diz o promotor.<\/p>\n<p>Autor do Projeto \u2013 O vereador Toninho do Gl\u00f3ria disse que uma das preocupa\u00e7\u00f5es \u00e9 inserir os deficientes no mercado de trabalho \u2013 e que, al\u00e9m disso, come\u00e7ar a preparar o munic\u00edpio na quest\u00e3o de acessibilidade para a Copa de 2014. \u201cTemos que estar preparados para receber essas pessoas com dignidade e respeito. Por isso, temos que come\u00e7ar agora\u201d, enfatizou.<\/p>\n<p>Cerca de mais de 600 pessoas esteve prestigiando a realiza\u00e7\u00e3o F\u00f3rum, 8 \u00f4nibus estacionado da C\u00e2mara Municipal, A C\u00e2mara Municipal se tornou pequena para a quantidade de pessoas que prestigiaram a realiza\u00e7\u00e3o do referido evento ,A Presidente da Pestalozzi elogiou a atua\u00e7\u00e3o do Vereador Toninho do Gloria em defesa do seguimento da pessoa com defici\u00eancia,Toninho do Gloria recentemente teve divulgado no site da Universidade de S\u00e3o Paulo (USP) o seu Projeto de Lei in\u00e9dito no Brasil propondo F\u00f3rum Permanente para defesa de direitos dos trabalhadores com defici\u00eancia no \u00e2mbito da C\u00e2mara Municipal,Toninho vem se destacando como o vereador mais atuante do estado de Mato Grosso,<\/p>\n<p>\u00a0<\/p>\n<p>Embora o parlamentar tenha conseguido sensibilizar a sociedade que lotou a c\u00e2mara \u2013 ele reclamou da falta de comprometimento do poder p\u00fablico municipal e, principalmente, dos colegas parlamentares que foram convidados e n\u00e3o compareceram ao F\u00f3rum para discutir o tema. Ele mostrou a imprensa, os of\u00edcios convidando os secret\u00e1rios municipais, vereadores e presidentes de autarquias, diretoras de escola e Conselho Tutelar. Apenas ele, propositor da audi\u00eancia estava presente. \u201cFicamos tristes por ser um assunto relevante e de interesse da sociedade. Mas n\u00f3s fizemos nossa parte. N\u00e3o podemos responder pelos outros\u201d, finalizou Toninho do Gl\u00f3ria.<\/p>\n<p>Estatuto \u2013 Uma das cr\u00edticas feitas pelos participantes do F\u00f3rum \u00e9 \u00e0 falta de comprometimento do poder p\u00fablico municipal &#8211; com a quest\u00e3o dos portadores de defici\u00eancia f\u00edsica.<\/p>\n<p>Eles alegam que lutam pela aprova\u00e7\u00e3o do Estatuto &#8211; e que ningu\u00e9m sabe onde anda projeto que encaminharam h\u00e1 dois anos ao ex-vereador Ismael Alves (DEM) para que fosse aprovado. \u201cEstamos cansados de ligar e um empurra para o outro e ningu\u00e9m sabe onde anda o projeto. Dizem que tem um aprovado na calada da noite, mas n\u00e3o temos conhecimento como foi feito\u201d, reclamou Eunide Alves, membro do Conselho da Crian\u00e7a e Adolescente de V\u00e1rzea Grande.<\/p>\n<p>Fonte: <a href=\"http:\/\/www.olhardireto.com.br\/noticias\/exibir.asp?edt=25&amp;id=33187\">http:\/\/www.olhardireto.com.br\/noticias\/exibir.asp?edt=25&amp;id=33187<\/a><\/p>\n","protected":false},"excerpt":{"rendered":"<p>Da Assessoria Com o tema \u201cInclus\u00e3o, Dignidade e Participa\u00e7\u00e3o. Um novo jeito de Avan\u00e7ar\u201d foi realizado na c\u00e2mara de V\u00e1rzea Grande o 1\u00ba F\u00f3rum para debater a quest\u00e3o da acessibilidade para os portadores de defici\u00eancia f\u00edsica. O projeto \u00e9 de autoria do vereador Antonio Jos\u00e9 de Oliveira \u2013 o Toninho do Gl\u00f3ria L\u00edder do (PV). [&hellip;]<\/p>\n","protected":false},"author":2,"featured_media":0,"comment_status":"open","ping_status":"open","sticky":false,"template":"","format":"standard","meta":{"site-container-style":"default","site-container-layout":"default","site-sidebar-layout":"default","disable-article-header":"default","disable-site-header":"default","disable-site-footer":"default","disable-content-area-spacing":"default","footnotes":""},"categories":[4],"tags":[],"class_list":["post-8637","post","type-post","status-publish","format-standard","hentry","category-noticias"],"yoast_head":"<!-- This site is optimized with the Yoast SEO plugin v27.4 - https:\/\/yoast.com\/product\/yoast-seo-wordpress\/ -->\n<title>F\u00f3rum discute \u201cInclus\u00e3o, Dignidade e Participa\u00e7\u00e3o\u201d em V\u00e1rzea Grande -<\/title>\n<meta name=\"robots\" content=\"index, follow, max-snippet:-1, max-image-preview:large, max-video-preview:-1\" \/>\n<link rel=\"canonical\" href=\"https:\/\/inclusivenews.com.br\/?p=8637\" \/>\n<meta property=\"og:locale\" content=\"pt_PT\" \/>\n<meta property=\"og:type\" content=\"article\" \/>\n<meta property=\"og:title\" content=\"F\u00f3rum discute \u201cInclus\u00e3o, Dignidade e Participa\u00e7\u00e3o\u201d em V\u00e1rzea Grande -\" \/>\n<meta property=\"og:description\" content=\"Da Assessoria Com o tema \u201cInclus\u00e3o, Dignidade e Participa\u00e7\u00e3o. Um novo jeito de Avan\u00e7ar\u201d foi realizado na c\u00e2mara de V\u00e1rzea Grande o 1\u00ba F\u00f3rum para debater a quest\u00e3o da acessibilidade para os portadores de defici\u00eancia f\u00edsica. O projeto \u00e9 de autoria do vereador Antonio Jos\u00e9 de Oliveira \u2013 o Toninho do Gl\u00f3ria L\u00edder do (PV). [&hellip;]\" \/>\n<meta property=\"og:url\" content=\"https:\/\/inclusivenews.com.br\/?p=8637\" \/>\n<meta property=\"article:publisher\" content=\"https:\/\/www.facebook.com\/agenciainclusive\/\" \/>\n<meta property=\"article:published_time\" content=\"2009-06-27T12:20:10+00:00\" \/>\n<meta name=\"author\" content=\"Inclusive\" \/>\n<meta name=\"twitter:card\" content=\"summary_large_image\" \/>\n<meta name=\"twitter:label1\" content=\"Escrito por\" \/>\n\t<meta name=\"twitter:data1\" content=\"Inclusive\" \/>\n\t<meta name=\"twitter:label2\" content=\"Tempo estimado de leitura\" \/>\n\t<meta name=\"twitter:data2\" content=\"4 minutos\" \/>\n<script type=\"application\/ld+json\" class=\"yoast-schema-graph\">{\"@context\":\"https:\\\/\\\/schema.org\",\"@graph\":[{\"@type\":\"Article\",\"@id\":\"https:\\\/\\\/inclusivenews.com.br\\\/?p=8637#article\",\"isPartOf\":{\"@id\":\"https:\\\/\\\/inclusivenews.com.br\\\/?p=8637\"},\"author\":{\"name\":\"Inclusive\",\"@id\":\"https:\\\/\\\/inclusivenews.com.br\\\/#\\\/schema\\\/person\\\/0dab492019871b94abb65fa8ee7c8c44\"},\"headline\":\"F\u00f3rum discute \u201cInclus\u00e3o, Dignidade e Participa\u00e7\u00e3o\u201d em V\u00e1rzea Grande\",\"datePublished\":\"2009-06-27T12:20:10+00:00\",\"mainEntityOfPage\":{\"@id\":\"https:\\\/\\\/inclusivenews.com.br\\\/?p=8637\"},\"wordCount\":810,\"commentCount\":0,\"publisher\":{\"@id\":\"https:\\\/\\\/inclusivenews.com.br\\\/#organization\"},\"articleSection\":[\"NOT\u00cdCIAS\"],\"inLanguage\":\"pt-PT\",\"potentialAction\":[{\"@type\":\"CommentAction\",\"name\":\"Comment\",\"target\":[\"https:\\\/\\\/inclusivenews.com.br\\\/?p=8637#respond\"]}]},{\"@type\":\"WebPage\",\"@id\":\"https:\\\/\\\/inclusivenews.com.br\\\/?p=8637\",\"url\":\"https:\\\/\\\/inclusivenews.com.br\\\/?p=8637\",\"name\":\"F\u00f3rum discute \u201cInclus\u00e3o, Dignidade e Participa\u00e7\u00e3o\u201d em V\u00e1rzea Grande -\",\"isPartOf\":{\"@id\":\"https:\\\/\\\/inclusivenews.com.br\\\/#website\"},\"datePublished\":\"2009-06-27T12:20:10+00:00\",\"breadcrumb\":{\"@id\":\"https:\\\/\\\/inclusivenews.com.br\\\/?p=8637#breadcrumb\"},\"inLanguage\":\"pt-PT\",\"potentialAction\":[{\"@type\":\"ReadAction\",\"target\":[\"https:\\\/\\\/inclusivenews.com.br\\\/?p=8637\"]}]},{\"@type\":\"BreadcrumbList\",\"@id\":\"https:\\\/\\\/inclusivenews.com.br\\\/?p=8637#breadcrumb\",\"itemListElement\":[{\"@type\":\"ListItem\",\"position\":1,\"name\":\"In\u00edcio\",\"item\":\"https:\\\/\\\/inclusivenews.com.br\\\/\"},{\"@type\":\"ListItem\",\"position\":2,\"name\":\"F\u00f3rum discute \u201cInclus\u00e3o, Dignidade e Participa\u00e7\u00e3o\u201d em V\u00e1rzea Grande\"}]},{\"@type\":\"WebSite\",\"@id\":\"https:\\\/\\\/inclusivenews.com.br\\\/#website\",\"url\":\"https:\\\/\\\/inclusivenews.com.br\\\/\",\"name\":\"Inclusive News\",\"description\":\"Inclusive News\",\"publisher\":{\"@id\":\"https:\\\/\\\/inclusivenews.com.br\\\/#organization\"},\"potentialAction\":[{\"@type\":\"SearchAction\",\"target\":{\"@type\":\"EntryPoint\",\"urlTemplate\":\"https:\\\/\\\/inclusivenews.com.br\\\/?s={search_term_string}\"},\"query-input\":{\"@type\":\"PropertyValueSpecification\",\"valueRequired\":true,\"valueName\":\"search_term_string\"}}],\"inLanguage\":\"pt-PT\"},{\"@type\":\"Organization\",\"@id\":\"https:\\\/\\\/inclusivenews.com.br\\\/#organization\",\"name\":\"Inclusive - inclus\u00e3o e cidadania\",\"url\":\"https:\\\/\\\/inclusivenews.com.br\\\/\",\"logo\":{\"@type\":\"ImageObject\",\"inLanguage\":\"pt-PT\",\"@id\":\"https:\\\/\\\/inclusivenews.com.br\\\/#\\\/schema\\\/logo\\\/image\\\/\",\"url\":\"https:\\\/\\\/inclusivenews.com.br\\\/wp-content\\\/uploads\\\/2024\\\/03\\\/@grandesite.png\",\"contentUrl\":\"https:\\\/\\\/inclusivenews.com.br\\\/wp-content\\\/uploads\\\/2024\\\/03\\\/@grandesite.png\",\"width\":1080,\"height\":1080,\"caption\":\"Inclusive - inclus\u00e3o e cidadania\"},\"image\":{\"@id\":\"https:\\\/\\\/inclusivenews.com.br\\\/#\\\/schema\\\/logo\\\/image\\\/\"},\"sameAs\":[\"https:\\\/\\\/www.facebook.com\\\/agenciainclusive\\\/\",\"https:\\\/\\\/www.instagram.com\\\/newsinclusive\\\/\"]},{\"@type\":\"Person\",\"@id\":\"https:\\\/\\\/inclusivenews.com.br\\\/#\\\/schema\\\/person\\\/0dab492019871b94abb65fa8ee7c8c44\",\"name\":\"Inclusive\",\"image\":{\"@type\":\"ImageObject\",\"inLanguage\":\"pt-PT\",\"@id\":\"https:\\\/\\\/secure.gravatar.com\\\/avatar\\\/?s=96&d=mm&r=g\",\"url\":\"https:\\\/\\\/secure.gravatar.com\\\/avatar\\\/?s=96&d=mm&r=g\",\"contentUrl\":\"https:\\\/\\\/secure.gravatar.com\\\/avatar\\\/?s=96&d=mm&r=g\",\"caption\":\"Inclusive\"},\"url\":\"https:\\\/\\\/inclusivenews.com.br\\\/?author=2\"}]}<\/script>\n<!-- \/ Yoast SEO plugin. -->","yoast_head_json":{"title":"F\u00f3rum discute \u201cInclus\u00e3o, Dignidade e Participa\u00e7\u00e3o\u201d em V\u00e1rzea Grande -","robots":{"index":"index","follow":"follow","max-snippet":"max-snippet:-1","max-image-preview":"max-image-preview:large","max-video-preview":"max-video-preview:-1"},"canonical":"https:\/\/inclusivenews.com.br\/?p=8637","og_locale":"pt_PT","og_type":"article","og_title":"F\u00f3rum discute \u201cInclus\u00e3o, Dignidade e Participa\u00e7\u00e3o\u201d em V\u00e1rzea Grande -","og_description":"Da Assessoria Com o tema \u201cInclus\u00e3o, Dignidade e Participa\u00e7\u00e3o. Um novo jeito de Avan\u00e7ar\u201d foi realizado na c\u00e2mara de V\u00e1rzea Grande o 1\u00ba F\u00f3rum para debater a quest\u00e3o da acessibilidade para os portadores de defici\u00eancia f\u00edsica. O projeto \u00e9 de autoria do vereador Antonio Jos\u00e9 de Oliveira \u2013 o Toninho do Gl\u00f3ria L\u00edder do (PV). [&hellip;]","og_url":"https:\/\/inclusivenews.com.br\/?p=8637","article_publisher":"https:\/\/www.facebook.com\/agenciainclusive\/","article_published_time":"2009-06-27T12:20:10+00:00","author":"Inclusive","twitter_card":"summary_large_image","twitter_misc":{"Escrito por":"Inclusive","Tempo estimado de leitura":"4 minutos"},"schema":{"@context":"https:\/\/schema.org","@graph":[{"@type":"Article","@id":"https:\/\/inclusivenews.com.br\/?p=8637#article","isPartOf":{"@id":"https:\/\/inclusivenews.com.br\/?p=8637"},"author":{"name":"Inclusive","@id":"https:\/\/inclusivenews.com.br\/#\/schema\/person\/0dab492019871b94abb65fa8ee7c8c44"},"headline":"F\u00f3rum discute \u201cInclus\u00e3o, Dignidade e Participa\u00e7\u00e3o\u201d em V\u00e1rzea Grande","datePublished":"2009-06-27T12:20:10+00:00","mainEntityOfPage":{"@id":"https:\/\/inclusivenews.com.br\/?p=8637"},"wordCount":810,"commentCount":0,"publisher":{"@id":"https:\/\/inclusivenews.com.br\/#organization"},"articleSection":["NOT\u00cdCIAS"],"inLanguage":"pt-PT","potentialAction":[{"@type":"CommentAction","name":"Comment","target":["https:\/\/inclusivenews.com.br\/?p=8637#respond"]}]},{"@type":"WebPage","@id":"https:\/\/inclusivenews.com.br\/?p=8637","url":"https:\/\/inclusivenews.com.br\/?p=8637","name":"F\u00f3rum discute \u201cInclus\u00e3o, Dignidade e Participa\u00e7\u00e3o\u201d em V\u00e1rzea Grande -","isPartOf":{"@id":"https:\/\/inclusivenews.com.br\/#website"},"datePublished":"2009-06-27T12:20:10+00:00","breadcrumb":{"@id":"https:\/\/inclusivenews.com.br\/?p=8637#breadcrumb"},"inLanguage":"pt-PT","potentialAction":[{"@type":"ReadAction","target":["https:\/\/inclusivenews.com.br\/?p=8637"]}]},{"@type":"BreadcrumbList","@id":"https:\/\/inclusivenews.com.br\/?p=8637#breadcrumb","itemListElement":[{"@type":"ListItem","position":1,"name":"In\u00edcio","item":"https:\/\/inclusivenews.com.br\/"},{"@type":"ListItem","position":2,"name":"F\u00f3rum discute \u201cInclus\u00e3o, Dignidade e Participa\u00e7\u00e3o\u201d em V\u00e1rzea Grande"}]},{"@type":"WebSite","@id":"https:\/\/inclusivenews.com.br\/#website","url":"https:\/\/inclusivenews.com.br\/","name":"Inclusive News","description":"Inclusive News","publisher":{"@id":"https:\/\/inclusivenews.com.br\/#organization"},"potentialAction":[{"@type":"SearchAction","target":{"@type":"EntryPoint","urlTemplate":"https:\/\/inclusivenews.com.br\/?s={search_term_string}"},"query-input":{"@type":"PropertyValueSpecification","valueRequired":true,"valueName":"search_term_string"}}],"inLanguage":"pt-PT"},{"@type":"Organization","@id":"https:\/\/inclusivenews.com.br\/#organization","name":"Inclusive - inclus\u00e3o e cidadania","url":"https:\/\/inclusivenews.com.br\/","logo":{"@type":"ImageObject","inLanguage":"pt-PT","@id":"https:\/\/inclusivenews.com.br\/#\/schema\/logo\/image\/","url":"https:\/\/inclusivenews.com.br\/wp-content\/uploads\/2024\/03\/@grandesite.png","contentUrl":"https:\/\/inclusivenews.com.br\/wp-content\/uploads\/2024\/03\/@grandesite.png","width":1080,"height":1080,"caption":"Inclusive - inclus\u00e3o e cidadania"},"image":{"@id":"https:\/\/inclusivenews.com.br\/#\/schema\/logo\/image\/"},"sameAs":["https:\/\/www.facebook.com\/agenciainclusive\/","https:\/\/www.instagram.com\/newsinclusive\/"]},{"@type":"Person","@id":"https:\/\/inclusivenews.com.br\/#\/schema\/person\/0dab492019871b94abb65fa8ee7c8c44","name":"Inclusive","image":{"@type":"ImageObject","inLanguage":"pt-PT","@id":"https:\/\/secure.gravatar.com\/avatar\/?s=96&d=mm&r=g","url":"https:\/\/secure.gravatar.com\/avatar\/?s=96&d=mm&r=g","contentUrl":"https:\/\/secure.gravatar.com\/avatar\/?s=96&d=mm&r=g","caption":"Inclusive"},"url":"https:\/\/inclusivenews.com.br\/?author=2"}]}},"_links":{"self":[{"href":"https:\/\/inclusivenews.com.br\/index.php?rest_route=\/wp\/v2\/posts\/8637","targetHints":{"allow":["GET"]}}],"collection":[{"href":"https:\/\/inclusivenews.com.br\/index.php?rest_route=\/wp\/v2\/posts"}],"about":[{"href":"https:\/\/inclusivenews.com.br\/index.php?rest_route=\/wp\/v2\/types\/post"}],"author":[{"embeddable":true,"href":"https:\/\/inclusivenews.com.br\/index.php?rest_route=\/wp\/v2\/users\/2"}],"replies":[{"embeddable":true,"href":"https:\/\/inclusivenews.com.br\/index.php?rest_route=%2Fwp%2Fv2%2Fcomments&post=8637"}],"version-history":[{"count":0,"href":"https:\/\/inclusivenews.com.br\/index.php?rest_route=\/wp\/v2\/posts\/8637\/revisions"}],"wp:attachment":[{"href":"https:\/\/inclusivenews.com.br\/index.php?rest_route=%2Fwp%2Fv2%2Fmedia&parent=8637"}],"wp:term":[{"taxonomy":"category","embeddable":true,"href":"https:\/\/inclusivenews.com.br\/index.php?rest_route=%2Fwp%2Fv2%2Fcategories&post=8637"},{"taxonomy":"post_tag","embeddable":true,"href":"https:\/\/inclusivenews.com.br\/index.php?rest_route=%2Fwp%2Fv2%2Ftags&post=8637"}],"curies":[{"name":"wp","href":"https:\/\/api.w.org\/{rel}","templated":true}]}}