{"id":879,"date":"2008-08-12T11:26:41","date_gmt":"2008-08-12T11:26:41","guid":{"rendered":"http:\/\/agenciainclusive.wordpress.com\/?p=879"},"modified":"2008-08-12T11:26:41","modified_gmt":"2008-08-12T11:26:41","slug":"sp-deficiencia-e-autonomia-no-papo-inclusivo","status":"publish","type":"post","link":"https:\/\/inclusivenews.com.br\/?p=879","title":{"rendered":"SP &#8211; Defici\u00eancia e autonomia no Papo Inclusivo"},"content":{"rendered":"<p>XXVI   Papo Inclusivo<\/p>\n<p>O CEMUPI &#8211; Centro de Estudos Multidisciplinares Pr\u00f3 Inclus\u00e3o convida para o<br \/>\nXXV Papo Inclusivo discutindo autonomia e vida independente de pessoa com<br \/>\ndefici\u00eancia com o CVI (Centro de Vida Independente) Araci Nallin.<\/p>\n<p>&#8220;Papo  Inclusivo&#8221;  \u00e9 um encontro de  pessoas com defici\u00eancia, pais,<br \/>\nparentes, educadores, m\u00e9dicos e terapeutas ligados \u00e0 quest\u00e3o da defici\u00eancia<br \/>\ne \u00e0 Inclus\u00e3o, sobre temas como Sa\u00fade, Educa\u00e7\u00e3o, Comportamento, Trabalho e<br \/>\nLegisla\u00e7\u00e3o. A cada m\u00eas um convidado  fala sobre um tema espec\u00edfico e debate<br \/>\nesse assunto com os presentes. Essa apresenta\u00e7\u00e3o\/debate dura cerca de 1h30,<br \/>\num s\u00e1bado por m\u00eas, \u00e0 tarde e tem um car\u00e1ter bastante informal<\/p>\n<p>Defici\u00eancia e autonomia<br \/>\nData:  30 de Agosto  de 2008 &#8211; S\u00e1bado &#8211; 15h<br \/>\nLocal: Faculdade de Belas Artes  &#8211; Audit\u00f3rio Rafael Galvez Dazzani &#8211; R. Dr.<br \/>\n\u00c1lvaro Alvim, 90 &#8211; Vila Mariana &#8211; S\u00e3o Paulo (em frente \u00e0 ESPM)<br \/>\nFlavia Maria de Paiva Vital &#8211; Analista de Gest\u00e3o da CET\/SP, Diretora de<br \/>\nRela\u00e7\u00f5es Institucionais do CVI Araci Nallin.<\/p>\n<p>O CVI-AN foi fundado em 27 de abril de 1996, tendo por base os componentes<br \/>\ndo NID-N\u00facleo de Integra\u00e7\u00e3o de Deficientes, uma organiza\u00e7\u00e3o de car\u00e1ter<br \/>\nreivindicat\u00f3rio, formada por pessoas  com e sem defici\u00eancia que, desde  sua<br \/>\ncria\u00e7\u00e3o, em 1980, contribuiu ativamente para a constru\u00e7\u00e3o das pol\u00edticas<br \/>\nnacional, estadual e municipal referente \u00e0s pessoas com defici\u00eancia.  Em<br \/>\n1993, os membros do NID criaram o Grupo de Vida Independente para estudar o<br \/>\nconceito e a filosofia de vida independente. Em 1996, decidiram concretizar<br \/>\nseu aprendizado e fundaram o CVI-AN, que recebeu esse nome em homenagem a<br \/>\nAraci Nallin, uma das pioneiras do movimento em defesa dos direitos das<br \/>\npessoas deficientes e fundadora do NID.<\/p>\n<p>Inscri\u00e7\u00f5es gratuitas : <a rel=\"nofollow noopener\" href=\"http:\/\/br.f431.mail.yahoo.com\/ym\/Compose?To=inclusao%40gmail.com\" target=\"_blank\">inclusao@gmail. com<\/a><\/p>\n<p>Ser\u00e3o emitidos certificados de participa\u00e7\u00e3o.<br \/>\nVagas Limitadas<\/p>\n<p>Realiza\u00e7\u00e3o:<br \/>\nCEMUPI &#8211; Centro de Estudos Multidisciplinar Pr\u00f3-Inclus\u00e3o<\/p>\n<p>Pr\u00f3ximos encontros<br \/>\n27 de Setembro &#8211; G\u00e9ni F\u00e1vero &#8211; Cultura surda ou cultura com os surdos ?<br \/>\n25 de Outubro &#8211;  Jovens do Carpe Diem &#8211; MAPA &#8211; Montagem autodeterminada de<br \/>\nplano de a\u00e7\u00e3o<\/p>\n<p>CEMUPI Centro de Estudos Multidisciplinar Pr\u00f3-Inclus\u00e3o<br \/>\nInclus\u00e3o : ampla, geral e irrestrita<\/p>\n<p>O CEMUPI surge da necessidade de se congregar esfor\u00e7os e compet\u00eancias de<br \/>\npessoas de diferentes \u00e1reas do conhecimento, para planejar e executar<br \/>\nprojetos que visam \u00e0 transforma\u00e7\u00e3o das escolas, para que se tornem espa\u00e7os<br \/>\nabertos \u00e0s diferen\u00e7as.<\/p>\n<p>A inten\u00e7\u00e3o deste grupo \u00e9 de pesquisar as formas de elimina\u00e7\u00e3o das  barreiras<br \/>\neducacionais que excluem crian\u00e7as e jovens das nossas escolas, interrompendo<br \/>\nsuas trajet\u00f3rias escolares por motivos os mais diferentes, relacionados aos<br \/>\nprocessos de ensino e de aprendizagem.<\/p>\n<p>A cultura da diversidade vai nos permitir construir uma escola de qualidade,<br \/>\numa did\u00e1tica de qualidade e profissionais de qualidade. Todos teremos de<br \/>\naprender a \u201censinar a aprender\u201d. A cultura da diversidade \u00e9 um processo de<br \/>\naprendizagem permanente, onde TODOS devemos aprender a compartilhar novos<br \/>\nsignificados e novos comportamentos de rela\u00e7\u00f5es entre as pessoas. A cultura<br \/>\nda diversidade \u00e9 uma nova maneira de educar que parte do respeito \u00e0<br \/>\ndiversidade como valor.<\/p>\n<p>\u00c1REA TEM\u00c1TICA E PESQUISAS<\/p>\n<p>O CEMUPI  pertence \u00e0 Faculdade de Educa\u00e7\u00e3o do Centro Universit\u00e1rio Belas<br \/>\nArtes e passa a ter a co-gest\u00e3o do Grupo de Estudos Projeto Roma Brasil e<br \/>\ndos Papos Inclusivos do Grupo S\u00edndrome de Down.<\/p>\n<p>O Centro tem como objetivo desenvolver um modelo te\u00f3rico\/pr\u00e1tico de inclus\u00e3o<br \/>\nque possa ser usado pelas escolas, que n\u00e3o pretende  ser um livro de<br \/>\nreceitas , mas sim um plano de v\u00f4o que ajude a viabilizar efetivamente as<br \/>\npr\u00e1ticas educativas inclusivas.<\/p>\n<p>O grupo \u00e9 multidisciplinar formado por pessoas, nem todas vinculadas<br \/>\nprofissionalmente \u00e0 Educa\u00e7\u00e3o, mas preocupadas com o tema.<\/p>\n<p>As pesquisas desenvolvidas pelo grupo referem-se a :<\/p>\n<p>\u00de      Educa\u00e7\u00e3o para todos<br \/>\n\u00de      Forma\u00e7\u00e3o de Professores para a educa\u00e7\u00e3o inclusiva<br \/>\n\u00de      Transversalidade e educa\u00e7\u00e3o<\/p>\n<p>ATIVIDADES<br \/>\n\u00b7        desenvolvimento de projetos de pesquisa que possam ser aplicados em<br \/>\nescolas, institui\u00e7\u00f5es e organiza\u00e7\u00f5es que adotam princ\u00edpios inclusivos em<br \/>\nsuas \u00e1reas de atua\u00e7\u00e3o educacional e\/ou terap\u00eautica;<br \/>\n\u00b7        estudo sistem\u00e1tico e atualizado da literatura sobre ensino e<br \/>\ndiferen\u00e7as na educa\u00e7\u00e3o;<br \/>\n\u00b7        interc\u00e2mbios com centros nacionais e internacionais ligados \u00e0 \u00e1rea<br \/>\ntem\u00e1tica do CEMUPI;<br \/>\n\u00b7        integra\u00e7\u00e3o de conhecimentos sobre temas da \u00e1rea por meio conv\u00eanios<br \/>\nde coopera\u00e7\u00e3o t\u00e9cnico-cient\u00ed fica com institui\u00e7\u00f5es de pesquisa e de ensino<br \/>\nnacionais e internacionais;<br \/>\n\u00b7        organiza\u00e7\u00e3o de encontros, semin\u00e1rios, congressos cient\u00edficos;<br \/>\n\u00b7        constitui\u00e7\u00e3o de um acervo de trabalhos internos e externos ao<br \/>\nCEMUPI e publica\u00e7\u00e3o de produ\u00e7\u00f5es do CEMUPI em m\u00eddias especializadas.<\/p>\n","protected":false},"excerpt":{"rendered":"<p>XXVI Papo Inclusivo O CEMUPI &#8211; Centro de Estudos Multidisciplinares Pr\u00f3 Inclus\u00e3o convida para o XXV Papo Inclusivo discutindo autonomia e vida independente de pessoa com defici\u00eancia com o CVI (Centro de Vida Independente) Araci Nallin. &#8220;Papo Inclusivo&#8221; \u00e9 um encontro de pessoas com defici\u00eancia, pais, parentes, educadores, m\u00e9dicos e terapeutas ligados \u00e0 quest\u00e3o da [&hellip;]<\/p>\n","protected":false},"author":2,"featured_media":0,"comment_status":"open","ping_status":"open","sticky":false,"template":"","format":"standard","meta":{"site-container-style":"default","site-container-layout":"default","site-sidebar-layout":"default","disable-article-header":"default","disable-site-header":"default","disable-site-footer":"default","disable-content-area-spacing":"default","footnotes":""},"categories":[12],"tags":[],"class_list":["post-879","post","type-post","status-publish","format-standard","hentry","category-cursos-e-eventos"],"yoast_head":"<!-- This site is optimized with the Yoast SEO plugin v27.4 - https:\/\/yoast.com\/product\/yoast-seo-wordpress\/ -->\n<title>SP - Defici\u00eancia e autonomia no Papo Inclusivo -<\/title>\n<meta name=\"robots\" content=\"index, follow, max-snippet:-1, max-image-preview:large, max-video-preview:-1\" \/>\n<link rel=\"canonical\" href=\"https:\/\/inclusivenews.com.br\/?p=879\" \/>\n<meta property=\"og:locale\" content=\"pt_PT\" \/>\n<meta property=\"og:type\" content=\"article\" \/>\n<meta property=\"og:title\" content=\"SP - Defici\u00eancia e autonomia no Papo Inclusivo -\" \/>\n<meta property=\"og:description\" content=\"XXVI Papo Inclusivo O CEMUPI &#8211; Centro de Estudos Multidisciplinares Pr\u00f3 Inclus\u00e3o convida para o XXV Papo Inclusivo discutindo autonomia e vida independente de pessoa com defici\u00eancia com o CVI (Centro de Vida Independente) Araci Nallin. &#8220;Papo Inclusivo&#8221; \u00e9 um encontro de pessoas com defici\u00eancia, pais, parentes, educadores, m\u00e9dicos e terapeutas ligados \u00e0 quest\u00e3o da [&hellip;]\" \/>\n<meta property=\"og:url\" content=\"https:\/\/inclusivenews.com.br\/?p=879\" \/>\n<meta property=\"article:publisher\" content=\"https:\/\/www.facebook.com\/agenciainclusive\/\" \/>\n<meta property=\"article:published_time\" content=\"2008-08-12T11:26:41+00:00\" \/>\n<meta name=\"author\" content=\"Inclusive\" \/>\n<meta name=\"twitter:card\" content=\"summary_large_image\" \/>\n<meta name=\"twitter:label1\" content=\"Escrito por\" \/>\n\t<meta name=\"twitter:data1\" content=\"Inclusive\" \/>\n\t<meta name=\"twitter:label2\" content=\"Tempo estimado de leitura\" \/>\n\t<meta name=\"twitter:data2\" content=\"4 minutos\" \/>\n<script type=\"application\/ld+json\" class=\"yoast-schema-graph\">{\"@context\":\"https:\\\/\\\/schema.org\",\"@graph\":[{\"@type\":\"Article\",\"@id\":\"https:\\\/\\\/inclusivenews.com.br\\\/?p=879#article\",\"isPartOf\":{\"@id\":\"https:\\\/\\\/inclusivenews.com.br\\\/?p=879\"},\"author\":{\"name\":\"Inclusive\",\"@id\":\"https:\\\/\\\/inclusivenews.com.br\\\/#\\\/schema\\\/person\\\/0dab492019871b94abb65fa8ee7c8c44\"},\"headline\":\"SP &#8211; Defici\u00eancia e autonomia no Papo Inclusivo\",\"datePublished\":\"2008-08-12T11:26:41+00:00\",\"mainEntityOfPage\":{\"@id\":\"https:\\\/\\\/inclusivenews.com.br\\\/?p=879\"},\"wordCount\":785,\"commentCount\":0,\"publisher\":{\"@id\":\"https:\\\/\\\/inclusivenews.com.br\\\/#organization\"},\"articleSection\":[\"Cursos e eventos\"],\"inLanguage\":\"pt-PT\",\"potentialAction\":[{\"@type\":\"CommentAction\",\"name\":\"Comment\",\"target\":[\"https:\\\/\\\/inclusivenews.com.br\\\/?p=879#respond\"]}]},{\"@type\":\"WebPage\",\"@id\":\"https:\\\/\\\/inclusivenews.com.br\\\/?p=879\",\"url\":\"https:\\\/\\\/inclusivenews.com.br\\\/?p=879\",\"name\":\"SP - Defici\u00eancia e autonomia no Papo Inclusivo -\",\"isPartOf\":{\"@id\":\"https:\\\/\\\/inclusivenews.com.br\\\/#website\"},\"datePublished\":\"2008-08-12T11:26:41+00:00\",\"breadcrumb\":{\"@id\":\"https:\\\/\\\/inclusivenews.com.br\\\/?p=879#breadcrumb\"},\"inLanguage\":\"pt-PT\",\"potentialAction\":[{\"@type\":\"ReadAction\",\"target\":[\"https:\\\/\\\/inclusivenews.com.br\\\/?p=879\"]}]},{\"@type\":\"BreadcrumbList\",\"@id\":\"https:\\\/\\\/inclusivenews.com.br\\\/?p=879#breadcrumb\",\"itemListElement\":[{\"@type\":\"ListItem\",\"position\":1,\"name\":\"In\u00edcio\",\"item\":\"https:\\\/\\\/inclusivenews.com.br\\\/\"},{\"@type\":\"ListItem\",\"position\":2,\"name\":\"SP &#8211; Defici\u00eancia e autonomia no Papo Inclusivo\"}]},{\"@type\":\"WebSite\",\"@id\":\"https:\\\/\\\/inclusivenews.com.br\\\/#website\",\"url\":\"https:\\\/\\\/inclusivenews.com.br\\\/\",\"name\":\"Inclusive News\",\"description\":\"Inclusive News\",\"publisher\":{\"@id\":\"https:\\\/\\\/inclusivenews.com.br\\\/#organization\"},\"potentialAction\":[{\"@type\":\"SearchAction\",\"target\":{\"@type\":\"EntryPoint\",\"urlTemplate\":\"https:\\\/\\\/inclusivenews.com.br\\\/?s={search_term_string}\"},\"query-input\":{\"@type\":\"PropertyValueSpecification\",\"valueRequired\":true,\"valueName\":\"search_term_string\"}}],\"inLanguage\":\"pt-PT\"},{\"@type\":\"Organization\",\"@id\":\"https:\\\/\\\/inclusivenews.com.br\\\/#organization\",\"name\":\"Inclusive - inclus\u00e3o e cidadania\",\"url\":\"https:\\\/\\\/inclusivenews.com.br\\\/\",\"logo\":{\"@type\":\"ImageObject\",\"inLanguage\":\"pt-PT\",\"@id\":\"https:\\\/\\\/inclusivenews.com.br\\\/#\\\/schema\\\/logo\\\/image\\\/\",\"url\":\"https:\\\/\\\/inclusivenews.com.br\\\/wp-content\\\/uploads\\\/2024\\\/03\\\/@grandesite.png\",\"contentUrl\":\"https:\\\/\\\/inclusivenews.com.br\\\/wp-content\\\/uploads\\\/2024\\\/03\\\/@grandesite.png\",\"width\":1080,\"height\":1080,\"caption\":\"Inclusive - inclus\u00e3o e cidadania\"},\"image\":{\"@id\":\"https:\\\/\\\/inclusivenews.com.br\\\/#\\\/schema\\\/logo\\\/image\\\/\"},\"sameAs\":[\"https:\\\/\\\/www.facebook.com\\\/agenciainclusive\\\/\",\"https:\\\/\\\/www.instagram.com\\\/newsinclusive\\\/\"]},{\"@type\":\"Person\",\"@id\":\"https:\\\/\\\/inclusivenews.com.br\\\/#\\\/schema\\\/person\\\/0dab492019871b94abb65fa8ee7c8c44\",\"name\":\"Inclusive\",\"image\":{\"@type\":\"ImageObject\",\"inLanguage\":\"pt-PT\",\"@id\":\"https:\\\/\\\/secure.gravatar.com\\\/avatar\\\/?s=96&d=mm&r=g\",\"url\":\"https:\\\/\\\/secure.gravatar.com\\\/avatar\\\/?s=96&d=mm&r=g\",\"contentUrl\":\"https:\\\/\\\/secure.gravatar.com\\\/avatar\\\/?s=96&d=mm&r=g\",\"caption\":\"Inclusive\"},\"url\":\"https:\\\/\\\/inclusivenews.com.br\\\/?author=2\"}]}<\/script>\n<!-- \/ Yoast SEO plugin. -->","yoast_head_json":{"title":"SP - Defici\u00eancia e autonomia no Papo Inclusivo -","robots":{"index":"index","follow":"follow","max-snippet":"max-snippet:-1","max-image-preview":"max-image-preview:large","max-video-preview":"max-video-preview:-1"},"canonical":"https:\/\/inclusivenews.com.br\/?p=879","og_locale":"pt_PT","og_type":"article","og_title":"SP - Defici\u00eancia e autonomia no Papo Inclusivo -","og_description":"XXVI Papo Inclusivo O CEMUPI &#8211; Centro de Estudos Multidisciplinares Pr\u00f3 Inclus\u00e3o convida para o XXV Papo Inclusivo discutindo autonomia e vida independente de pessoa com defici\u00eancia com o CVI (Centro de Vida Independente) Araci Nallin. &#8220;Papo Inclusivo&#8221; \u00e9 um encontro de pessoas com defici\u00eancia, pais, parentes, educadores, m\u00e9dicos e terapeutas ligados \u00e0 quest\u00e3o da [&hellip;]","og_url":"https:\/\/inclusivenews.com.br\/?p=879","article_publisher":"https:\/\/www.facebook.com\/agenciainclusive\/","article_published_time":"2008-08-12T11:26:41+00:00","author":"Inclusive","twitter_card":"summary_large_image","twitter_misc":{"Escrito por":"Inclusive","Tempo estimado de leitura":"4 minutos"},"schema":{"@context":"https:\/\/schema.org","@graph":[{"@type":"Article","@id":"https:\/\/inclusivenews.com.br\/?p=879#article","isPartOf":{"@id":"https:\/\/inclusivenews.com.br\/?p=879"},"author":{"name":"Inclusive","@id":"https:\/\/inclusivenews.com.br\/#\/schema\/person\/0dab492019871b94abb65fa8ee7c8c44"},"headline":"SP &#8211; Defici\u00eancia e autonomia no Papo Inclusivo","datePublished":"2008-08-12T11:26:41+00:00","mainEntityOfPage":{"@id":"https:\/\/inclusivenews.com.br\/?p=879"},"wordCount":785,"commentCount":0,"publisher":{"@id":"https:\/\/inclusivenews.com.br\/#organization"},"articleSection":["Cursos e eventos"],"inLanguage":"pt-PT","potentialAction":[{"@type":"CommentAction","name":"Comment","target":["https:\/\/inclusivenews.com.br\/?p=879#respond"]}]},{"@type":"WebPage","@id":"https:\/\/inclusivenews.com.br\/?p=879","url":"https:\/\/inclusivenews.com.br\/?p=879","name":"SP - Defici\u00eancia e autonomia no Papo Inclusivo -","isPartOf":{"@id":"https:\/\/inclusivenews.com.br\/#website"},"datePublished":"2008-08-12T11:26:41+00:00","breadcrumb":{"@id":"https:\/\/inclusivenews.com.br\/?p=879#breadcrumb"},"inLanguage":"pt-PT","potentialAction":[{"@type":"ReadAction","target":["https:\/\/inclusivenews.com.br\/?p=879"]}]},{"@type":"BreadcrumbList","@id":"https:\/\/inclusivenews.com.br\/?p=879#breadcrumb","itemListElement":[{"@type":"ListItem","position":1,"name":"In\u00edcio","item":"https:\/\/inclusivenews.com.br\/"},{"@type":"ListItem","position":2,"name":"SP &#8211; Defici\u00eancia e autonomia no Papo Inclusivo"}]},{"@type":"WebSite","@id":"https:\/\/inclusivenews.com.br\/#website","url":"https:\/\/inclusivenews.com.br\/","name":"Inclusive News","description":"Inclusive News","publisher":{"@id":"https:\/\/inclusivenews.com.br\/#organization"},"potentialAction":[{"@type":"SearchAction","target":{"@type":"EntryPoint","urlTemplate":"https:\/\/inclusivenews.com.br\/?s={search_term_string}"},"query-input":{"@type":"PropertyValueSpecification","valueRequired":true,"valueName":"search_term_string"}}],"inLanguage":"pt-PT"},{"@type":"Organization","@id":"https:\/\/inclusivenews.com.br\/#organization","name":"Inclusive - inclus\u00e3o e cidadania","url":"https:\/\/inclusivenews.com.br\/","logo":{"@type":"ImageObject","inLanguage":"pt-PT","@id":"https:\/\/inclusivenews.com.br\/#\/schema\/logo\/image\/","url":"https:\/\/inclusivenews.com.br\/wp-content\/uploads\/2024\/03\/@grandesite.png","contentUrl":"https:\/\/inclusivenews.com.br\/wp-content\/uploads\/2024\/03\/@grandesite.png","width":1080,"height":1080,"caption":"Inclusive - inclus\u00e3o e cidadania"},"image":{"@id":"https:\/\/inclusivenews.com.br\/#\/schema\/logo\/image\/"},"sameAs":["https:\/\/www.facebook.com\/agenciainclusive\/","https:\/\/www.instagram.com\/newsinclusive\/"]},{"@type":"Person","@id":"https:\/\/inclusivenews.com.br\/#\/schema\/person\/0dab492019871b94abb65fa8ee7c8c44","name":"Inclusive","image":{"@type":"ImageObject","inLanguage":"pt-PT","@id":"https:\/\/secure.gravatar.com\/avatar\/?s=96&d=mm&r=g","url":"https:\/\/secure.gravatar.com\/avatar\/?s=96&d=mm&r=g","contentUrl":"https:\/\/secure.gravatar.com\/avatar\/?s=96&d=mm&r=g","caption":"Inclusive"},"url":"https:\/\/inclusivenews.com.br\/?author=2"}]}},"_links":{"self":[{"href":"https:\/\/inclusivenews.com.br\/index.php?rest_route=\/wp\/v2\/posts\/879","targetHints":{"allow":["GET"]}}],"collection":[{"href":"https:\/\/inclusivenews.com.br\/index.php?rest_route=\/wp\/v2\/posts"}],"about":[{"href":"https:\/\/inclusivenews.com.br\/index.php?rest_route=\/wp\/v2\/types\/post"}],"author":[{"embeddable":true,"href":"https:\/\/inclusivenews.com.br\/index.php?rest_route=\/wp\/v2\/users\/2"}],"replies":[{"embeddable":true,"href":"https:\/\/inclusivenews.com.br\/index.php?rest_route=%2Fwp%2Fv2%2Fcomments&post=879"}],"version-history":[{"count":0,"href":"https:\/\/inclusivenews.com.br\/index.php?rest_route=\/wp\/v2\/posts\/879\/revisions"}],"wp:attachment":[{"href":"https:\/\/inclusivenews.com.br\/index.php?rest_route=%2Fwp%2Fv2%2Fmedia&parent=879"}],"wp:term":[{"taxonomy":"category","embeddable":true,"href":"https:\/\/inclusivenews.com.br\/index.php?rest_route=%2Fwp%2Fv2%2Fcategories&post=879"},{"taxonomy":"post_tag","embeddable":true,"href":"https:\/\/inclusivenews.com.br\/index.php?rest_route=%2Fwp%2Fv2%2Ftags&post=879"}],"curies":[{"name":"wp","href":"https:\/\/api.w.org\/{rel}","templated":true}]}}