{"id":936,"date":"2008-08-15T12:10:19","date_gmt":"2008-08-15T12:10:19","guid":{"rendered":"http:\/\/agenciainclusive.wordpress.com\/?p=936"},"modified":"2008-08-15T12:10:19","modified_gmt":"2008-08-15T12:10:19","slug":"campanha-contra-o-uso-da-palavra-r","status":"publish","type":"post","link":"https:\/\/inclusivenews.com.br\/?p=936","title":{"rendered":"Campanha contra o uso da palavra R&#8230;"},"content":{"rendered":"<p align=\"left\">Will Schermerhorn, da Blueberry Shoes Productions, fez um video para contrapor o blockbuster Tropic Storm, que apresenta a palavra &#8220;r&#8230;&#8221;de forma depreciativa, o que pode ser usado para ofender pessoas com deficiencia intelectual. Veja o video no link abaixo e acompanhe a tradu\u00e7\u00e3o.<\/p>\n<p align=\"left\"><a href=\"http:\/\/www.youtube.com\/watch?v=gM96e0yWjhI\">http:\/\/www.youtube.com\/watch?v=gM96e0yWjhI<\/a><\/p>\n<p align=\"left\">Tradu\u00e7\u00e3o e descri\u00e7\u00e3o<\/p>\n<p align=\"left\">M\u00fasica suave de fundo em viol\u00e3o<\/p>\n<p align=\"left\">(Foto de pequena menina com s\u00edndrome de Down)<\/p>\n<p align=\"left\">Texto &#8211; Quando voc\u00ea pode me chamar bonita<\/p>\n<p align=\"left\">(Foto de mo\u00e7a jovem e homem em estudio de r\u00e1dio)<\/p>\n<p align=\"left\">Texto &#8211; Quando voc\u00ea pode me chamar colega<\/p>\n<p align=\"left\">(Foto de menino com s\u00edndrome de Down tocando gaita)<\/p>\n<p align=\"left\">Texto &#8211; Quando voc\u00ea pode me chamar m\u00fasico<\/p>\n<p align=\"left\">(Foto de menino com s\u00edndrome de Down jogando baseball)<\/p>\n<p align=\"left\">Texto &#8211; Quando voc\u00ea pode me chamar de companheiro de time<\/p>\n<p align=\"left\">(Foto de mulher com adolescente com s\u00edndrome de Down)<\/p>\n<p align=\"left\">Texto &#8211; Quando voc\u00ea pode me chamr de amiga<\/p>\n<p align=\"left\">(Foto de menina com s\u00edndrome de Down sorrindo, de \u00f3culos e trancinha)<\/p>\n<p align=\"left\">Texto &#8211; Por que&#8230;<\/p>\n<p align=\"left\">(Foto de homem negro com s\u00edndrome de Down sorrindo)<\/p>\n<p align=\"left\">Texto &#8211; &#8230; voc\u00ea &#8230;<\/p>\n<p align=\"left\">(Foto de duas meninas, uma com s\u00edndrome de Down, outra sem, com roupa de animadora de torcida)<\/p>\n<p align=\"left\">Texto &#8211; &#8230; jamais&#8230;<\/p>\n<p align=\"left\">(Foto de homem sentado num palco acompanhando um show de rock)<\/p>\n<p align=\"left\">Texto &#8211; &#8230;me chamaria&#8230;<\/p>\n<p align=\"left\">(Foto de rapaz negro com s\u00edndrome de Down soprando bolhas de sab\u00e3o)<\/p>\n<p align=\"left\">Texto &#8211; &#8230; de outra coisa&#8230;<\/p>\n<p align=\"left\">(Foto de rapaz e mo\u00e7a sorrindo)<\/p>\n<p align=\"left\">Texto &#8211; &#8230; qualquer.<\/p>\n<p align=\"left\">(Em fundo preto, letras grandes azuis)<\/p>\n<p align=\"left\">Texto &#8211; Pessoas com defici\u00eancia intelectual&#8230;<\/p>\n<p align=\"left\">Texto &#8211; &#8230; merecem apenas uma palavra que come\u00e7a com R.<\/p>\n<p align=\"left\">Texto &#8211; Respeito.<\/p>\n<p align=\"left\">(Volume da m\u00fasica vai diminuindo).<\/p>\n<p align=\"left\">Este video pode ser baixado e usado livremente, inclusive postado em sites e blogs. Para faz\u00ea-lo, entre no link abaixo<\/p>\n<p align=\"left\"><a href=\"http:\/\/www.blueberryshoes.com\/psa\/index.html\">http:\/\/www.blueberryshoes.com\/psa\/index.html<\/a><\/p>\n<p align=\"left\">A Blueberryshoes produz excelentes videos sobre s\u00edndrome de Down<\/p>\n<p align=\"left\"><a href=\"http:\/\/www.blueberryshoes.com\/\">http:\/\/www.blueberryshoes.com\/<\/a><\/p>\n<p align=\"left\">\n<p align=\"left\">\n","protected":false},"excerpt":{"rendered":"<p>Will Schermerhorn, da Blueberry Shoes Productions, fez um video para contrapor o blockbuster Tropic Storm, que apresenta a palavra &#8220;r&#8230;&#8221;de forma depreciativa, o que pode ser usado para ofender pessoas com deficiencia intelectual. Veja o video no link abaixo e acompanhe a tradu\u00e7\u00e3o. http:\/\/www.youtube.com\/watch?v=gM96e0yWjhI Tradu\u00e7\u00e3o e descri\u00e7\u00e3o M\u00fasica suave de fundo em viol\u00e3o (Foto de [&hellip;]<\/p>\n","protected":false},"author":2,"featured_media":0,"comment_status":"open","ping_status":"open","sticky":false,"template":"","format":"standard","meta":{"site-container-style":"default","site-container-layout":"default","site-sidebar-layout":"default","disable-article-header":"default","disable-site-header":"default","disable-site-footer":"default","disable-content-area-spacing":"default","footnotes":""},"categories":[4],"tags":[],"class_list":["post-936","post","type-post","status-publish","format-standard","hentry","category-noticias"],"yoast_head":"<!-- This site is optimized with the Yoast SEO plugin v27.4 - https:\/\/yoast.com\/product\/yoast-seo-wordpress\/ -->\n<title>Campanha contra o uso da palavra R... -<\/title>\n<meta name=\"robots\" content=\"index, follow, max-snippet:-1, max-image-preview:large, max-video-preview:-1\" \/>\n<link rel=\"canonical\" href=\"https:\/\/inclusivenews.com.br\/?p=936\" \/>\n<meta property=\"og:locale\" content=\"pt_PT\" \/>\n<meta property=\"og:type\" content=\"article\" \/>\n<meta property=\"og:title\" content=\"Campanha contra o uso da palavra R... -\" \/>\n<meta property=\"og:description\" content=\"Will Schermerhorn, da Blueberry Shoes Productions, fez um video para contrapor o blockbuster Tropic Storm, que apresenta a palavra &#8220;r&#8230;&#8221;de forma depreciativa, o que pode ser usado para ofender pessoas com deficiencia intelectual. Veja o video no link abaixo e acompanhe a tradu\u00e7\u00e3o. http:\/\/www.youtube.com\/watch?v=gM96e0yWjhI Tradu\u00e7\u00e3o e descri\u00e7\u00e3o M\u00fasica suave de fundo em viol\u00e3o (Foto de [&hellip;]\" \/>\n<meta property=\"og:url\" content=\"https:\/\/inclusivenews.com.br\/?p=936\" \/>\n<meta property=\"article:publisher\" content=\"https:\/\/www.facebook.com\/agenciainclusive\/\" \/>\n<meta property=\"article:published_time\" content=\"2008-08-15T12:10:19+00:00\" \/>\n<meta name=\"author\" content=\"Inclusive\" \/>\n<meta name=\"twitter:card\" content=\"summary_large_image\" \/>\n<meta name=\"twitter:label1\" content=\"Escrito por\" \/>\n\t<meta name=\"twitter:data1\" content=\"Inclusive\" \/>\n\t<meta name=\"twitter:label2\" content=\"Tempo estimado de leitura\" \/>\n\t<meta name=\"twitter:data2\" content=\"2 minutos\" \/>\n<script type=\"application\/ld+json\" class=\"yoast-schema-graph\">{\"@context\":\"https:\\\/\\\/schema.org\",\"@graph\":[{\"@type\":\"Article\",\"@id\":\"https:\\\/\\\/inclusivenews.com.br\\\/?p=936#article\",\"isPartOf\":{\"@id\":\"https:\\\/\\\/inclusivenews.com.br\\\/?p=936\"},\"author\":{\"name\":\"Inclusive\",\"@id\":\"https:\\\/\\\/inclusivenews.com.br\\\/#\\\/schema\\\/person\\\/0dab492019871b94abb65fa8ee7c8c44\"},\"headline\":\"Campanha contra o uso da palavra R&#8230;\",\"datePublished\":\"2008-08-15T12:10:19+00:00\",\"mainEntityOfPage\":{\"@id\":\"https:\\\/\\\/inclusivenews.com.br\\\/?p=936\"},\"wordCount\":340,\"commentCount\":0,\"publisher\":{\"@id\":\"https:\\\/\\\/inclusivenews.com.br\\\/#organization\"},\"articleSection\":[\"NOT\u00cdCIAS\"],\"inLanguage\":\"pt-PT\",\"potentialAction\":[{\"@type\":\"CommentAction\",\"name\":\"Comment\",\"target\":[\"https:\\\/\\\/inclusivenews.com.br\\\/?p=936#respond\"]}]},{\"@type\":\"WebPage\",\"@id\":\"https:\\\/\\\/inclusivenews.com.br\\\/?p=936\",\"url\":\"https:\\\/\\\/inclusivenews.com.br\\\/?p=936\",\"name\":\"Campanha contra o uso da palavra R... -\",\"isPartOf\":{\"@id\":\"https:\\\/\\\/inclusivenews.com.br\\\/#website\"},\"datePublished\":\"2008-08-15T12:10:19+00:00\",\"breadcrumb\":{\"@id\":\"https:\\\/\\\/inclusivenews.com.br\\\/?p=936#breadcrumb\"},\"inLanguage\":\"pt-PT\",\"potentialAction\":[{\"@type\":\"ReadAction\",\"target\":[\"https:\\\/\\\/inclusivenews.com.br\\\/?p=936\"]}]},{\"@type\":\"BreadcrumbList\",\"@id\":\"https:\\\/\\\/inclusivenews.com.br\\\/?p=936#breadcrumb\",\"itemListElement\":[{\"@type\":\"ListItem\",\"position\":1,\"name\":\"In\u00edcio\",\"item\":\"https:\\\/\\\/inclusivenews.com.br\\\/\"},{\"@type\":\"ListItem\",\"position\":2,\"name\":\"Campanha contra o uso da palavra R&#8230;\"}]},{\"@type\":\"WebSite\",\"@id\":\"https:\\\/\\\/inclusivenews.com.br\\\/#website\",\"url\":\"https:\\\/\\\/inclusivenews.com.br\\\/\",\"name\":\"Inclusive News\",\"description\":\"Inclusive News\",\"publisher\":{\"@id\":\"https:\\\/\\\/inclusivenews.com.br\\\/#organization\"},\"potentialAction\":[{\"@type\":\"SearchAction\",\"target\":{\"@type\":\"EntryPoint\",\"urlTemplate\":\"https:\\\/\\\/inclusivenews.com.br\\\/?s={search_term_string}\"},\"query-input\":{\"@type\":\"PropertyValueSpecification\",\"valueRequired\":true,\"valueName\":\"search_term_string\"}}],\"inLanguage\":\"pt-PT\"},{\"@type\":\"Organization\",\"@id\":\"https:\\\/\\\/inclusivenews.com.br\\\/#organization\",\"name\":\"Inclusive - inclus\u00e3o e cidadania\",\"url\":\"https:\\\/\\\/inclusivenews.com.br\\\/\",\"logo\":{\"@type\":\"ImageObject\",\"inLanguage\":\"pt-PT\",\"@id\":\"https:\\\/\\\/inclusivenews.com.br\\\/#\\\/schema\\\/logo\\\/image\\\/\",\"url\":\"https:\\\/\\\/inclusivenews.com.br\\\/wp-content\\\/uploads\\\/2024\\\/03\\\/@grandesite.png\",\"contentUrl\":\"https:\\\/\\\/inclusivenews.com.br\\\/wp-content\\\/uploads\\\/2024\\\/03\\\/@grandesite.png\",\"width\":1080,\"height\":1080,\"caption\":\"Inclusive - inclus\u00e3o e cidadania\"},\"image\":{\"@id\":\"https:\\\/\\\/inclusivenews.com.br\\\/#\\\/schema\\\/logo\\\/image\\\/\"},\"sameAs\":[\"https:\\\/\\\/www.facebook.com\\\/agenciainclusive\\\/\",\"https:\\\/\\\/www.instagram.com\\\/newsinclusive\\\/\"]},{\"@type\":\"Person\",\"@id\":\"https:\\\/\\\/inclusivenews.com.br\\\/#\\\/schema\\\/person\\\/0dab492019871b94abb65fa8ee7c8c44\",\"name\":\"Inclusive\",\"image\":{\"@type\":\"ImageObject\",\"inLanguage\":\"pt-PT\",\"@id\":\"https:\\\/\\\/secure.gravatar.com\\\/avatar\\\/?s=96&d=mm&r=g\",\"url\":\"https:\\\/\\\/secure.gravatar.com\\\/avatar\\\/?s=96&d=mm&r=g\",\"contentUrl\":\"https:\\\/\\\/secure.gravatar.com\\\/avatar\\\/?s=96&d=mm&r=g\",\"caption\":\"Inclusive\"},\"url\":\"https:\\\/\\\/inclusivenews.com.br\\\/?author=2\"}]}<\/script>\n<!-- \/ Yoast SEO plugin. -->","yoast_head_json":{"title":"Campanha contra o uso da palavra R... -","robots":{"index":"index","follow":"follow","max-snippet":"max-snippet:-1","max-image-preview":"max-image-preview:large","max-video-preview":"max-video-preview:-1"},"canonical":"https:\/\/inclusivenews.com.br\/?p=936","og_locale":"pt_PT","og_type":"article","og_title":"Campanha contra o uso da palavra R... -","og_description":"Will Schermerhorn, da Blueberry Shoes Productions, fez um video para contrapor o blockbuster Tropic Storm, que apresenta a palavra &#8220;r&#8230;&#8221;de forma depreciativa, o que pode ser usado para ofender pessoas com deficiencia intelectual. Veja o video no link abaixo e acompanhe a tradu\u00e7\u00e3o. http:\/\/www.youtube.com\/watch?v=gM96e0yWjhI Tradu\u00e7\u00e3o e descri\u00e7\u00e3o M\u00fasica suave de fundo em viol\u00e3o (Foto de [&hellip;]","og_url":"https:\/\/inclusivenews.com.br\/?p=936","article_publisher":"https:\/\/www.facebook.com\/agenciainclusive\/","article_published_time":"2008-08-15T12:10:19+00:00","author":"Inclusive","twitter_card":"summary_large_image","twitter_misc":{"Escrito por":"Inclusive","Tempo estimado de leitura":"2 minutos"},"schema":{"@context":"https:\/\/schema.org","@graph":[{"@type":"Article","@id":"https:\/\/inclusivenews.com.br\/?p=936#article","isPartOf":{"@id":"https:\/\/inclusivenews.com.br\/?p=936"},"author":{"name":"Inclusive","@id":"https:\/\/inclusivenews.com.br\/#\/schema\/person\/0dab492019871b94abb65fa8ee7c8c44"},"headline":"Campanha contra o uso da palavra R&#8230;","datePublished":"2008-08-15T12:10:19+00:00","mainEntityOfPage":{"@id":"https:\/\/inclusivenews.com.br\/?p=936"},"wordCount":340,"commentCount":0,"publisher":{"@id":"https:\/\/inclusivenews.com.br\/#organization"},"articleSection":["NOT\u00cdCIAS"],"inLanguage":"pt-PT","potentialAction":[{"@type":"CommentAction","name":"Comment","target":["https:\/\/inclusivenews.com.br\/?p=936#respond"]}]},{"@type":"WebPage","@id":"https:\/\/inclusivenews.com.br\/?p=936","url":"https:\/\/inclusivenews.com.br\/?p=936","name":"Campanha contra o uso da palavra R... -","isPartOf":{"@id":"https:\/\/inclusivenews.com.br\/#website"},"datePublished":"2008-08-15T12:10:19+00:00","breadcrumb":{"@id":"https:\/\/inclusivenews.com.br\/?p=936#breadcrumb"},"inLanguage":"pt-PT","potentialAction":[{"@type":"ReadAction","target":["https:\/\/inclusivenews.com.br\/?p=936"]}]},{"@type":"BreadcrumbList","@id":"https:\/\/inclusivenews.com.br\/?p=936#breadcrumb","itemListElement":[{"@type":"ListItem","position":1,"name":"In\u00edcio","item":"https:\/\/inclusivenews.com.br\/"},{"@type":"ListItem","position":2,"name":"Campanha contra o uso da palavra R&#8230;"}]},{"@type":"WebSite","@id":"https:\/\/inclusivenews.com.br\/#website","url":"https:\/\/inclusivenews.com.br\/","name":"Inclusive News","description":"Inclusive News","publisher":{"@id":"https:\/\/inclusivenews.com.br\/#organization"},"potentialAction":[{"@type":"SearchAction","target":{"@type":"EntryPoint","urlTemplate":"https:\/\/inclusivenews.com.br\/?s={search_term_string}"},"query-input":{"@type":"PropertyValueSpecification","valueRequired":true,"valueName":"search_term_string"}}],"inLanguage":"pt-PT"},{"@type":"Organization","@id":"https:\/\/inclusivenews.com.br\/#organization","name":"Inclusive - inclus\u00e3o e cidadania","url":"https:\/\/inclusivenews.com.br\/","logo":{"@type":"ImageObject","inLanguage":"pt-PT","@id":"https:\/\/inclusivenews.com.br\/#\/schema\/logo\/image\/","url":"https:\/\/inclusivenews.com.br\/wp-content\/uploads\/2024\/03\/@grandesite.png","contentUrl":"https:\/\/inclusivenews.com.br\/wp-content\/uploads\/2024\/03\/@grandesite.png","width":1080,"height":1080,"caption":"Inclusive - inclus\u00e3o e cidadania"},"image":{"@id":"https:\/\/inclusivenews.com.br\/#\/schema\/logo\/image\/"},"sameAs":["https:\/\/www.facebook.com\/agenciainclusive\/","https:\/\/www.instagram.com\/newsinclusive\/"]},{"@type":"Person","@id":"https:\/\/inclusivenews.com.br\/#\/schema\/person\/0dab492019871b94abb65fa8ee7c8c44","name":"Inclusive","image":{"@type":"ImageObject","inLanguage":"pt-PT","@id":"https:\/\/secure.gravatar.com\/avatar\/?s=96&d=mm&r=g","url":"https:\/\/secure.gravatar.com\/avatar\/?s=96&d=mm&r=g","contentUrl":"https:\/\/secure.gravatar.com\/avatar\/?s=96&d=mm&r=g","caption":"Inclusive"},"url":"https:\/\/inclusivenews.com.br\/?author=2"}]}},"_links":{"self":[{"href":"https:\/\/inclusivenews.com.br\/index.php?rest_route=\/wp\/v2\/posts\/936","targetHints":{"allow":["GET"]}}],"collection":[{"href":"https:\/\/inclusivenews.com.br\/index.php?rest_route=\/wp\/v2\/posts"}],"about":[{"href":"https:\/\/inclusivenews.com.br\/index.php?rest_route=\/wp\/v2\/types\/post"}],"author":[{"embeddable":true,"href":"https:\/\/inclusivenews.com.br\/index.php?rest_route=\/wp\/v2\/users\/2"}],"replies":[{"embeddable":true,"href":"https:\/\/inclusivenews.com.br\/index.php?rest_route=%2Fwp%2Fv2%2Fcomments&post=936"}],"version-history":[{"count":0,"href":"https:\/\/inclusivenews.com.br\/index.php?rest_route=\/wp\/v2\/posts\/936\/revisions"}],"wp:attachment":[{"href":"https:\/\/inclusivenews.com.br\/index.php?rest_route=%2Fwp%2Fv2%2Fmedia&parent=936"}],"wp:term":[{"taxonomy":"category","embeddable":true,"href":"https:\/\/inclusivenews.com.br\/index.php?rest_route=%2Fwp%2Fv2%2Fcategories&post=936"},{"taxonomy":"post_tag","embeddable":true,"href":"https:\/\/inclusivenews.com.br\/index.php?rest_route=%2Fwp%2Fv2%2Ftags&post=936"}],"curies":[{"name":"wp","href":"https:\/\/api.w.org\/{rel}","templated":true}]}}